{"id":216685,"date":"2026-01-19T05:02:02","date_gmt":"2026-01-19T05:02:02","guid":{"rendered":"https:\/\/practicapadel.com\/padel-artikler\/juan-tello-on-new-beginnings-and-tough-choices-in-pro-padel\/"},"modified":"2026-01-19T05:08:48","modified_gmt":"2026-01-19T05:08:48","slug":"juan-tello-nye-begyndelser-svaere-valg-pro-padel","status":"publish","type":"post","link":"https:\/\/practicapadel.com\/da\/pro-player-interviews-2\/juan-tello-nye-begyndelser-svaere-valg-pro-padel\/","title":{"rendered":"Juan Tello om nye begyndelser og sv\u00e6re valg i professionel padel"},"content":{"rendered":"<h2>Juan Tello reflekterer over et udfordrende \u00e5r og partnerskabs\u00e6ndringer<\/h2>\n<p>Anmelderen fra the4Set s\u00e6tter sig ned med <strong>Juan \u201cEl Gato\u201d Tello<\/strong> for at tale om en turbulent periode i hans professionelle padelkarriere, med fokus p\u00e5 hans nylige partnerskab med <strong>Tino Libaak<\/strong> og det efterf\u00f8lgende brud. Tello deler \u00e5bent, at det forgangne \u00e5r var et af de sv\u00e6reste, pr\u00e6get af manglende selvtillid og vanskeligheder b\u00e5de p\u00e5 og uden for banen. Han forklarer, at han trods sine anstrengelser havde sv\u00e6rt ved at finde harmoni med sin makker, hvilket p\u00e5virkede hans trivsel og pr\u00e6station.<\/p>\n<p>Tello understreger vigtigheden af daglig tr\u00e6ning og sportens mentale aspekt. Han beskriver, hvordan manglende \u201ckemi\u201d med makkeren f\u00f8rte til tvivl og et markant dyk i formen. Hverdagen, mere end selve turneringerne, blev en kilde til frustration og selvransagelse.<\/p>\n<h2>Sp\u00e6ndingen og l\u00f8ftet ved at danne par med Tino Libaak<\/h2>\n<p>Da Tello f\u00f8rst slog sig sammen med <strong>Tino Libaak<\/strong>, var han fyldt med optimisme. Han fremh\u00e6ver Libaaks bem\u00e6rkelsesv\u00e6rdige potentiale og bem\u00e6rker, at Libaak allerede som <strong>19-\u00e5rig<\/strong> besad de f\u00e6rdigheder og den mentalitet, der skal til for at udfordre verdens bedste. Tello havde m\u00f8dt Libaak flere gange som modstander og var konsekvent imponeret over hans evner og resultater.<\/p>\n<p>Det, der is\u00e6r gjorde indtryk p\u00e5 Tello, var Libaaks <strong>ydmyghed<\/strong> og <strong>modenhed<\/strong>\u2014egenskaber, man ikke altid finder hos s\u00e5 ung en atlet. Kanalens anmelder bem\u00e6rker, at Tello udviklede en \u00e6gte sympati for Libaak, hvilket gjorde det endelige brud endnu sv\u00e6rere. Tello er klar i sin tro p\u00e5, at Libaak har alt, hvad der skal til for at blive verdens nummer \u00e9t i fremtiden.<\/p>\n<h2>Vurdering af potentiale: Kan Tello og Libaak n\u00e5 verdensranglistens top?<\/h2>\n<p>Intervieweren sp\u00f8rger, om Tello ser sig selv eller Libaak n\u00e5 toppen af padel-ranglisten. Tello er overbevist om, at begge har potentialet, hvis de kan opretholde stabilitet og f\u00f8lelsesm\u00e6ssig kontrol under kampene. Han understreger vigtigheden af <strong>regelm\u00e6ssighed<\/strong> og <strong>f\u00f8lelsesm\u00e6ssig styring<\/strong>\u2014kvaliteter, han fortsat arbejder p\u00e5.<\/p>\n<p>Tello anerkender dog ogs\u00e5 den afg\u00f8rende rolle, en makker spiller for at n\u00e5 s\u00e5danne m\u00e5l. Han mener, at med den rette holdkammerat, og hvis begge spillere deler samme drivkraft og stabilitet, er det fuldt ud muligt at n\u00e5 nummer \u00e9t.<\/p>\n<h2>Den sv\u00e6re beslutning om at skifte makker og danne par med Mart\u00edn Di Nenno<\/h2>\n<p>Kanalen beskriver vendepunktet, hvor <strong>Mart\u00edn Di Nenno<\/strong> kontaktede Tello med et forslag om at danne et nyt partnerskab. Tello beskriver timingen som bitters\u00f8d: Han og Libaak var netop begyndt at opn\u00e5 lovende resultater med kvartfinaler og semifinaler i de seneste turneringer. P\u00e5 trods af denne fremgang var muligheden for at danne par med Di Nenno\u2014som bringer stor erfaring og ranglistepoint\u2014alt for betydningsfuld til at ignorere.<\/p>\n<p>Tello indr\u00f8mmer, at beslutningen ikke kun var baseret p\u00e5 sportslige grunde. Det personlige b\u00e5nd, han havde opbygget med Libaak, gjorde bruddet f\u00f8lelsesm\u00e6ssigt h\u00e5rdt. Alligevel var de praktiske fordele ved at danne par med Di Nenno, s\u00e5som at sikre en plads blandt de otte bedste par og muligheden for at konkurrere som h\u00f8jtseedet hold, det der til sidst afgjorde sagen.<\/p>\n<ul>\n<li><strong>Seneste resultater med Libaak:<\/strong> Kvartfinaler og semifinaler i vigtige turneringer<\/li>\n<li><strong>Nyt partnerskab:<\/strong> Mart\u00edn Di Nenno, som tilbyder h\u00f8jere rangering og erfaring<\/li>\n<li><strong>Hovedmotivation:<\/strong> Forblive blandt de otte bedste par i eliten<\/li>\n<\/ul>\n<h2>Sammenligning af dynamikken: Tello\u2013Libaak versus Tello\u2013Di Nenno<\/h2>\n<p>The4Sets interviewer beder Tello sammenligne sine oplevelser med Libaak og Di Nenno. Tello beskriver Libaak som \u00e9n, der bringer \u201cenergi og uforudsigelighed\u201d til banen, et udtryk for hans ungdom og frygtl\u00f8se stil. Det f\u00f8rte nogle gange til svingende pr\u00e6stationer, med \u00f8jeblikke af genialitet blandet med ustabilitet. Tello s\u00e5 sin rolle som den rolige faktor, der hjalp med at stabilisere partnerskabet i pressede situationer.<\/p>\n<p>I mods\u00e6tning hertil tilbyder Di Nenno, som er <strong>28 \u00e5r<\/strong>, en mere stabil h\u00e5nd og stor konkurrenceerfaring. Tello forventer, at deres samlede modenhed vil resultere i en mere rolig og strategisk tilgang til kampene. En anden fordel er, at de begge nu bor i Madrid, hvilket g\u00f8r det muligt at tr\u00e6ne sammen dagligt\u2014noget, der ikke var muligt med Libaak.<\/p>\n<ul>\n<li><strong>Libaaks styrker:<\/strong> Ungdommelig energi, uforudsigelighed, offensivt flair<\/li>\n<li><strong>Di Nennos styrker:<\/strong> Erfaring, stabilitet, strategisk modenhed<\/li>\n<li><strong>Tr\u00e6ningsfordele:<\/strong> Daglige sessioner i Madrid for hurtigere tilpasning<\/li>\n<\/ul>\n<h2>Betydningen af personlige relationer i professionel padel<\/h2>\n<p>Tello fremh\u00e6ver betydningen af relationer uden for banen for at opbygge et succesfuldt partnerskab. Han mener, at det i teorien er muligt at adskille personlige f\u00f8lelser fra det professionelle samarbejde, men at et godt forhold til sin makker er en stor fordel. \u00c5ben kommunikation og evnen til at tale \u00e6rligt om problemer er, efter hans mening, afg\u00f8rende for langvarig succes.<\/p>\n<p>Denne modne tilgang, foresl\u00e5r Tello, deler han med Di Nenno, hvilket g\u00f8r ham optimistisk omkring deres fremtid som hold. Anmelderen bem\u00e6rker, at Tellos refleksioner afsl\u00f8rer en spiller, der v\u00e6rds\u00e6tter b\u00e5de de sportslige og menneskelige sider af professionel padel.<\/p>\n<h2>Vigtigste pointer fra Tellos rejse og the4Sets interview<\/h2>\n<ul>\n<li><strong>Tello oplevede et sv\u00e6rt \u00e5r pr\u00e6get af selvtvivl og partnerskabsproblemer.<\/strong><\/li>\n<li><strong>Hans partnerskab med Tino Libaak var fyldt med h\u00e5b, og han tror, Libaak kan blive verdens nummer \u00e9t.<\/strong><\/li>\n<li><strong>Beslutningen om at danne par med Mart\u00edn Di Nenno var drevet af b\u00e5de sportslige ambitioner og praktiske hensyn.<\/strong><\/li>\n<li><strong>Tello v\u00e6rds\u00e6tter f\u00f8lelsesm\u00e6ssig stabilitet, \u00e5ben kommunikation og daglig tr\u00e6ning som n\u00f8gler til succes.<\/strong><\/li>\n<li><strong>Det nye partnerskab med Di Nenno byder p\u00e5 erfaring, stabilitet og muligheden for at konkurrere p\u00e5 h\u00f8jeste niveau.<\/strong><\/li>\n<\/ul>\n<p>Interviewet p\u00e5 the4Set giver et sj\u00e6ldent, \u00e6rligt indblik i de f\u00f8lelsesm\u00e6ssige og strategiske faktorer, der driver partnerskabsbeslutninger i toppen af professionel padel. Tellos rejse understreger sportens kompleksitet, hvor personlig udvikling og hold\u00e5nd er lige s\u00e5 vigtige som tekniske f\u00e6rdigheder.<\/p>\n","protected":false},"excerpt":{"rendered":"<p>Juan Tello \u00e5bner op om de f\u00f8lelsesm\u00e6ssige og professionelle udfordringer, der f\u00f8lger med at skifte makker i elitepadel. Fra \u00f8jeblikke med selvtvivl til sp\u00e6ndingen ved nye samarbejder deler han de personlige og sportslige faktorer, der har formet hans seneste beslutninger. Oplev, hvordan Tello navigerer i teamwork, ambitioner og personlig udvikling p\u00e5 sin rejse gennem pro-touren.<\/p>\n","protected":false},"author":1,"featured_media":216751,"comment_status":"closed","ping_status":"closed","sticky":false,"template":"","format":"standard","meta":{"_acf_changed":false,"footnotes":""},"categories":[535],"tags":[],"youtube-channel":[435],"class_list":["post-216685","post","type-post","status-publish","format-standard","has-post-thumbnail","hentry","category-pro-player-interviews-2","generate-columns","tablet-grid-50","mobile-grid-100","grid-parent","grid-33"],"acf":[],"yoast_head":"<!-- This site is optimized with the Yoast SEO Premium plugin v27.4 (Yoast SEO v27.4) - https:\/\/yoast.com\/product\/yoast-seo-premium-wordpress\/ -->\n<title>Juan Tello interview om nye padel-partnerskaber og karrierevalg<\/title>\n<meta name=\"description\" content=\"F\u00e5 Juan Tellos indblik i partnerskabs\u00e6ndringer, mentale udfordringer og n\u00f8glen til succes i professionel padel efter et \u00e5r med sv\u00e6re valg.\" \/>\n<meta name=\"robots\" content=\"index, follow, max-snippet:-1, max-image-preview:large, max-video-preview:-1\" \/>\n<link rel=\"canonical\" href=\"https:\/\/practicapadel.com\/da\/pro-player-interviews-2\/juan-tello-nye-begyndelser-svaere-valg-pro-padel\/\" \/>\n<meta property=\"og:locale\" content=\"da_DK\" \/>\n<meta property=\"og:type\" content=\"article\" \/>\n<meta property=\"og:title\" content=\"Juan Tello om nye begyndelser og sv\u00e6re valg i professionel padel\" \/>\n<meta property=\"og:description\" content=\"F\u00e5 Juan Tellos indblik i partnerskabs\u00e6ndringer, mentale udfordringer og n\u00f8glen til succes i professionel padel efter et \u00e5r med sv\u00e6re valg.\" \/>\n<meta property=\"og:url\" content=\"https:\/\/practicapadel.com\/da\/pro-player-interviews-2\/juan-tello-nye-begyndelser-svaere-valg-pro-padel\/\" \/>\n<meta property=\"og:site_name\" content=\"Practica Padel\" \/>\n<meta property=\"article:published_time\" content=\"2026-01-19T05:02:02+00:00\" \/>\n<meta property=\"article:modified_time\" content=\"2026-01-19T05:08:48+00:00\" \/>\n<meta property=\"og:image\" content=\"https:\/\/practicapadel.com\/wp-content\/uploads\/2026\/01\/juan-tello-padel-partnerskaber.png\" \/>\n\t<meta property=\"og:image:width\" content=\"1200\" \/>\n\t<meta property=\"og:image:height\" content=\"900\" \/>\n\t<meta property=\"og:image:type\" content=\"image\/png\" \/>\n<meta name=\"author\" content=\"Practica Padel Team\" \/>\n<meta name=\"twitter:card\" content=\"summary_large_image\" \/>\n<meta name=\"twitter:label1\" content=\"Skrevet af\" \/>\n\t<meta name=\"twitter:data1\" content=\"Practica Padel Team\" \/>\n\t<meta name=\"twitter:label2\" content=\"Estimeret l\u00e6setid\" \/>\n\t<meta name=\"twitter:data2\" content=\"5 minutter\" \/>\n<script type=\"application\/ld+json\" class=\"yoast-schema-graph\">{\"@context\":\"https:\\\/\\\/schema.org\",\"@graph\":[{\"@type\":\"Article\",\"@id\":\"https:\\\/\\\/practicapadel.com\\\/da\\\/pro-player-interviews-2\\\/juan-tello-nye-begyndelser-svaere-valg-pro-padel\\\/#article\",\"isPartOf\":{\"@id\":\"https:\\\/\\\/practicapadel.com\\\/da\\\/pro-player-interviews-2\\\/juan-tello-nye-begyndelser-svaere-valg-pro-padel\\\/\"},\"author\":{\"name\":\"Practica Padel Team\",\"@id\":\"https:\\\/\\\/practicapadel.com\\\/da\\\/#\\\/schema\\\/person\\\/af64f7b6f369d9f8143409566a9a8666\"},\"headline\":\"Juan Tello om nye begyndelser og sv\u00e6re valg i professionel padel\",\"datePublished\":\"2026-01-19T05:02:02+00:00\",\"dateModified\":\"2026-01-19T05:08:48+00:00\",\"mainEntityOfPage\":{\"@id\":\"https:\\\/\\\/practicapadel.com\\\/da\\\/pro-player-interviews-2\\\/juan-tello-nye-begyndelser-svaere-valg-pro-padel\\\/\"},\"wordCount\":1001,\"publisher\":{\"@id\":\"https:\\\/\\\/practicapadel.com\\\/da\\\/#organization\"},\"image\":{\"@id\":\"https:\\\/\\\/practicapadel.com\\\/da\\\/pro-player-interviews-2\\\/juan-tello-nye-begyndelser-svaere-valg-pro-padel\\\/#primaryimage\"},\"thumbnailUrl\":\"https:\\\/\\\/practicapadel.com\\\/wp-content\\\/uploads\\\/2026\\\/01\\\/juan-tello-padel-partnerskaber.png\",\"articleSection\":[\"Pro player interviews\"],\"inLanguage\":\"da-DK\"},{\"@type\":\"WebPage\",\"@id\":\"https:\\\/\\\/practicapadel.com\\\/da\\\/pro-player-interviews-2\\\/juan-tello-nye-begyndelser-svaere-valg-pro-padel\\\/\",\"url\":\"https:\\\/\\\/practicapadel.com\\\/da\\\/pro-player-interviews-2\\\/juan-tello-nye-begyndelser-svaere-valg-pro-padel\\\/\",\"name\":\"Juan Tello interview om nye padel-partnerskaber og karrierevalg\",\"isPartOf\":{\"@id\":\"https:\\\/\\\/practicapadel.com\\\/da\\\/#website\"},\"primaryImageOfPage\":{\"@id\":\"https:\\\/\\\/practicapadel.com\\\/da\\\/pro-player-interviews-2\\\/juan-tello-nye-begyndelser-svaere-valg-pro-padel\\\/#primaryimage\"},\"image\":{\"@id\":\"https:\\\/\\\/practicapadel.com\\\/da\\\/pro-player-interviews-2\\\/juan-tello-nye-begyndelser-svaere-valg-pro-padel\\\/#primaryimage\"},\"thumbnailUrl\":\"https:\\\/\\\/practicapadel.com\\\/wp-content\\\/uploads\\\/2026\\\/01\\\/juan-tello-padel-partnerskaber.png\",\"datePublished\":\"2026-01-19T05:02:02+00:00\",\"dateModified\":\"2026-01-19T05:08:48+00:00\",\"description\":\"F\u00e5 Juan Tellos indblik i partnerskabs\u00e6ndringer, mentale udfordringer og n\u00f8glen til succes i professionel padel efter et \u00e5r med sv\u00e6re valg.\",\"breadcrumb\":{\"@id\":\"https:\\\/\\\/practicapadel.com\\\/da\\\/pro-player-interviews-2\\\/juan-tello-nye-begyndelser-svaere-valg-pro-padel\\\/#breadcrumb\"},\"inLanguage\":\"da-DK\",\"potentialAction\":[{\"@type\":\"ReadAction\",\"target\":[\"https:\\\/\\\/practicapadel.com\\\/da\\\/pro-player-interviews-2\\\/juan-tello-nye-begyndelser-svaere-valg-pro-padel\\\/\"]}]},{\"@type\":\"ImageObject\",\"inLanguage\":\"da-DK\",\"@id\":\"https:\\\/\\\/practicapadel.com\\\/da\\\/pro-player-interviews-2\\\/juan-tello-nye-begyndelser-svaere-valg-pro-padel\\\/#primaryimage\",\"url\":\"https:\\\/\\\/practicapadel.com\\\/wp-content\\\/uploads\\\/2026\\\/01\\\/juan-tello-padel-partnerskaber.png\",\"contentUrl\":\"https:\\\/\\\/practicapadel.com\\\/wp-content\\\/uploads\\\/2026\\\/01\\\/juan-tello-padel-partnerskaber.png\",\"width\":1200,\"height\":900,\"caption\":\"juan tello padel partnerskaber\"},{\"@type\":\"BreadcrumbList\",\"@id\":\"https:\\\/\\\/practicapadel.com\\\/da\\\/pro-player-interviews-2\\\/juan-tello-nye-begyndelser-svaere-valg-pro-padel\\\/#breadcrumb\",\"itemListElement\":[{\"@type\":\"ListItem\",\"position\":1,\"name\":\"Hjem\",\"item\":\"https:\\\/\\\/practicapadel.com\\\/da\\\/\"},{\"@type\":\"ListItem\",\"position\":2,\"name\":\"Pro player interviews\",\"item\":\"https:\\\/\\\/practicapadel.com\\\/da\\\/kategori\\\/pro-player-interviews-2\\\/\"},{\"@type\":\"ListItem\",\"position\":3,\"name\":\"Juan Tello om nye begyndelser og sv\u00e6re valg i professionel padel\"}]},{\"@type\":\"WebSite\",\"@id\":\"https:\\\/\\\/practicapadel.com\\\/da\\\/#website\",\"url\":\"https:\\\/\\\/practicapadel.com\\\/da\\\/\",\"name\":\"Practica Padel\",\"description\":\"Din komplette kilde til padeludstyr, tr\u00e6ning og spillerindsigt\",\"publisher\":{\"@id\":\"https:\\\/\\\/practicapadel.com\\\/da\\\/#organization\"},\"potentialAction\":[{\"@type\":\"SearchAction\",\"target\":{\"@type\":\"EntryPoint\",\"urlTemplate\":\"https:\\\/\\\/practicapadel.com\\\/da\\\/?s={search_term_string}\"},\"query-input\":{\"@type\":\"PropertyValueSpecification\",\"valueRequired\":true,\"valueName\":\"search_term_string\"}}],\"inLanguage\":\"da-DK\"},{\"@type\":\"Organization\",\"@id\":\"https:\\\/\\\/practicapadel.com\\\/da\\\/#organization\",\"name\":\"Practica Padel\",\"url\":\"https:\\\/\\\/practicapadel.com\\\/da\\\/\",\"logo\":{\"@type\":\"ImageObject\",\"inLanguage\":\"da-DK\",\"@id\":\"https:\\\/\\\/practicapadel.com\\\/da\\\/#\\\/schema\\\/logo\\\/image\\\/\",\"url\":\"https:\\\/\\\/practicapadel.com\\\/wp-content\\\/uploads\\\/2025\\\/08\\\/practica-padel-695x695-1.png\",\"contentUrl\":\"https:\\\/\\\/practicapadel.com\\\/wp-content\\\/uploads\\\/2025\\\/08\\\/practica-padel-695x695-1.png\",\"width\":695,\"height\":695,\"caption\":\"Practica Padel\"},\"image\":{\"@id\":\"https:\\\/\\\/practicapadel.com\\\/da\\\/#\\\/schema\\\/logo\\\/image\\\/\"},\"description\":\"Practica Padel er et ekspertbaseret digitalt magasin dedikeret til padel. Vi leverer p\u00e5lidelige ketcheranmeldelser, tr\u00e6ning og taktik, slagguider, fitnessindsigter, turneringsd\u00e6kning, livsstilsartikler og spillerhistorier for padelentusiaster over hele verden.\",\"email\":\"thepracticapadel@gmail.com\",\"foundingDate\":\"2025-05-30\",\"numberOfEmployees\":{\"@type\":\"QuantitativeValue\",\"minValue\":\"1\",\"maxValue\":\"10\"}},{\"@type\":\"Person\",\"@id\":\"https:\\\/\\\/practicapadel.com\\\/da\\\/#\\\/schema\\\/person\\\/af64f7b6f369d9f8143409566a9a8666\",\"name\":\"Practica Padel Team\",\"image\":{\"@type\":\"ImageObject\",\"inLanguage\":\"da-DK\",\"@id\":\"https:\\\/\\\/secure.gravatar.com\\\/avatar\\\/5b00b8a0294a5ffc79b628cac1f1bedf7802f97bc10a75d3c2065bfb3e5d55d7?s=96&d=mm&r=g\",\"url\":\"https:\\\/\\\/secure.gravatar.com\\\/avatar\\\/5b00b8a0294a5ffc79b628cac1f1bedf7802f97bc10a75d3c2065bfb3e5d55d7?s=96&d=mm&r=g\",\"contentUrl\":\"https:\\\/\\\/secure.gravatar.com\\\/avatar\\\/5b00b8a0294a5ffc79b628cac1f1bedf7802f97bc10a75d3c2065bfb3e5d55d7?s=96&d=mm&r=g\",\"caption\":\"Practica Padel Team\"},\"description\":\"Specialists in curating insights from padel coaches, professional players, and trusted reviewers. Our goal is to make expert knowledge easy to understand and accessible for every player.\",\"sameAs\":[\"http:\\\/\\\/practicapadel.com\"],\"knowsAbout\":[\"Padel racket reviews\",\"Padel training\",\"Sports journalism\",\"Equipment analysis\",\"Data structuring\",\"Knowledge curation\",\"PHP\",\"Javascript\",\"Webdesign\"],\"knowsLanguage\":[\"Danish\",\"English\",\"French\",\"German\",\"Italian\",\"Spanish\",\"Swedish\",\"Dutch\",\"Greek\",\"Norwegian (Bokm\u00e5l)\",\"Polish\",\"Portuguese\",\"Estonian\",\"Finnish\"],\"jobTitle\":\"Editorial Team\",\"worksFor\":\"Practica Padel\",\"url\":\"https:\\\/\\\/practicapadel.com\\\/da\\\/author\\\/practica-padel-team\\\/\"}]}<\/script>\n<!-- \/ Yoast SEO Premium plugin. -->","yoast_head_json":{"title":"Juan Tello interview om nye padel-partnerskaber og karrierevalg","description":"F\u00e5 Juan Tellos indblik i partnerskabs\u00e6ndringer, mentale udfordringer og n\u00f8glen til succes i professionel padel efter et \u00e5r med sv\u00e6re valg.","robots":{"index":"index","follow":"follow","max-snippet":"max-snippet:-1","max-image-preview":"max-image-preview:large","max-video-preview":"max-video-preview:-1"},"canonical":"https:\/\/practicapadel.com\/da\/pro-player-interviews-2\/juan-tello-nye-begyndelser-svaere-valg-pro-padel\/","og_locale":"da_DK","og_type":"article","og_title":"Juan Tello om nye begyndelser og sv\u00e6re valg i professionel padel","og_description":"F\u00e5 Juan Tellos indblik i partnerskabs\u00e6ndringer, mentale udfordringer og n\u00f8glen til succes i professionel padel efter et \u00e5r med sv\u00e6re valg.","og_url":"https:\/\/practicapadel.com\/da\/pro-player-interviews-2\/juan-tello-nye-begyndelser-svaere-valg-pro-padel\/","og_site_name":"Practica Padel","article_published_time":"2026-01-19T05:02:02+00:00","article_modified_time":"2026-01-19T05:08:48+00:00","og_image":[{"width":1200,"height":900,"url":"https:\/\/practicapadel.com\/wp-content\/uploads\/2026\/01\/juan-tello-padel-partnerskaber.png","type":"image\/png"}],"author":"Practica Padel Team","twitter_card":"summary_large_image","twitter_misc":{"Skrevet af":"Practica Padel Team","Estimeret l\u00e6setid":"5 minutter"},"schema":{"@context":"https:\/\/schema.org","@graph":[{"@type":"Article","@id":"https:\/\/practicapadel.com\/da\/pro-player-interviews-2\/juan-tello-nye-begyndelser-svaere-valg-pro-padel\/#article","isPartOf":{"@id":"https:\/\/practicapadel.com\/da\/pro-player-interviews-2\/juan-tello-nye-begyndelser-svaere-valg-pro-padel\/"},"author":{"name":"Practica Padel Team","@id":"https:\/\/practicapadel.com\/da\/#\/schema\/person\/af64f7b6f369d9f8143409566a9a8666"},"headline":"Juan Tello om nye begyndelser og sv\u00e6re valg i professionel padel","datePublished":"2026-01-19T05:02:02+00:00","dateModified":"2026-01-19T05:08:48+00:00","mainEntityOfPage":{"@id":"https:\/\/practicapadel.com\/da\/pro-player-interviews-2\/juan-tello-nye-begyndelser-svaere-valg-pro-padel\/"},"wordCount":1001,"publisher":{"@id":"https:\/\/practicapadel.com\/da\/#organization"},"image":{"@id":"https:\/\/practicapadel.com\/da\/pro-player-interviews-2\/juan-tello-nye-begyndelser-svaere-valg-pro-padel\/#primaryimage"},"thumbnailUrl":"https:\/\/practicapadel.com\/wp-content\/uploads\/2026\/01\/juan-tello-padel-partnerskaber.png","articleSection":["Pro player interviews"],"inLanguage":"da-DK"},{"@type":"WebPage","@id":"https:\/\/practicapadel.com\/da\/pro-player-interviews-2\/juan-tello-nye-begyndelser-svaere-valg-pro-padel\/","url":"https:\/\/practicapadel.com\/da\/pro-player-interviews-2\/juan-tello-nye-begyndelser-svaere-valg-pro-padel\/","name":"Juan Tello interview om nye padel-partnerskaber og karrierevalg","isPartOf":{"@id":"https:\/\/practicapadel.com\/da\/#website"},"primaryImageOfPage":{"@id":"https:\/\/practicapadel.com\/da\/pro-player-interviews-2\/juan-tello-nye-begyndelser-svaere-valg-pro-padel\/#primaryimage"},"image":{"@id":"https:\/\/practicapadel.com\/da\/pro-player-interviews-2\/juan-tello-nye-begyndelser-svaere-valg-pro-padel\/#primaryimage"},"thumbnailUrl":"https:\/\/practicapadel.com\/wp-content\/uploads\/2026\/01\/juan-tello-padel-partnerskaber.png","datePublished":"2026-01-19T05:02:02+00:00","dateModified":"2026-01-19T05:08:48+00:00","description":"F\u00e5 Juan Tellos indblik i partnerskabs\u00e6ndringer, mentale udfordringer og n\u00f8glen til succes i professionel padel efter et \u00e5r med sv\u00e6re valg.","breadcrumb":{"@id":"https:\/\/practicapadel.com\/da\/pro-player-interviews-2\/juan-tello-nye-begyndelser-svaere-valg-pro-padel\/#breadcrumb"},"inLanguage":"da-DK","potentialAction":[{"@type":"ReadAction","target":["https:\/\/practicapadel.com\/da\/pro-player-interviews-2\/juan-tello-nye-begyndelser-svaere-valg-pro-padel\/"]}]},{"@type":"ImageObject","inLanguage":"da-DK","@id":"https:\/\/practicapadel.com\/da\/pro-player-interviews-2\/juan-tello-nye-begyndelser-svaere-valg-pro-padel\/#primaryimage","url":"https:\/\/practicapadel.com\/wp-content\/uploads\/2026\/01\/juan-tello-padel-partnerskaber.png","contentUrl":"https:\/\/practicapadel.com\/wp-content\/uploads\/2026\/01\/juan-tello-padel-partnerskaber.png","width":1200,"height":900,"caption":"juan tello padel partnerskaber"},{"@type":"BreadcrumbList","@id":"https:\/\/practicapadel.com\/da\/pro-player-interviews-2\/juan-tello-nye-begyndelser-svaere-valg-pro-padel\/#breadcrumb","itemListElement":[{"@type":"ListItem","position":1,"name":"Hjem","item":"https:\/\/practicapadel.com\/da\/"},{"@type":"ListItem","position":2,"name":"Pro player interviews","item":"https:\/\/practicapadel.com\/da\/kategori\/pro-player-interviews-2\/"},{"@type":"ListItem","position":3,"name":"Juan Tello om nye begyndelser og sv\u00e6re valg i professionel padel"}]},{"@type":"WebSite","@id":"https:\/\/practicapadel.com\/da\/#website","url":"https:\/\/practicapadel.com\/da\/","name":"Practica Padel","description":"Din komplette kilde til padeludstyr, tr\u00e6ning og spillerindsigt","publisher":{"@id":"https:\/\/practicapadel.com\/da\/#organization"},"potentialAction":[{"@type":"SearchAction","target":{"@type":"EntryPoint","urlTemplate":"https:\/\/practicapadel.com\/da\/?s={search_term_string}"},"query-input":{"@type":"PropertyValueSpecification","valueRequired":true,"valueName":"search_term_string"}}],"inLanguage":"da-DK"},{"@type":"Organization","@id":"https:\/\/practicapadel.com\/da\/#organization","name":"Practica Padel","url":"https:\/\/practicapadel.com\/da\/","logo":{"@type":"ImageObject","inLanguage":"da-DK","@id":"https:\/\/practicapadel.com\/da\/#\/schema\/logo\/image\/","url":"https:\/\/practicapadel.com\/wp-content\/uploads\/2025\/08\/practica-padel-695x695-1.png","contentUrl":"https:\/\/practicapadel.com\/wp-content\/uploads\/2025\/08\/practica-padel-695x695-1.png","width":695,"height":695,"caption":"Practica Padel"},"image":{"@id":"https:\/\/practicapadel.com\/da\/#\/schema\/logo\/image\/"},"description":"Practica Padel er et ekspertbaseret digitalt magasin dedikeret til padel. Vi leverer p\u00e5lidelige ketcheranmeldelser, tr\u00e6ning og taktik, slagguider, fitnessindsigter, turneringsd\u00e6kning, livsstilsartikler og spillerhistorier for padelentusiaster over hele verden.","email":"thepracticapadel@gmail.com","foundingDate":"2025-05-30","numberOfEmployees":{"@type":"QuantitativeValue","minValue":"1","maxValue":"10"}},{"@type":"Person","@id":"https:\/\/practicapadel.com\/da\/#\/schema\/person\/af64f7b6f369d9f8143409566a9a8666","name":"Practica Padel Team","image":{"@type":"ImageObject","inLanguage":"da-DK","@id":"https:\/\/secure.gravatar.com\/avatar\/5b00b8a0294a5ffc79b628cac1f1bedf7802f97bc10a75d3c2065bfb3e5d55d7?s=96&d=mm&r=g","url":"https:\/\/secure.gravatar.com\/avatar\/5b00b8a0294a5ffc79b628cac1f1bedf7802f97bc10a75d3c2065bfb3e5d55d7?s=96&d=mm&r=g","contentUrl":"https:\/\/secure.gravatar.com\/avatar\/5b00b8a0294a5ffc79b628cac1f1bedf7802f97bc10a75d3c2065bfb3e5d55d7?s=96&d=mm&r=g","caption":"Practica Padel Team"},"description":"Specialists in curating insights from padel coaches, professional players, and trusted reviewers. Our goal is to make expert knowledge easy to understand and accessible for every player.","sameAs":["http:\/\/practicapadel.com"],"knowsAbout":["Padel racket reviews","Padel training","Sports journalism","Equipment analysis","Data structuring","Knowledge curation","PHP","Javascript","Webdesign"],"knowsLanguage":["Danish","English","French","German","Italian","Spanish","Swedish","Dutch","Greek","Norwegian (Bokm\u00e5l)","Polish","Portuguese","Estonian","Finnish"],"jobTitle":"Editorial Team","worksFor":"Practica Padel","url":"https:\/\/practicapadel.com\/da\/author\/practica-padel-team\/"}]}},"_links":{"self":[{"href":"https:\/\/practicapadel.com\/da\/wp-json\/wp\/v2\/posts\/216685","targetHints":{"allow":["GET"]}}],"collection":[{"href":"https:\/\/practicapadel.com\/da\/wp-json\/wp\/v2\/posts"}],"about":[{"href":"https:\/\/practicapadel.com\/da\/wp-json\/wp\/v2\/types\/post"}],"author":[{"embeddable":true,"href":"https:\/\/practicapadel.com\/da\/wp-json\/wp\/v2\/users\/1"}],"replies":[{"embeddable":true,"href":"https:\/\/practicapadel.com\/da\/wp-json\/wp\/v2\/comments?post=216685"}],"version-history":[{"count":2,"href":"https:\/\/practicapadel.com\/da\/wp-json\/wp\/v2\/posts\/216685\/revisions"}],"predecessor-version":[{"id":216750,"href":"https:\/\/practicapadel.com\/da\/wp-json\/wp\/v2\/posts\/216685\/revisions\/216750"}],"wp:featuredmedia":[{"embeddable":true,"href":"https:\/\/practicapadel.com\/da\/wp-json\/wp\/v2\/media\/216751"}],"wp:attachment":[{"href":"https:\/\/practicapadel.com\/da\/wp-json\/wp\/v2\/media?parent=216685"}],"wp:term":[{"taxonomy":"category","embeddable":true,"href":"https:\/\/practicapadel.com\/da\/wp-json\/wp\/v2\/categories?post=216685"},{"taxonomy":"post_tag","embeddable":true,"href":"https:\/\/practicapadel.com\/da\/wp-json\/wp\/v2\/tags?post=216685"},{"taxonomy":"youtube-channel","embeddable":true,"href":"https:\/\/practicapadel.com\/da\/wp-json\/wp\/v2\/youtube-channel?post=216685"}],"curies":[{"name":"wp","href":"https:\/\/api.w.org\/{rel}","templated":true}]}}