{"id":226253,"date":"2026-01-27T19:26:26","date_gmt":"2026-01-27T19:26:26","guid":{"rendered":"https:\/\/practicapadel.com\/articulos-padel\/fernando-belasteguin-on-adapting-and-shaping-padels-global-future\/"},"modified":"2026-01-27T19:28:04","modified_gmt":"2026-01-27T19:28:04","slug":"fernando-belasteguin-adaptacion-futuro-global-padel","status":"publish","type":"post","link":"https:\/\/practicapadel.com\/es\/entrevistas-jugadores-profesionales\/fernando-belasteguin-adaptacion-futuro-global-padel\/","title":{"rendered":"Fernando Belastegu\u00edn sobre la adaptaci\u00f3n y el futuro global del p\u00e1del"},"content":{"rendered":"<h2>Fernando &#8216;Bela&#8217; Belastegu\u00edn reflexiona sobre una carrera legendaria y la evoluci\u00f3n del p\u00e1del<\/h2>\n<p>La entrevista del canal con <strong>Fernando &#8216;Bela&#8217; Belastegu\u00edn<\/strong> ofrece una mirada profunda y poco com\u00fan a la mentalidad y trayectoria del jugador m\u00e1s laureado del p\u00e1del. Con <strong>16 a\u00f1os como n\u00famero uno del mundo<\/strong> y m\u00e1s de <strong>230 t\u00edtulos<\/strong>, la historia de Bela es de crecimiento org\u00e1nico, adaptaci\u00f3n constante y una pasi\u00f3n profunda por el p\u00e1del. Comenz\u00f3 a jugar a los 10 a\u00f1os en su ciudad natal, pasando r\u00e1pidamente del f\u00fatbol al p\u00e1del cuando aparecieron las primeras pistas en la zona. A los 15 ya compet\u00eda profesionalmente, aunque describe esos primeros a\u00f1os como una progresi\u00f3n natural m\u00e1s que una b\u00fasqueda calculada de grandeza.<\/p>\n<p>El traslado de Bela de Argentina a Espa\u00f1a marc\u00f3 un punto de inflexi\u00f3n, motivado por su deseo de competir contra los mejores cuando la escena profesional se traslad\u00f3 a Europa. Destaca que su longevidad en la cima solo fue posible gracias a la adaptaci\u00f3n constante, tanto a las exigencias cambiantes del deporte como a sus propias capacidades f\u00edsicas.<\/p>\n<h2>Adaptarse al cambio: pistas, equipamiento y el juego moderno<\/h2>\n<p>Durante m\u00e1s de tres d\u00e9cadas en la \u00e9lite, Bela ha presenciado\u2014y abrazado\u2014cambios significativos en el p\u00e1del. Recuerda sus inicios en <strong>pistas de cemento<\/strong> y c\u00f3mo se adapt\u00f3 a la evoluci\u00f3n de las superficies, el equipamiento y el ritmo de juego. El entrevistador destaca la filosof\u00eda de Bela: para seguir siendo competitivo, un profesional debe anticipar y adaptarse a cada cambio en el deporte, desde la tecnolog\u00eda de las pistas hasta la velocidad de la bola.<\/p>\n<p>En los \u00faltimos a\u00f1os, Bela se\u00f1ala que el juego se ha vuelto mucho m\u00e1s r\u00e1pido, con bolas m\u00e1s veloces y movimientos m\u00e1s din\u00e1micos. Reconoce que esta aceleraci\u00f3n coincidi\u00f3 con el l\u00f3gico descenso de sus reflejos y velocidad, lo que hizo cada vez m\u00e1s dif\u00edcil mantenerse en el top ten. Sin embargo, considera estos cambios como inevitables e incluso saludables para la evoluci\u00f3n del p\u00e1del.<\/p>\n<h2>El crecimiento global del p\u00e1del y la oportunidad en Estados Unidos<\/h2>\n<p>El creador explora con Bela el crecimiento explosivo del p\u00e1del en todo el mundo. Antes concentrado en <strong>Argentina<\/strong> y <strong>Espa\u00f1a<\/strong>, el deporte ahora tiene un alcance mucho mayor. Bela atribuye el aumento de la conciencia global al auge de las <strong>redes sociales<\/strong>, pero se\u00f1ala que, a pesar del avance, el p\u00e1del a\u00fan est\u00e1 en pa\u00f1ales en muchas regiones.<\/p>\n<p>Enfoc\u00e1ndose en <strong>Estados Unidos<\/strong>, Bela ve un enorme potencial, especialmente en <strong>el sur de Florida<\/strong>, donde el deporte est\u00e1 ganando terreno. Compara la etapa actual del p\u00e1del con la de un beb\u00e9 que apenas empieza a gatear, con un largo camino por recorrer antes de &#8216;correr los cien metros&#8217;. Sin embargo, Bela conf\u00eda en que el p\u00e1del ser\u00e1 un deporte global importante en la pr\u00f3xima d\u00e9cada.<\/p>\n<p>Curiosamente, ve el auge del <strong>pickleball<\/strong> en EE. UU. como una fuerza positiva, prediciendo que muchos jugadores de pickleball acabar\u00e1n pas\u00e1ndose al p\u00e1del, acelerando a\u00fan m\u00e1s su crecimiento. Aboga por clubes h\u00edbridos que ofrezcan ambos deportes, destacando su car\u00e1cter complementario en lugar de competitivo.<\/p>\n<h2>La marca Bela Padel y la expansi\u00f3n internacional de clubes<\/h2>\n<p>Bela expone su visi\u00f3n para la marca <strong>Bela Padel Center<\/strong>, que naci\u00f3 como concepto durante la pandemia y se materializ\u00f3 con la apertura de un club insignia en Alicante. El proyecto funciona como un &#8216;laboratorio&#8217; para su metodolog\u00eda y filosof\u00eda, con planes de expansi\u00f3n global una vez que se inaugure un gran centro en <strong>Barcelona<\/strong>.<\/p>\n<p>Insiste en la importancia de aprender a trav\u00e9s de la experiencia: probar ideas, cometer errores y perfeccionar el modelo antes de escalar. El objetivo final es establecer Barcelona como sede central y luego llevar el concepto Bela Padel Center a mercados como Estados Unidos, siempre priorizando lo mejor para el crecimiento sostenible del p\u00e1del.<\/p>\n<h2>Eventos de exhibici\u00f3n, Premier Padel League y prestigio de los jugadores<\/h2>\n<p>En cuanto al panorama competitivo, Bela comparte su opini\u00f3n sobre la proliferaci\u00f3n de nuevos formatos como la <strong>Premier Padel League (PPL)<\/strong>, la <strong>Hexagon Cup<\/strong> y otros eventos de exhibici\u00f3n. Cree que estos torneos son valiosos para promocionar el p\u00e1del y atraer nuevas audiencias, especialmente en mercados emergentes como EE. UU. e India.<\/p>\n<p>Sin embargo, Bela distingue entre el prestigio de los circuitos por ranking, como <strong>Premier Padel<\/strong>, y los incentivos econ\u00f3micos de los eventos de exhibici\u00f3n. Para \u00e9l, el verdadero estatus proviene de ser n\u00famero uno en el ranking oficial, no de victorias aisladas en eventos. Apoya un enfoque equilibrado, donde convivan eventos de exhibici\u00f3n y de ranking para maximizar la visibilidad y credibilidad del deporte.<\/p>\n<h2>Realidades econ\u00f3micas y el ecosistema profesional del p\u00e1del<\/h2>\n<p>El canal profundiza en la econom\u00eda del p\u00e1del profesional y Bela ofrece un desglose sincero de las ganancias de los jugadores:<\/p>\n<ul>\n<li><strong>Puesto 1:<\/strong> Hasta 4 millones de d\u00f3lares anuales<\/li>\n<li><strong>Puesto 10:<\/strong> Alrededor de 1,5 millones<\/li>\n<li><strong>Puestos 11\u201320:<\/strong> De 1,5 millones a 800.000<\/li>\n<li><strong>Puestos bajos (20+):<\/strong> Cifras decrecientes, con j\u00f3venes que suelen ganar mucho menos<\/li>\n<\/ul>\n<p>Destaca que los premios han aumentado exponencialmente en los \u00faltimos tres a\u00f1os con la llegada de Premier Padel, pero subraya la necesidad de seguir creciendo y de una distribuci\u00f3n justa entre jugadores y organizadores. Bela tambi\u00e9n aborda el papel de los patrocinios y las redes sociales, afirmando que, aunque la presencia online ayuda, nada sustituye el valor de ganar en la pista. Anima a los aspirantes a profesionales a centrarse en el entrenamiento y los resultados m\u00e1s que en el n\u00famero de seguidores.<\/p>\n<h2>El Premier Padel de Miami y la importancia de los recintos cubiertos<\/h2>\n<p>Bela expresa su entusiasmo por organizar el primer <strong>torneo Premier Padel en Miami<\/strong>, consider\u00e1ndolo un momento clave para la expansi\u00f3n del p\u00e1del en Norteam\u00e9rica. El evento se celebrar\u00e1 en el <strong>Miami Beach Convention Center<\/strong>, con una capacidad de aproximadamente <strong>1.700 espectadores<\/strong> (1.300 en gradas y 400 en palcos). Explica la decisi\u00f3n de mantener el torneo &#8216;boutique&#8217; durante los primeros a\u00f1os, priorizando la calidad y la conexi\u00f3n con la comunidad sobre una expansi\u00f3n r\u00e1pida.<\/p>\n<p>Tambi\u00e9n resalta las ventajas de organizar el evento bajo techo, eliminando problemas de viento, lluvia y humedad que afectaron a torneos previos al aire libre en Miami. Cree que este entorno controlado ofrecer\u00e1 una mejor experiencia tanto a jugadores como a aficionados, marcando un est\u00e1ndar para futuros eventos en la regi\u00f3n.<\/p>\n<h2>Alianza con Wilson y el futuro del equipamiento de p\u00e1del<\/h2>\n<p>La entrevista concluye con Bela reflexionando sobre su alianza con <strong>Wilson<\/strong>, una marca que admira por su liderazgo en deportes de raqueta. Est\u00e1 muy implicado en el desarrollo de su propia l\u00ednea dentro de Wilson, con el objetivo de convertirla en la marca n\u00famero uno de p\u00e1del a nivel mundial. Ahora, con m\u00e1s tiempo tras su retirada, Bela planea trabajar estrechamente con ingenieros para perfeccionar y ampliar su colecci\u00f3n de productos, asegurando que respondan a las necesidades cambiantes de los jugadores en todo el mundo.<\/p>\n<h2>Conclusiones clave de las ideas de Bela sobre el futuro del p\u00e1del<\/h2>\n<ul>\n<li><strong>La adaptaci\u00f3n es esencial<\/strong>: El deporte y sus jugadores deben evolucionar continuamente para seguir siendo competitivos.<\/li>\n<li><strong>El crecimiento global se acelera<\/strong>, pero el p\u00e1del sigue en una fase temprana en muchos mercados, especialmente en EE. UU.<\/li>\n<li><strong>Clubes h\u00edbridos y deportes complementarios<\/strong> como el pickleball pueden impulsar la participaci\u00f3n y la visibilidad.<\/li>\n<li><strong>El prestigio viene del ranking<\/strong>, no solo de ganar eventos o tener presencia en redes sociales.<\/li>\n<li><strong>La inversi\u00f3n en infraestructuras y eventos de calidad<\/strong> ser\u00e1 clave para la expansi\u00f3n sostenida del p\u00e1del.<\/li>\n<\/ul>\n<p>La visi\u00f3n, experiencia y compromiso de Bela lo sit\u00faan como un jugador legendario y una fuerza impulsora del futuro global del p\u00e1del.<\/p>\n","protected":false},"excerpt":{"rendered":"<p>Fernando &#8216;Bela&#8217; Belastegu\u00edn comparte su perspectiva \u00fanica sobre la evoluci\u00f3n del p\u00e1del, basada en d\u00e9cadas en la \u00e9lite del deporte. Habla sobre la importancia de la adaptaci\u00f3n, la r\u00e1pida expansi\u00f3n global del p\u00e1del y su visi\u00f3n de futuro. Descubre las ideas de Bela sobre c\u00f3mo mantenerse relevante y fomentar el crecimiento en el mundo del p\u00e1del.<\/p>\n","protected":false},"author":1,"featured_media":226280,"comment_status":"closed","ping_status":"closed","sticky":false,"template":"","format":"standard","meta":{"_acf_changed":false,"footnotes":""},"categories":[538],"tags":[],"youtube-channel":[285],"class_list":["post-226253","post","type-post","status-publish","format-standard","has-post-thumbnail","hentry","category-entrevistas-jugadores-profesionales","generate-columns","tablet-grid-50","mobile-grid-100","grid-parent","grid-33"],"acf":[],"yoast_head":"<!-- This site is optimized with the Yoast SEO Premium plugin v27.4 (Yoast SEO v27.4) - https:\/\/yoast.com\/product\/yoast-seo-premium-wordpress\/ -->\n<title>Fernando Belasteguin evoluci\u00f3n del p\u00e1del crecimiento global y futuro<\/title>\n<meta name=\"description\" content=\"Descubre la visi\u00f3n \u00fanica de Fernando Belastegu\u00edn sobre la evoluci\u00f3n, el crecimiento global y el futuro del p\u00e1del en EE. UU. y el mundo.\" \/>\n<meta name=\"robots\" content=\"index, follow, max-snippet:-1, max-image-preview:large, max-video-preview:-1\" \/>\n<link rel=\"canonical\" href=\"https:\/\/practicapadel.com\/es\/entrevistas-jugadores-profesionales\/fernando-belasteguin-adaptacion-futuro-global-padel\/\" \/>\n<meta property=\"og:locale\" content=\"es_ES\" \/>\n<meta property=\"og:type\" content=\"article\" \/>\n<meta property=\"og:title\" content=\"Fernando Belastegu\u00edn sobre la adaptaci\u00f3n y el futuro global del p\u00e1del\" \/>\n<meta property=\"og:description\" content=\"Descubre la visi\u00f3n \u00fanica de Fernando Belastegu\u00edn sobre la evoluci\u00f3n, el crecimiento global y el futuro del p\u00e1del en EE. UU. y el mundo.\" \/>\n<meta property=\"og:url\" content=\"https:\/\/practicapadel.com\/es\/entrevistas-jugadores-profesionales\/fernando-belasteguin-adaptacion-futuro-global-padel\/\" \/>\n<meta property=\"og:site_name\" content=\"Practica Padel\" \/>\n<meta property=\"article:published_time\" content=\"2026-01-27T19:26:26+00:00\" \/>\n<meta property=\"article:modified_time\" content=\"2026-01-27T19:28:04+00:00\" \/>\n<meta property=\"og:image\" content=\"https:\/\/practicapadel.com\/wp-content\/uploads\/2026\/01\/fernando-belasteguin-leyenda-padel.png\" \/>\n\t<meta property=\"og:image:width\" content=\"1200\" \/>\n\t<meta property=\"og:image:height\" content=\"900\" \/>\n\t<meta property=\"og:image:type\" content=\"image\/png\" \/>\n<meta name=\"author\" content=\"Practica Padel Team\" \/>\n<meta name=\"twitter:card\" content=\"summary_large_image\" \/>\n<meta name=\"twitter:label1\" content=\"Escrito por\" \/>\n\t<meta name=\"twitter:data1\" content=\"Practica Padel Team\" \/>\n\t<meta name=\"twitter:label2\" content=\"Tiempo de lectura\" \/>\n\t<meta name=\"twitter:data2\" content=\"7 minutos\" \/>\n<script type=\"application\/ld+json\" class=\"yoast-schema-graph\">{\"@context\":\"https:\\\/\\\/schema.org\",\"@graph\":[{\"@type\":\"Article\",\"@id\":\"https:\\\/\\\/practicapadel.com\\\/es\\\/entrevistas-jugadores-profesionales\\\/fernando-belasteguin-adaptacion-futuro-global-padel\\\/#article\",\"isPartOf\":{\"@id\":\"https:\\\/\\\/practicapadel.com\\\/es\\\/entrevistas-jugadores-profesionales\\\/fernando-belasteguin-adaptacion-futuro-global-padel\\\/\"},\"author\":{\"name\":\"Practica Padel Team\",\"@id\":\"https:\\\/\\\/practicapadel.com\\\/es\\\/#\\\/schema\\\/person\\\/af64f7b6f369d9f8143409566a9a8666\"},\"headline\":\"Fernando Belastegu\u00edn sobre la adaptaci\u00f3n y el futuro global del p\u00e1del\",\"datePublished\":\"2026-01-27T19:26:26+00:00\",\"dateModified\":\"2026-01-27T19:28:04+00:00\",\"mainEntityOfPage\":{\"@id\":\"https:\\\/\\\/practicapadel.com\\\/es\\\/entrevistas-jugadores-profesionales\\\/fernando-belasteguin-adaptacion-futuro-global-padel\\\/\"},\"wordCount\":1365,\"publisher\":{\"@id\":\"https:\\\/\\\/practicapadel.com\\\/es\\\/#organization\"},\"image\":{\"@id\":\"https:\\\/\\\/practicapadel.com\\\/es\\\/entrevistas-jugadores-profesionales\\\/fernando-belasteguin-adaptacion-futuro-global-padel\\\/#primaryimage\"},\"thumbnailUrl\":\"https:\\\/\\\/practicapadel.com\\\/wp-content\\\/uploads\\\/2026\\\/01\\\/fernando-belasteguin-leyenda-padel.png\",\"articleSection\":[\"Entrevistas a jugadores profesionales\"],\"inLanguage\":\"es\"},{\"@type\":\"WebPage\",\"@id\":\"https:\\\/\\\/practicapadel.com\\\/es\\\/entrevistas-jugadores-profesionales\\\/fernando-belasteguin-adaptacion-futuro-global-padel\\\/\",\"url\":\"https:\\\/\\\/practicapadel.com\\\/es\\\/entrevistas-jugadores-profesionales\\\/fernando-belasteguin-adaptacion-futuro-global-padel\\\/\",\"name\":\"Fernando Belasteguin evoluci\u00f3n del p\u00e1del crecimiento global y futuro\",\"isPartOf\":{\"@id\":\"https:\\\/\\\/practicapadel.com\\\/es\\\/#website\"},\"primaryImageOfPage\":{\"@id\":\"https:\\\/\\\/practicapadel.com\\\/es\\\/entrevistas-jugadores-profesionales\\\/fernando-belasteguin-adaptacion-futuro-global-padel\\\/#primaryimage\"},\"image\":{\"@id\":\"https:\\\/\\\/practicapadel.com\\\/es\\\/entrevistas-jugadores-profesionales\\\/fernando-belasteguin-adaptacion-futuro-global-padel\\\/#primaryimage\"},\"thumbnailUrl\":\"https:\\\/\\\/practicapadel.com\\\/wp-content\\\/uploads\\\/2026\\\/01\\\/fernando-belasteguin-leyenda-padel.png\",\"datePublished\":\"2026-01-27T19:26:26+00:00\",\"dateModified\":\"2026-01-27T19:28:04+00:00\",\"description\":\"Descubre la visi\u00f3n \u00fanica de Fernando Belastegu\u00edn sobre la evoluci\u00f3n, el crecimiento global y el futuro del p\u00e1del en EE. UU. y el mundo.\",\"breadcrumb\":{\"@id\":\"https:\\\/\\\/practicapadel.com\\\/es\\\/entrevistas-jugadores-profesionales\\\/fernando-belasteguin-adaptacion-futuro-global-padel\\\/#breadcrumb\"},\"inLanguage\":\"es\",\"potentialAction\":[{\"@type\":\"ReadAction\",\"target\":[\"https:\\\/\\\/practicapadel.com\\\/es\\\/entrevistas-jugadores-profesionales\\\/fernando-belasteguin-adaptacion-futuro-global-padel\\\/\"]}]},{\"@type\":\"ImageObject\",\"inLanguage\":\"es\",\"@id\":\"https:\\\/\\\/practicapadel.com\\\/es\\\/entrevistas-jugadores-profesionales\\\/fernando-belasteguin-adaptacion-futuro-global-padel\\\/#primaryimage\",\"url\":\"https:\\\/\\\/practicapadel.com\\\/wp-content\\\/uploads\\\/2026\\\/01\\\/fernando-belasteguin-leyenda-padel.png\",\"contentUrl\":\"https:\\\/\\\/practicapadel.com\\\/wp-content\\\/uploads\\\/2026\\\/01\\\/fernando-belasteguin-leyenda-padel.png\",\"width\":1200,\"height\":900,\"caption\":\"fernando belasteguin leyenda padel\"},{\"@type\":\"BreadcrumbList\",\"@id\":\"https:\\\/\\\/practicapadel.com\\\/es\\\/entrevistas-jugadores-profesionales\\\/fernando-belasteguin-adaptacion-futuro-global-padel\\\/#breadcrumb\",\"itemListElement\":[{\"@type\":\"ListItem\",\"position\":1,\"name\":\"Portada\",\"item\":\"https:\\\/\\\/practicapadel.com\\\/es\\\/\"},{\"@type\":\"ListItem\",\"position\":2,\"name\":\"Entrevistas a jugadores profesionales\",\"item\":\"https:\\\/\\\/practicapadel.com\\\/es\\\/categoria\\\/entrevistas-jugadores-profesionales\\\/\"},{\"@type\":\"ListItem\",\"position\":3,\"name\":\"Fernando Belastegu\u00edn sobre la adaptaci\u00f3n y el futuro global del p\u00e1del\"}]},{\"@type\":\"WebSite\",\"@id\":\"https:\\\/\\\/practicapadel.com\\\/es\\\/#website\",\"url\":\"https:\\\/\\\/practicapadel.com\\\/es\\\/\",\"name\":\"Practica Padel\",\"description\":\"Tu fuente completa de material de p\u00e1del, entrenamiento e informaci\u00f3n de jugadores\",\"publisher\":{\"@id\":\"https:\\\/\\\/practicapadel.com\\\/es\\\/#organization\"},\"potentialAction\":[{\"@type\":\"SearchAction\",\"target\":{\"@type\":\"EntryPoint\",\"urlTemplate\":\"https:\\\/\\\/practicapadel.com\\\/es\\\/?s={search_term_string}\"},\"query-input\":{\"@type\":\"PropertyValueSpecification\",\"valueRequired\":true,\"valueName\":\"search_term_string\"}}],\"inLanguage\":\"es\"},{\"@type\":\"Organization\",\"@id\":\"https:\\\/\\\/practicapadel.com\\\/es\\\/#organization\",\"name\":\"Practica Padel\",\"url\":\"https:\\\/\\\/practicapadel.com\\\/es\\\/\",\"logo\":{\"@type\":\"ImageObject\",\"inLanguage\":\"es\",\"@id\":\"https:\\\/\\\/practicapadel.com\\\/es\\\/#\\\/schema\\\/logo\\\/image\\\/\",\"url\":\"https:\\\/\\\/practicapadel.com\\\/wp-content\\\/uploads\\\/2025\\\/08\\\/practica-padel-695x695-1.png\",\"contentUrl\":\"https:\\\/\\\/practicapadel.com\\\/wp-content\\\/uploads\\\/2025\\\/08\\\/practica-padel-695x695-1.png\",\"width\":695,\"height\":695,\"caption\":\"Practica Padel\"},\"image\":{\"@id\":\"https:\\\/\\\/practicapadel.com\\\/es\\\/#\\\/schema\\\/logo\\\/image\\\/\"},\"description\":\"Practica Padel es una revista digital basada en expertos y dedicada al p\u00e1del. Ofrecemos rese\u00f1as fiables de palas, gu\u00edas de entrenamiento y t\u00e1ctica, consejos de golpes, informaci\u00f3n de fitness, cobertura de torneos, art\u00edculos de estilo de vida e historias de jugadores para los aficionados al p\u00e1del de todo el mundo.\",\"email\":\"thepracticapadel@gmail.com\",\"foundingDate\":\"2025-05-30\",\"numberOfEmployees\":{\"@type\":\"QuantitativeValue\",\"minValue\":\"1\",\"maxValue\":\"10\"}},{\"@type\":\"Person\",\"@id\":\"https:\\\/\\\/practicapadel.com\\\/es\\\/#\\\/schema\\\/person\\\/af64f7b6f369d9f8143409566a9a8666\",\"name\":\"Practica Padel Team\",\"image\":{\"@type\":\"ImageObject\",\"inLanguage\":\"es\",\"@id\":\"https:\\\/\\\/secure.gravatar.com\\\/avatar\\\/5b00b8a0294a5ffc79b628cac1f1bedf7802f97bc10a75d3c2065bfb3e5d55d7?s=96&d=mm&r=g\",\"url\":\"https:\\\/\\\/secure.gravatar.com\\\/avatar\\\/5b00b8a0294a5ffc79b628cac1f1bedf7802f97bc10a75d3c2065bfb3e5d55d7?s=96&d=mm&r=g\",\"contentUrl\":\"https:\\\/\\\/secure.gravatar.com\\\/avatar\\\/5b00b8a0294a5ffc79b628cac1f1bedf7802f97bc10a75d3c2065bfb3e5d55d7?s=96&d=mm&r=g\",\"caption\":\"Practica Padel Team\"},\"description\":\"Specialists in curating insights from padel coaches, professional players, and trusted reviewers. Our goal is to make expert knowledge easy to understand and accessible for every player.\",\"sameAs\":[\"http:\\\/\\\/practicapadel.com\"],\"knowsAbout\":[\"Padel racket reviews\",\"Padel training\",\"Sports journalism\",\"Equipment analysis\",\"Data structuring\",\"Knowledge curation\",\"PHP\",\"Javascript\",\"Webdesign\"],\"knowsLanguage\":[\"Danish\",\"English\",\"French\",\"German\",\"Italian\",\"Spanish\",\"Swedish\",\"Dutch\",\"Greek\",\"Norwegian (Bokm\u00e5l)\",\"Polish\",\"Portuguese\",\"Estonian\",\"Finnish\"],\"jobTitle\":\"Editorial Team\",\"worksFor\":\"Practica Padel\",\"url\":\"https:\\\/\\\/practicapadel.com\\\/es\\\/author\\\/practica-padel-team\\\/\"}]}<\/script>\n<!-- \/ Yoast SEO Premium plugin. -->","yoast_head_json":{"title":"Fernando Belasteguin evoluci\u00f3n del p\u00e1del crecimiento global y futuro","description":"Descubre la visi\u00f3n \u00fanica de Fernando Belastegu\u00edn sobre la evoluci\u00f3n, el crecimiento global y el futuro del p\u00e1del en EE. UU. y el mundo.","robots":{"index":"index","follow":"follow","max-snippet":"max-snippet:-1","max-image-preview":"max-image-preview:large","max-video-preview":"max-video-preview:-1"},"canonical":"https:\/\/practicapadel.com\/es\/entrevistas-jugadores-profesionales\/fernando-belasteguin-adaptacion-futuro-global-padel\/","og_locale":"es_ES","og_type":"article","og_title":"Fernando Belastegu\u00edn sobre la adaptaci\u00f3n y el futuro global del p\u00e1del","og_description":"Descubre la visi\u00f3n \u00fanica de Fernando Belastegu\u00edn sobre la evoluci\u00f3n, el crecimiento global y el futuro del p\u00e1del en EE. UU. y el mundo.","og_url":"https:\/\/practicapadel.com\/es\/entrevistas-jugadores-profesionales\/fernando-belasteguin-adaptacion-futuro-global-padel\/","og_site_name":"Practica Padel","article_published_time":"2026-01-27T19:26:26+00:00","article_modified_time":"2026-01-27T19:28:04+00:00","og_image":[{"width":1200,"height":900,"url":"https:\/\/practicapadel.com\/wp-content\/uploads\/2026\/01\/fernando-belasteguin-leyenda-padel.png","type":"image\/png"}],"author":"Practica Padel Team","twitter_card":"summary_large_image","twitter_misc":{"Escrito por":"Practica Padel Team","Tiempo de lectura":"7 minutos"},"schema":{"@context":"https:\/\/schema.org","@graph":[{"@type":"Article","@id":"https:\/\/practicapadel.com\/es\/entrevistas-jugadores-profesionales\/fernando-belasteguin-adaptacion-futuro-global-padel\/#article","isPartOf":{"@id":"https:\/\/practicapadel.com\/es\/entrevistas-jugadores-profesionales\/fernando-belasteguin-adaptacion-futuro-global-padel\/"},"author":{"name":"Practica Padel Team","@id":"https:\/\/practicapadel.com\/es\/#\/schema\/person\/af64f7b6f369d9f8143409566a9a8666"},"headline":"Fernando Belastegu\u00edn sobre la adaptaci\u00f3n y el futuro global del p\u00e1del","datePublished":"2026-01-27T19:26:26+00:00","dateModified":"2026-01-27T19:28:04+00:00","mainEntityOfPage":{"@id":"https:\/\/practicapadel.com\/es\/entrevistas-jugadores-profesionales\/fernando-belasteguin-adaptacion-futuro-global-padel\/"},"wordCount":1365,"publisher":{"@id":"https:\/\/practicapadel.com\/es\/#organization"},"image":{"@id":"https:\/\/practicapadel.com\/es\/entrevistas-jugadores-profesionales\/fernando-belasteguin-adaptacion-futuro-global-padel\/#primaryimage"},"thumbnailUrl":"https:\/\/practicapadel.com\/wp-content\/uploads\/2026\/01\/fernando-belasteguin-leyenda-padel.png","articleSection":["Entrevistas a jugadores profesionales"],"inLanguage":"es"},{"@type":"WebPage","@id":"https:\/\/practicapadel.com\/es\/entrevistas-jugadores-profesionales\/fernando-belasteguin-adaptacion-futuro-global-padel\/","url":"https:\/\/practicapadel.com\/es\/entrevistas-jugadores-profesionales\/fernando-belasteguin-adaptacion-futuro-global-padel\/","name":"Fernando Belasteguin evoluci\u00f3n del p\u00e1del crecimiento global y futuro","isPartOf":{"@id":"https:\/\/practicapadel.com\/es\/#website"},"primaryImageOfPage":{"@id":"https:\/\/practicapadel.com\/es\/entrevistas-jugadores-profesionales\/fernando-belasteguin-adaptacion-futuro-global-padel\/#primaryimage"},"image":{"@id":"https:\/\/practicapadel.com\/es\/entrevistas-jugadores-profesionales\/fernando-belasteguin-adaptacion-futuro-global-padel\/#primaryimage"},"thumbnailUrl":"https:\/\/practicapadel.com\/wp-content\/uploads\/2026\/01\/fernando-belasteguin-leyenda-padel.png","datePublished":"2026-01-27T19:26:26+00:00","dateModified":"2026-01-27T19:28:04+00:00","description":"Descubre la visi\u00f3n \u00fanica de Fernando Belastegu\u00edn sobre la evoluci\u00f3n, el crecimiento global y el futuro del p\u00e1del en EE. UU. y el mundo.","breadcrumb":{"@id":"https:\/\/practicapadel.com\/es\/entrevistas-jugadores-profesionales\/fernando-belasteguin-adaptacion-futuro-global-padel\/#breadcrumb"},"inLanguage":"es","potentialAction":[{"@type":"ReadAction","target":["https:\/\/practicapadel.com\/es\/entrevistas-jugadores-profesionales\/fernando-belasteguin-adaptacion-futuro-global-padel\/"]}]},{"@type":"ImageObject","inLanguage":"es","@id":"https:\/\/practicapadel.com\/es\/entrevistas-jugadores-profesionales\/fernando-belasteguin-adaptacion-futuro-global-padel\/#primaryimage","url":"https:\/\/practicapadel.com\/wp-content\/uploads\/2026\/01\/fernando-belasteguin-leyenda-padel.png","contentUrl":"https:\/\/practicapadel.com\/wp-content\/uploads\/2026\/01\/fernando-belasteguin-leyenda-padel.png","width":1200,"height":900,"caption":"fernando belasteguin leyenda padel"},{"@type":"BreadcrumbList","@id":"https:\/\/practicapadel.com\/es\/entrevistas-jugadores-profesionales\/fernando-belasteguin-adaptacion-futuro-global-padel\/#breadcrumb","itemListElement":[{"@type":"ListItem","position":1,"name":"Portada","item":"https:\/\/practicapadel.com\/es\/"},{"@type":"ListItem","position":2,"name":"Entrevistas a jugadores profesionales","item":"https:\/\/practicapadel.com\/es\/categoria\/entrevistas-jugadores-profesionales\/"},{"@type":"ListItem","position":3,"name":"Fernando Belastegu\u00edn sobre la adaptaci\u00f3n y el futuro global del p\u00e1del"}]},{"@type":"WebSite","@id":"https:\/\/practicapadel.com\/es\/#website","url":"https:\/\/practicapadel.com\/es\/","name":"Practica Padel","description":"Tu fuente completa de material de p\u00e1del, entrenamiento e informaci\u00f3n de jugadores","publisher":{"@id":"https:\/\/practicapadel.com\/es\/#organization"},"potentialAction":[{"@type":"SearchAction","target":{"@type":"EntryPoint","urlTemplate":"https:\/\/practicapadel.com\/es\/?s={search_term_string}"},"query-input":{"@type":"PropertyValueSpecification","valueRequired":true,"valueName":"search_term_string"}}],"inLanguage":"es"},{"@type":"Organization","@id":"https:\/\/practicapadel.com\/es\/#organization","name":"Practica Padel","url":"https:\/\/practicapadel.com\/es\/","logo":{"@type":"ImageObject","inLanguage":"es","@id":"https:\/\/practicapadel.com\/es\/#\/schema\/logo\/image\/","url":"https:\/\/practicapadel.com\/wp-content\/uploads\/2025\/08\/practica-padel-695x695-1.png","contentUrl":"https:\/\/practicapadel.com\/wp-content\/uploads\/2025\/08\/practica-padel-695x695-1.png","width":695,"height":695,"caption":"Practica Padel"},"image":{"@id":"https:\/\/practicapadel.com\/es\/#\/schema\/logo\/image\/"},"description":"Practica Padel es una revista digital basada en expertos y dedicada al p\u00e1del. Ofrecemos rese\u00f1as fiables de palas, gu\u00edas de entrenamiento y t\u00e1ctica, consejos de golpes, informaci\u00f3n de fitness, cobertura de torneos, art\u00edculos de estilo de vida e historias de jugadores para los aficionados al p\u00e1del de todo el mundo.","email":"thepracticapadel@gmail.com","foundingDate":"2025-05-30","numberOfEmployees":{"@type":"QuantitativeValue","minValue":"1","maxValue":"10"}},{"@type":"Person","@id":"https:\/\/practicapadel.com\/es\/#\/schema\/person\/af64f7b6f369d9f8143409566a9a8666","name":"Practica Padel Team","image":{"@type":"ImageObject","inLanguage":"es","@id":"https:\/\/secure.gravatar.com\/avatar\/5b00b8a0294a5ffc79b628cac1f1bedf7802f97bc10a75d3c2065bfb3e5d55d7?s=96&d=mm&r=g","url":"https:\/\/secure.gravatar.com\/avatar\/5b00b8a0294a5ffc79b628cac1f1bedf7802f97bc10a75d3c2065bfb3e5d55d7?s=96&d=mm&r=g","contentUrl":"https:\/\/secure.gravatar.com\/avatar\/5b00b8a0294a5ffc79b628cac1f1bedf7802f97bc10a75d3c2065bfb3e5d55d7?s=96&d=mm&r=g","caption":"Practica Padel Team"},"description":"Specialists in curating insights from padel coaches, professional players, and trusted reviewers. Our goal is to make expert knowledge easy to understand and accessible for every player.","sameAs":["http:\/\/practicapadel.com"],"knowsAbout":["Padel racket reviews","Padel training","Sports journalism","Equipment analysis","Data structuring","Knowledge curation","PHP","Javascript","Webdesign"],"knowsLanguage":["Danish","English","French","German","Italian","Spanish","Swedish","Dutch","Greek","Norwegian (Bokm\u00e5l)","Polish","Portuguese","Estonian","Finnish"],"jobTitle":"Editorial Team","worksFor":"Practica Padel","url":"https:\/\/practicapadel.com\/es\/author\/practica-padel-team\/"}]}},"_links":{"self":[{"href":"https:\/\/practicapadel.com\/es\/wp-json\/wp\/v2\/posts\/226253","targetHints":{"allow":["GET"]}}],"collection":[{"href":"https:\/\/practicapadel.com\/es\/wp-json\/wp\/v2\/posts"}],"about":[{"href":"https:\/\/practicapadel.com\/es\/wp-json\/wp\/v2\/types\/post"}],"author":[{"embeddable":true,"href":"https:\/\/practicapadel.com\/es\/wp-json\/wp\/v2\/users\/1"}],"replies":[{"embeddable":true,"href":"https:\/\/practicapadel.com\/es\/wp-json\/wp\/v2\/comments?post=226253"}],"version-history":[{"count":2,"href":"https:\/\/practicapadel.com\/es\/wp-json\/wp\/v2\/posts\/226253\/revisions"}],"predecessor-version":[{"id":226279,"href":"https:\/\/practicapadel.com\/es\/wp-json\/wp\/v2\/posts\/226253\/revisions\/226279"}],"wp:featuredmedia":[{"embeddable":true,"href":"https:\/\/practicapadel.com\/es\/wp-json\/wp\/v2\/media\/226280"}],"wp:attachment":[{"href":"https:\/\/practicapadel.com\/es\/wp-json\/wp\/v2\/media?parent=226253"}],"wp:term":[{"taxonomy":"category","embeddable":true,"href":"https:\/\/practicapadel.com\/es\/wp-json\/wp\/v2\/categories?post=226253"},{"taxonomy":"post_tag","embeddable":true,"href":"https:\/\/practicapadel.com\/es\/wp-json\/wp\/v2\/tags?post=226253"},{"taxonomy":"youtube-channel","embeddable":true,"href":"https:\/\/practicapadel.com\/es\/wp-json\/wp\/v2\/youtube-channel?post=226253"}],"curies":[{"name":"wp","href":"https:\/\/api.w.org\/{rel}","templated":true}]}}