{"id":213790,"date":"2026-01-16T14:39:02","date_gmt":"2026-01-16T14:39:02","guid":{"rendered":"https:\/\/practicapadel.com\/padel-artiklid\/how-the-deus-brothers-became-portugals-top-padel-duo\/"},"modified":"2026-01-16T14:49:16","modified_gmt":"2026-01-16T14:49:16","slug":"kuidas-deusi-vennad-said-portugali-parimaks-padeliduoks","status":"publish","type":"post","link":"https:\/\/practicapadel.com\/et\/pro-mangija-intervjuud\/kuidas-deusi-vennad-said-portugali-parimaks-padeliduoks\/","title":{"rendered":"Kuidas Deusi vennad said Portugali parimaks padeliduoks"},"content":{"rendered":"<h2>Deusi vendade t\u00f5us Portugali padelis<\/h2>\n<p>Deusi vennad, <strong>Miguel<\/strong> ja <strong>Nuno<\/strong>, on kiiresti t\u00f5estanud end Portugali parimate padelim\u00e4ngijatena. Nende teekond algas <strong>2018<\/strong>. aastal, kui m\u00f5lemad liikusid tenniselt padelile, esmalt treeneritena ja seej\u00e4rel v\u00f5istlejatena. The4Set kanali looja toob esile nende muljetavaldavat arengut, m\u00e4rkides, et neid peetakse n\u00fc\u00fcd Portugali esipaariks ning nad on p\u00e4lvinud isegi <strong>Cristiano Ronaldo<\/strong> t\u00e4helepanu, kes on neid toetanud suurturniiridel.<\/p>\n<p>Vendade kiire t\u00f5us on m\u00e4rgitud silmapaistvate esitustega rahvusvahelisel areenil. Nad j\u00f5udsid maailmameistriv\u00f5istlustel poolfinaali, v\u00f5ites \u00fche seti tugeva paari <strong>Stupa ja Di Nenno<\/strong> vastu, ning sundisid <strong>Gal\u00e1ni ja Chingottot<\/strong> kolmandasse setti teises k\u00f5rgetasemelises kohtumises. Need tulemused r\u00f5hutavad nende kasvavat mainet ja austust maailma tippude seas.<\/p>\n<h2>\u00dcleminek tennise juurest profipadelisse<\/h2>\n<p>Nii Miguel kui ka Nuno alustasid oma sportlaskarj\u00e4\u00e4ri tennises, enne kui nad padelile \u00fcle l\u00e4ksid. Miguel oli esimene, kes vahetas ala, otsides paremaid karj\u00e4\u00e4riv\u00f5imalusi padelitreenrina. Peagi t\u00f5mbas teda kaasa ka v\u00f5istlusm\u00e4ng ning ta hakkas n\u00e4dalavahetustel osalema Portugali kohalikul turniiridel. Nuno liitus m\u00f5ne kuu hiljem, kuigi ta oli alguses k\u00f5hklev, kuna oli tennisev\u00f5istlustest v\u00e4sinud. J\u00e4rk-j\u00e4rgult leidis ta padelis r\u00f5\u00f5mu ja hakkas vennaga koos v\u00f5istlema.<\/p>\n<p>Vennad mainivad, et nende l\u00e4henemine muutus oluliselt professionaalsemaks umbes <strong>2020<\/strong>. aastal p\u00e4rast pandeemiat. See t\u00e4hendas suuremat keskendumist f\u00fc\u00fcsilisele ettevalmistusele ja struktureeritumat treeningkava. Nende \u00fchine tennise taust on andnud neile tehnilised oskused ja taktikalise arusaama padeliv\u00e4ljakul.<\/p>\n<h2>Vennana koos m\u00e4ngimise d\u00fcnaamika v\u00e4ljakul<\/h2>\n<p>Looja uurib Deusi vendade ainulaadset koosm\u00e4ngu d\u00fcnaamikat. M\u00f5lemad n\u00f5ustuvad, et kuigi vahel esineb v\u00e4ljakutseid, kaaluvad vennana m\u00e4ngimise eelised puudused selgelt \u00fcles. Nad r\u00f5hutavad, et samade eesm\u00e4rkide jagamine ja teineteise m\u00f5ttemaailma m\u00f5istmine muudab strateegiate planeerimise ja elluviimise palju lihtsamaks. Kommunikatsioon on vahetum ja nad suudavad \u00fcksteist k\u00f5rgemale tasemele motiveerida.<\/p>\n<p>V\u00e4ljaspool v\u00e4ljakut elavad nad eraldi elu ega r\u00e4\u00e4gi padelist palju, v\u00e4lja arvatud hooaja ja treeningute planeerimine. V\u00e4ljakul on nende side aga selgelt tuntav. Vennad tunnistavad, et m\u00f5nikord on nad \u00fcksteise vastu karmimad kui teiste partneritega, kuid see intensiivsus toob sageli paremaid tulemusi.<\/p>\n<h2>Positsioonivalikud ja taktikalised kohandused<\/h2>\n<p>\u00dcks huvitav aspekt on nende otsus v\u00e4ljakupositsioonide osas. Miguel, kes alustas padelit paar kuud enne Nunot, m\u00e4ngis alguses tagak\u00e4e poolel, kuid liikus hiljem paremale. See oli strateegiline valik: Miguelil oli rohkem kogemusi ja ta oli valmis meeskonna huvides kohanema, samas kui Nuno suurem pikkus ja siruulatus sobisid ideaalselt vasakule poolele, kus ulatus ja j\u00f5ud on olulised.<\/p>\n<p>See paindlikkus ja valmisolek eelistustest loobuda partnerluse edu nimel on olnud nende t\u00f5usu v\u00f5ti. Vendade v\u00f5ime kohandada rolle ja vastutusi vastavalt tugevustele on nende meeskonnat\u00f6\u00f6 tunnus.<\/p>\n<h2>V\u00e4ljakul v\u00e4ljakutse: oskuste testimine parimate vastu<\/h2>\n<p>Video k\u00e4igus v\u00f5tab looja Deusi vendadega m\u00f5\u00f5tu Gustavo Prato Akadeemias mitmes v\u00e4ljakul toimunud v\u00e4ljakutses. Formaat sisaldab kaks-\u00fche vastu harjutusi, kus looja vahetab vastaseid ja keskendub konkreetsetele taktikalistele olukordadele, n\u00e4iteks m\u00e4ngides ainult madalaid palle v\u00f5i r\u00f5hutades volleysid. Eesm\u00e4rk on testida kaitse- ja r\u00fcndev\u00f5imeid k\u00f5rgeimal tasemel m\u00e4ngijate vastu.<\/p>\n<p>Harjutused n\u00e4itavad vendade erakordset stabiilsust, kiirust ja taktikalist teadlikkust. Looja m\u00e4rgib, kui raske on nende vastu punkte v\u00f5ita isegi siis, kui reegleid muudetakse nende v\u00f5imalusi piirates. Nende v\u00f5ime avaldada survet agressiivsete volleysidega ja s\u00e4ilitada rahu surve all on eriti muljetavaldav.<\/p>\n<ul>\n<li><strong>Stabiilsus:<\/strong> V\u00e4ga harva teevad sundimata vigu, isegi surve all<\/li>\n<li><strong>Volle j\u00f5ud:<\/strong> Agressiivne ja t\u00e4pne, eriti tagak\u00e4e poolel<\/li>\n<li><strong>Kaitseoskus:<\/strong> Suurep\u00e4rane etteaimamine ja liikumine<\/li>\n<li><strong>Taktikaline distsipliin:<\/strong> J\u00e4\u00e4vad m\u00e4nguplaani juurde ja kohanevad kiiresti<\/li>\n<\/ul>\n<h2>Olulised \u00f5ppetunnid Deusi vendade m\u00e4ngustiilist<\/h2>\n<p>Looja kogemus Deusi vendade vastu toob esile mitu omadust, mis neid eristavad:<\/p>\n<ul>\n<li><strong>K\u00f5rge f\u00fc\u00fcsiline ettevalmistus<\/strong> alates 2020. aastast, keskendudes vormile ja vastupidavusele<\/li>\n<li><strong>Tugev vennalik s\u00fcnergia<\/strong>, mis parandab suhtlust ja meeskonnat\u00f6\u00f6d<\/li>\n<li><strong>Kohanemisv\u00f5ime<\/strong> v\u00e4ljakupositsioonides ja taktikates, maksimeerides iga m\u00e4ngija tugevusi<\/li>\n<li><strong>Vaimne vastupidavus<\/strong>, mis on arenenud aastatepikkuse tennise- ja padeliv\u00f5istluste k\u00e4igus<\/li>\n<\/ul>\n<p>Need omadused koos tehniliste oskuste ja vankumatu t\u00f6\u00f6kusega on viinud Deusi vennad Portugali padeli tippu ning teinud neist kardetavad vastased ka rahvusvahelisel tasemel.<\/p>\n<h2>Cristiano Ronaldo m\u00f5ju ja tulevikuambitsioonid<\/h2>\n<p>Toetus selliselt maailmakuulsalt nagu <strong>Cristiano Ronaldo<\/strong> on andnud Deusi vendadele lisamotivatsiooni. Nad mainivad, et Ronaldo julgustus on inspireeriv, aidates neil rasked hetked \u00fcletada ja veelgi k\u00f5rgemale p\u00fc\u00fcelda. Oma viimaste tulemuste ja kasvava enesekindlusega on vennad valmis j\u00e4tkama t\u00f5usu maailma edetabelites ning esindama Portugali k\u00f5rgeimal tasemel.<\/p>\n<p>Looja kohtumine Deusi vendadega annab v\u00e4\u00e4rtusliku \u00fclevaate sellest, mida on vaja, et v\u00f5istelda profipadeli tipus. Nende teekond tennise juurest padelini, ainulaadne vennalik partnerlus ja vankumatu p\u00fchendumus on inspiratsiooniks k\u00f5igile tulevastele m\u00e4ngijatele nii Portugalis kui ka mujal.<\/p>\n","protected":false},"excerpt":{"rendered":"<p>Miguel ja Nuno Deus on kiiresti t\u00f5usnud Portugali juhtivaks padeliduoks, avaldades muljet nii f\u00e4nnidele kui ka rahvusvahelistele konkurentidele oma oskuste ja sihikindlusega. Nende teekond tennise juurest padelini ning tugev vennalik partnerlus on neid v\u00e4ljakul eristanud. Saa teada, kuidas nende ainulaadne d\u00fcnaamika, kohanemisv\u00f5ime ja k\u00f5rgetasemeline toetus on aidanud neil edu saavutada ja tulevikuambitsioone kasvatada.<\/p>\n","protected":false},"author":1,"featured_media":213882,"comment_status":"closed","ping_status":"closed","sticky":false,"template":"","format":"standard","meta":{"_acf_changed":false,"footnotes":""},"categories":[542],"tags":[],"youtube-channel":[435],"class_list":["post-213790","post","type-post","status-publish","format-standard","has-post-thumbnail","hentry","category-pro-mangija-intervjuud","generate-columns","tablet-grid-50","mobile-grid-100","grid-parent","grid-33"],"acf":[],"yoast_head":"<!-- This site is optimized with the Yoast SEO Premium plugin v27.4 (Yoast SEO v27.4) - https:\/\/yoast.com\/product\/yoast-seo-premium-wordpress\/ -->\n<title>Kuidas Deusi vennad said Portugali parimateks padelim\u00e4ngijateks<\/title>\n<meta name=\"description\" content=\"Uuri, kuidas Miguel ja Nuno Deus t\u00f5usid Portugali juhtivaks padeliduoks, nende teekonda tennise juurest, vennalikku s\u00fcnergiat ja mis neid v\u00e4ljakul eristab.\" \/>\n<meta name=\"robots\" content=\"index, follow, max-snippet:-1, max-image-preview:large, max-video-preview:-1\" \/>\n<link rel=\"canonical\" href=\"https:\/\/practicapadel.com\/et\/pro-mangija-intervjuud\/kuidas-deusi-vennad-said-portugali-parimaks-padeliduoks\/\" \/>\n<meta property=\"og:locale\" content=\"et_EE\" \/>\n<meta property=\"og:type\" content=\"article\" \/>\n<meta property=\"og:title\" content=\"Kuidas Deusi vennad said Portugali parimaks padeliduoks\" \/>\n<meta property=\"og:description\" content=\"Uuri, kuidas Miguel ja Nuno Deus t\u00f5usid Portugali juhtivaks padeliduoks, nende teekonda tennise juurest, vennalikku s\u00fcnergiat ja mis neid v\u00e4ljakul eristab.\" \/>\n<meta property=\"og:url\" content=\"https:\/\/practicapadel.com\/et\/pro-mangija-intervjuud\/kuidas-deusi-vennad-said-portugali-parimaks-padeliduoks\/\" \/>\n<meta property=\"og:site_name\" content=\"Practica Padel\" \/>\n<meta property=\"article:published_time\" content=\"2026-01-16T14:39:02+00:00\" \/>\n<meta property=\"article:modified_time\" content=\"2026-01-16T14:49:16+00:00\" \/>\n<meta property=\"og:image\" content=\"https:\/\/practicapadel.com\/wp-content\/uploads\/2026\/01\/deusi-vennad-portugal-padel.png\" \/>\n\t<meta property=\"og:image:width\" content=\"1200\" \/>\n\t<meta property=\"og:image:height\" content=\"900\" \/>\n\t<meta property=\"og:image:type\" content=\"image\/png\" \/>\n<meta name=\"author\" content=\"Practica Padel Team\" \/>\n<meta name=\"twitter:card\" content=\"summary_large_image\" \/>\n<meta name=\"twitter:label1\" content=\"Written by\" \/>\n\t<meta name=\"twitter:data1\" content=\"Practica Padel Team\" \/>\n\t<meta name=\"twitter:label2\" content=\"Est. reading time\" \/>\n\t<meta name=\"twitter:data2\" content=\"4 minutit\" \/>\n<script type=\"application\/ld+json\" class=\"yoast-schema-graph\">{\"@context\":\"https:\\\/\\\/schema.org\",\"@graph\":[{\"@type\":\"Article\",\"@id\":\"https:\\\/\\\/practicapadel.com\\\/et\\\/pro-mangija-intervjuud\\\/kuidas-deusi-vennad-said-portugali-parimaks-padeliduoks\\\/#article\",\"isPartOf\":{\"@id\":\"https:\\\/\\\/practicapadel.com\\\/et\\\/pro-mangija-intervjuud\\\/kuidas-deusi-vennad-said-portugali-parimaks-padeliduoks\\\/\"},\"author\":{\"name\":\"Practica Padel Team\",\"@id\":\"https:\\\/\\\/practicapadel.com\\\/et\\\/#\\\/schema\\\/person\\\/af64f7b6f369d9f8143409566a9a8666\"},\"headline\":\"Kuidas Deusi vennad said Portugali parimaks padeliduoks\",\"datePublished\":\"2026-01-16T14:39:02+00:00\",\"dateModified\":\"2026-01-16T14:49:16+00:00\",\"mainEntityOfPage\":{\"@id\":\"https:\\\/\\\/practicapadel.com\\\/et\\\/pro-mangija-intervjuud\\\/kuidas-deusi-vennad-said-portugali-parimaks-padeliduoks\\\/\"},\"wordCount\":794,\"publisher\":{\"@id\":\"https:\\\/\\\/practicapadel.com\\\/et\\\/#organization\"},\"image\":{\"@id\":\"https:\\\/\\\/practicapadel.com\\\/et\\\/pro-mangija-intervjuud\\\/kuidas-deusi-vennad-said-portugali-parimaks-padeliduoks\\\/#primaryimage\"},\"thumbnailUrl\":\"https:\\\/\\\/practicapadel.com\\\/wp-content\\\/uploads\\\/2026\\\/01\\\/deusi-vennad-portugal-padel.png\",\"articleSection\":[\"Pro m\u00e4ngija intervjuud\"],\"inLanguage\":\"et\"},{\"@type\":\"WebPage\",\"@id\":\"https:\\\/\\\/practicapadel.com\\\/et\\\/pro-mangija-intervjuud\\\/kuidas-deusi-vennad-said-portugali-parimaks-padeliduoks\\\/\",\"url\":\"https:\\\/\\\/practicapadel.com\\\/et\\\/pro-mangija-intervjuud\\\/kuidas-deusi-vennad-said-portugali-parimaks-padeliduoks\\\/\",\"name\":\"Kuidas Deusi vennad said Portugali parimateks padelim\u00e4ngijateks\",\"isPartOf\":{\"@id\":\"https:\\\/\\\/practicapadel.com\\\/et\\\/#website\"},\"primaryImageOfPage\":{\"@id\":\"https:\\\/\\\/practicapadel.com\\\/et\\\/pro-mangija-intervjuud\\\/kuidas-deusi-vennad-said-portugali-parimaks-padeliduoks\\\/#primaryimage\"},\"image\":{\"@id\":\"https:\\\/\\\/practicapadel.com\\\/et\\\/pro-mangija-intervjuud\\\/kuidas-deusi-vennad-said-portugali-parimaks-padeliduoks\\\/#primaryimage\"},\"thumbnailUrl\":\"https:\\\/\\\/practicapadel.com\\\/wp-content\\\/uploads\\\/2026\\\/01\\\/deusi-vennad-portugal-padel.png\",\"datePublished\":\"2026-01-16T14:39:02+00:00\",\"dateModified\":\"2026-01-16T14:49:16+00:00\",\"description\":\"Uuri, kuidas Miguel ja Nuno Deus t\u00f5usid Portugali juhtivaks padeliduoks, nende teekonda tennise juurest, vennalikku s\u00fcnergiat ja mis neid v\u00e4ljakul eristab.\",\"breadcrumb\":{\"@id\":\"https:\\\/\\\/practicapadel.com\\\/et\\\/pro-mangija-intervjuud\\\/kuidas-deusi-vennad-said-portugali-parimaks-padeliduoks\\\/#breadcrumb\"},\"inLanguage\":\"et\",\"potentialAction\":[{\"@type\":\"ReadAction\",\"target\":[\"https:\\\/\\\/practicapadel.com\\\/et\\\/pro-mangija-intervjuud\\\/kuidas-deusi-vennad-said-portugali-parimaks-padeliduoks\\\/\"]}]},{\"@type\":\"ImageObject\",\"inLanguage\":\"et\",\"@id\":\"https:\\\/\\\/practicapadel.com\\\/et\\\/pro-mangija-intervjuud\\\/kuidas-deusi-vennad-said-portugali-parimaks-padeliduoks\\\/#primaryimage\",\"url\":\"https:\\\/\\\/practicapadel.com\\\/wp-content\\\/uploads\\\/2026\\\/01\\\/deusi-vennad-portugal-padel.png\",\"contentUrl\":\"https:\\\/\\\/practicapadel.com\\\/wp-content\\\/uploads\\\/2026\\\/01\\\/deusi-vennad-portugal-padel.png\",\"width\":1200,\"height\":900,\"caption\":\"deusi vennad portugal padel\"},{\"@type\":\"BreadcrumbList\",\"@id\":\"https:\\\/\\\/practicapadel.com\\\/et\\\/pro-mangija-intervjuud\\\/kuidas-deusi-vennad-said-portugali-parimaks-padeliduoks\\\/#breadcrumb\",\"itemListElement\":[{\"@type\":\"ListItem\",\"position\":1,\"name\":\"Avaleht\",\"item\":\"https:\\\/\\\/practicapadel.com\\\/et\\\/\"},{\"@type\":\"ListItem\",\"position\":2,\"name\":\"Pro m\u00e4ngija intervjuud\",\"item\":\"https:\\\/\\\/practicapadel.com\\\/et\\\/category\\\/pro-mangija-intervjuud\\\/\"},{\"@type\":\"ListItem\",\"position\":3,\"name\":\"Kuidas Deusi vennad said Portugali parimaks padeliduoks\"}]},{\"@type\":\"WebSite\",\"@id\":\"https:\\\/\\\/practicapadel.com\\\/et\\\/#website\",\"url\":\"https:\\\/\\\/practicapadel.com\\\/et\\\/\",\"name\":\"Practica Padel\",\"description\":\"Sinu t\u00e4ielik allikas padelivarustuse, treeningu ja m\u00e4ngijate teadmiste jaoks\",\"publisher\":{\"@id\":\"https:\\\/\\\/practicapadel.com\\\/et\\\/#organization\"},\"potentialAction\":[{\"@type\":\"SearchAction\",\"target\":{\"@type\":\"EntryPoint\",\"urlTemplate\":\"https:\\\/\\\/practicapadel.com\\\/et\\\/?s={search_term_string}\"},\"query-input\":{\"@type\":\"PropertyValueSpecification\",\"valueRequired\":true,\"valueName\":\"search_term_string\"}}],\"inLanguage\":\"et\"},{\"@type\":\"Organization\",\"@id\":\"https:\\\/\\\/practicapadel.com\\\/et\\\/#organization\",\"name\":\"Practica Padel\",\"url\":\"https:\\\/\\\/practicapadel.com\\\/et\\\/\",\"logo\":{\"@type\":\"ImageObject\",\"inLanguage\":\"et\",\"@id\":\"https:\\\/\\\/practicapadel.com\\\/et\\\/#\\\/schema\\\/logo\\\/image\\\/\",\"url\":\"https:\\\/\\\/practicapadel.com\\\/wp-content\\\/uploads\\\/2025\\\/08\\\/practica-padel-695x695-1.png\",\"contentUrl\":\"https:\\\/\\\/practicapadel.com\\\/wp-content\\\/uploads\\\/2025\\\/08\\\/practica-padel-695x695-1.png\",\"width\":695,\"height\":695,\"caption\":\"Practica Padel\"},\"image\":{\"@id\":\"https:\\\/\\\/practicapadel.com\\\/et\\\/#\\\/schema\\\/logo\\\/image\\\/\"},\"description\":\"Practica Padel on ekspertidel p\u00f5hinev digitaalne ajakiri, mis on p\u00fchendatud padelile. Pakume usaldusv\u00e4\u00e4rseid reketi\u00fclevaateid, treeningu- ja taktikasoovitusi, l\u00f6\u00f6gijuhendeid, tervisen\u00f5uandeid, turniirikajastusi, elustiililugusid ja m\u00e4ngijate lugusid padelihuvilistele kogu maailmas.\",\"email\":\"thepracticapadel@gmail.com\",\"foundingDate\":\"2025-05-30\",\"numberOfEmployees\":{\"@type\":\"QuantitativeValue\",\"minValue\":\"1\",\"maxValue\":\"10\"}},{\"@type\":\"Person\",\"@id\":\"https:\\\/\\\/practicapadel.com\\\/et\\\/#\\\/schema\\\/person\\\/af64f7b6f369d9f8143409566a9a8666\",\"name\":\"Practica Padel Team\",\"image\":{\"@type\":\"ImageObject\",\"inLanguage\":\"et\",\"@id\":\"https:\\\/\\\/secure.gravatar.com\\\/avatar\\\/5b00b8a0294a5ffc79b628cac1f1bedf7802f97bc10a75d3c2065bfb3e5d55d7?s=96&d=mm&r=g\",\"url\":\"https:\\\/\\\/secure.gravatar.com\\\/avatar\\\/5b00b8a0294a5ffc79b628cac1f1bedf7802f97bc10a75d3c2065bfb3e5d55d7?s=96&d=mm&r=g\",\"contentUrl\":\"https:\\\/\\\/secure.gravatar.com\\\/avatar\\\/5b00b8a0294a5ffc79b628cac1f1bedf7802f97bc10a75d3c2065bfb3e5d55d7?s=96&d=mm&r=g\",\"caption\":\"Practica Padel Team\"},\"description\":\"Specialists in curating insights from padel coaches, professional players, and trusted reviewers. Our goal is to make expert knowledge easy to understand and accessible for every player.\",\"sameAs\":[\"http:\\\/\\\/practicapadel.com\"],\"knowsAbout\":[\"Padel racket reviews\",\"Padel training\",\"Sports journalism\",\"Equipment analysis\",\"Data structuring\",\"Knowledge curation\",\"PHP\",\"Javascript\",\"Webdesign\"],\"knowsLanguage\":[\"Danish\",\"English\",\"French\",\"German\",\"Italian\",\"Spanish\",\"Swedish\",\"Dutch\",\"Greek\",\"Norwegian (Bokm\u00e5l)\",\"Polish\",\"Portuguese\",\"Estonian\",\"Finnish\"],\"jobTitle\":\"Editorial Team\",\"worksFor\":\"Practica Padel\",\"url\":\"https:\\\/\\\/practicapadel.com\\\/et\\\/author\\\/practica-padel-team\\\/\"}]}<\/script>\n<!-- \/ Yoast SEO Premium plugin. -->","yoast_head_json":{"title":"Kuidas Deusi vennad said Portugali parimateks padelim\u00e4ngijateks","description":"Uuri, kuidas Miguel ja Nuno Deus t\u00f5usid Portugali juhtivaks padeliduoks, nende teekonda tennise juurest, vennalikku s\u00fcnergiat ja mis neid v\u00e4ljakul eristab.","robots":{"index":"index","follow":"follow","max-snippet":"max-snippet:-1","max-image-preview":"max-image-preview:large","max-video-preview":"max-video-preview:-1"},"canonical":"https:\/\/practicapadel.com\/et\/pro-mangija-intervjuud\/kuidas-deusi-vennad-said-portugali-parimaks-padeliduoks\/","og_locale":"et_EE","og_type":"article","og_title":"Kuidas Deusi vennad said Portugali parimaks padeliduoks","og_description":"Uuri, kuidas Miguel ja Nuno Deus t\u00f5usid Portugali juhtivaks padeliduoks, nende teekonda tennise juurest, vennalikku s\u00fcnergiat ja mis neid v\u00e4ljakul eristab.","og_url":"https:\/\/practicapadel.com\/et\/pro-mangija-intervjuud\/kuidas-deusi-vennad-said-portugali-parimaks-padeliduoks\/","og_site_name":"Practica Padel","article_published_time":"2026-01-16T14:39:02+00:00","article_modified_time":"2026-01-16T14:49:16+00:00","og_image":[{"width":1200,"height":900,"url":"https:\/\/practicapadel.com\/wp-content\/uploads\/2026\/01\/deusi-vennad-portugal-padel.png","type":"image\/png"}],"author":"Practica Padel Team","twitter_card":"summary_large_image","twitter_misc":{"Written by":"Practica Padel Team","Est. reading time":"4 minutit"},"schema":{"@context":"https:\/\/schema.org","@graph":[{"@type":"Article","@id":"https:\/\/practicapadel.com\/et\/pro-mangija-intervjuud\/kuidas-deusi-vennad-said-portugali-parimaks-padeliduoks\/#article","isPartOf":{"@id":"https:\/\/practicapadel.com\/et\/pro-mangija-intervjuud\/kuidas-deusi-vennad-said-portugali-parimaks-padeliduoks\/"},"author":{"name":"Practica Padel Team","@id":"https:\/\/practicapadel.com\/et\/#\/schema\/person\/af64f7b6f369d9f8143409566a9a8666"},"headline":"Kuidas Deusi vennad said Portugali parimaks padeliduoks","datePublished":"2026-01-16T14:39:02+00:00","dateModified":"2026-01-16T14:49:16+00:00","mainEntityOfPage":{"@id":"https:\/\/practicapadel.com\/et\/pro-mangija-intervjuud\/kuidas-deusi-vennad-said-portugali-parimaks-padeliduoks\/"},"wordCount":794,"publisher":{"@id":"https:\/\/practicapadel.com\/et\/#organization"},"image":{"@id":"https:\/\/practicapadel.com\/et\/pro-mangija-intervjuud\/kuidas-deusi-vennad-said-portugali-parimaks-padeliduoks\/#primaryimage"},"thumbnailUrl":"https:\/\/practicapadel.com\/wp-content\/uploads\/2026\/01\/deusi-vennad-portugal-padel.png","articleSection":["Pro m\u00e4ngija intervjuud"],"inLanguage":"et"},{"@type":"WebPage","@id":"https:\/\/practicapadel.com\/et\/pro-mangija-intervjuud\/kuidas-deusi-vennad-said-portugali-parimaks-padeliduoks\/","url":"https:\/\/practicapadel.com\/et\/pro-mangija-intervjuud\/kuidas-deusi-vennad-said-portugali-parimaks-padeliduoks\/","name":"Kuidas Deusi vennad said Portugali parimateks padelim\u00e4ngijateks","isPartOf":{"@id":"https:\/\/practicapadel.com\/et\/#website"},"primaryImageOfPage":{"@id":"https:\/\/practicapadel.com\/et\/pro-mangija-intervjuud\/kuidas-deusi-vennad-said-portugali-parimaks-padeliduoks\/#primaryimage"},"image":{"@id":"https:\/\/practicapadel.com\/et\/pro-mangija-intervjuud\/kuidas-deusi-vennad-said-portugali-parimaks-padeliduoks\/#primaryimage"},"thumbnailUrl":"https:\/\/practicapadel.com\/wp-content\/uploads\/2026\/01\/deusi-vennad-portugal-padel.png","datePublished":"2026-01-16T14:39:02+00:00","dateModified":"2026-01-16T14:49:16+00:00","description":"Uuri, kuidas Miguel ja Nuno Deus t\u00f5usid Portugali juhtivaks padeliduoks, nende teekonda tennise juurest, vennalikku s\u00fcnergiat ja mis neid v\u00e4ljakul eristab.","breadcrumb":{"@id":"https:\/\/practicapadel.com\/et\/pro-mangija-intervjuud\/kuidas-deusi-vennad-said-portugali-parimaks-padeliduoks\/#breadcrumb"},"inLanguage":"et","potentialAction":[{"@type":"ReadAction","target":["https:\/\/practicapadel.com\/et\/pro-mangija-intervjuud\/kuidas-deusi-vennad-said-portugali-parimaks-padeliduoks\/"]}]},{"@type":"ImageObject","inLanguage":"et","@id":"https:\/\/practicapadel.com\/et\/pro-mangija-intervjuud\/kuidas-deusi-vennad-said-portugali-parimaks-padeliduoks\/#primaryimage","url":"https:\/\/practicapadel.com\/wp-content\/uploads\/2026\/01\/deusi-vennad-portugal-padel.png","contentUrl":"https:\/\/practicapadel.com\/wp-content\/uploads\/2026\/01\/deusi-vennad-portugal-padel.png","width":1200,"height":900,"caption":"deusi vennad portugal padel"},{"@type":"BreadcrumbList","@id":"https:\/\/practicapadel.com\/et\/pro-mangija-intervjuud\/kuidas-deusi-vennad-said-portugali-parimaks-padeliduoks\/#breadcrumb","itemListElement":[{"@type":"ListItem","position":1,"name":"Avaleht","item":"https:\/\/practicapadel.com\/et\/"},{"@type":"ListItem","position":2,"name":"Pro m\u00e4ngija intervjuud","item":"https:\/\/practicapadel.com\/et\/category\/pro-mangija-intervjuud\/"},{"@type":"ListItem","position":3,"name":"Kuidas Deusi vennad said Portugali parimaks padeliduoks"}]},{"@type":"WebSite","@id":"https:\/\/practicapadel.com\/et\/#website","url":"https:\/\/practicapadel.com\/et\/","name":"Practica Padel","description":"Sinu t\u00e4ielik allikas padelivarustuse, treeningu ja m\u00e4ngijate teadmiste jaoks","publisher":{"@id":"https:\/\/practicapadel.com\/et\/#organization"},"potentialAction":[{"@type":"SearchAction","target":{"@type":"EntryPoint","urlTemplate":"https:\/\/practicapadel.com\/et\/?s={search_term_string}"},"query-input":{"@type":"PropertyValueSpecification","valueRequired":true,"valueName":"search_term_string"}}],"inLanguage":"et"},{"@type":"Organization","@id":"https:\/\/practicapadel.com\/et\/#organization","name":"Practica Padel","url":"https:\/\/practicapadel.com\/et\/","logo":{"@type":"ImageObject","inLanguage":"et","@id":"https:\/\/practicapadel.com\/et\/#\/schema\/logo\/image\/","url":"https:\/\/practicapadel.com\/wp-content\/uploads\/2025\/08\/practica-padel-695x695-1.png","contentUrl":"https:\/\/practicapadel.com\/wp-content\/uploads\/2025\/08\/practica-padel-695x695-1.png","width":695,"height":695,"caption":"Practica Padel"},"image":{"@id":"https:\/\/practicapadel.com\/et\/#\/schema\/logo\/image\/"},"description":"Practica Padel on ekspertidel p\u00f5hinev digitaalne ajakiri, mis on p\u00fchendatud padelile. Pakume usaldusv\u00e4\u00e4rseid reketi\u00fclevaateid, treeningu- ja taktikasoovitusi, l\u00f6\u00f6gijuhendeid, tervisen\u00f5uandeid, turniirikajastusi, elustiililugusid ja m\u00e4ngijate lugusid padelihuvilistele kogu maailmas.","email":"thepracticapadel@gmail.com","foundingDate":"2025-05-30","numberOfEmployees":{"@type":"QuantitativeValue","minValue":"1","maxValue":"10"}},{"@type":"Person","@id":"https:\/\/practicapadel.com\/et\/#\/schema\/person\/af64f7b6f369d9f8143409566a9a8666","name":"Practica Padel Team","image":{"@type":"ImageObject","inLanguage":"et","@id":"https:\/\/secure.gravatar.com\/avatar\/5b00b8a0294a5ffc79b628cac1f1bedf7802f97bc10a75d3c2065bfb3e5d55d7?s=96&d=mm&r=g","url":"https:\/\/secure.gravatar.com\/avatar\/5b00b8a0294a5ffc79b628cac1f1bedf7802f97bc10a75d3c2065bfb3e5d55d7?s=96&d=mm&r=g","contentUrl":"https:\/\/secure.gravatar.com\/avatar\/5b00b8a0294a5ffc79b628cac1f1bedf7802f97bc10a75d3c2065bfb3e5d55d7?s=96&d=mm&r=g","caption":"Practica Padel Team"},"description":"Specialists in curating insights from padel coaches, professional players, and trusted reviewers. Our goal is to make expert knowledge easy to understand and accessible for every player.","sameAs":["http:\/\/practicapadel.com"],"knowsAbout":["Padel racket reviews","Padel training","Sports journalism","Equipment analysis","Data structuring","Knowledge curation","PHP","Javascript","Webdesign"],"knowsLanguage":["Danish","English","French","German","Italian","Spanish","Swedish","Dutch","Greek","Norwegian (Bokm\u00e5l)","Polish","Portuguese","Estonian","Finnish"],"jobTitle":"Editorial Team","worksFor":"Practica Padel","url":"https:\/\/practicapadel.com\/et\/author\/practica-padel-team\/"}]}},"_links":{"self":[{"href":"https:\/\/practicapadel.com\/et\/wp-json\/wp\/v2\/posts\/213790","targetHints":{"allow":["GET"]}}],"collection":[{"href":"https:\/\/practicapadel.com\/et\/wp-json\/wp\/v2\/posts"}],"about":[{"href":"https:\/\/practicapadel.com\/et\/wp-json\/wp\/v2\/types\/post"}],"author":[{"embeddable":true,"href":"https:\/\/practicapadel.com\/et\/wp-json\/wp\/v2\/users\/1"}],"replies":[{"embeddable":true,"href":"https:\/\/practicapadel.com\/et\/wp-json\/wp\/v2\/comments?post=213790"}],"version-history":[{"count":2,"href":"https:\/\/practicapadel.com\/et\/wp-json\/wp\/v2\/posts\/213790\/revisions"}],"predecessor-version":[{"id":213881,"href":"https:\/\/practicapadel.com\/et\/wp-json\/wp\/v2\/posts\/213790\/revisions\/213881"}],"wp:featuredmedia":[{"embeddable":true,"href":"https:\/\/practicapadel.com\/et\/wp-json\/wp\/v2\/media\/213882"}],"wp:attachment":[{"href":"https:\/\/practicapadel.com\/et\/wp-json\/wp\/v2\/media?parent=213790"}],"wp:term":[{"taxonomy":"category","embeddable":true,"href":"https:\/\/practicapadel.com\/et\/wp-json\/wp\/v2\/categories?post=213790"},{"taxonomy":"post_tag","embeddable":true,"href":"https:\/\/practicapadel.com\/et\/wp-json\/wp\/v2\/tags?post=213790"},{"taxonomy":"youtube-channel","embeddable":true,"href":"https:\/\/practicapadel.com\/et\/wp-json\/wp\/v2\/youtube-channel?post=213790"}],"curies":[{"name":"wp","href":"https:\/\/api.w.org\/{rel}","templated":true}]}}