{"id":226263,"date":"2026-01-27T19:26:26","date_gmt":"2026-01-27T19:26:26","guid":{"rendered":"https:\/\/practicapadel.com\/padel-artiklid\/fernando-belasteguin-on-adapting-and-shaping-padels-global-future\/"},"modified":"2026-01-27T19:37:58","modified_gmt":"2026-01-27T19:37:58","slug":"fernando-belasteguin-paadeli-tulevik-ja-kasv","status":"publish","type":"post","link":"https:\/\/practicapadel.com\/et\/pro-mangija-intervjuud\/fernando-belasteguin-paadeli-tulevik-ja-kasv\/","title":{"rendered":"Fernando Belastegu\u00edn kohanemine ja padeli \u00fcleilmse tuleviku kujundamine"},"content":{"rendered":"<h2>Fernando \u201cBela\u201d Belastegu\u00edn m\u00f5tiskleb legendaarse padelikarj\u00e4\u00e4ri ja spordiala arengu \u00fcle<\/h2>\n<p>Kanalil ilmunud intervjuu <strong>Fernando \u201cBela\u201d Belastegu\u00edniga<\/strong> pakub haruldast ja p\u00f5hjalikku pilku k\u00f5ige tituleerituma m\u00e4ngija m\u00f5ttemaailma ja teekonda. <strong>16 aastat maailma esinumber<\/strong> ja \u00fcle <strong>230 tiitli<\/strong> \u2013 Bela lugu on orgaanilisest kasvust, v\u00e4simatust kohanemisest ja s\u00fcgavast kirest padeli vastu. Ta alustas m\u00e4ngimist 10-aastaselt kodulinnas, vahetades kiiresti jalgpalli padeli vastu, kui esimesed v\u00e4ljakud kohapeal avati. 15-aastaselt v\u00f5istles ta juba professionaalselt, kuid kirjeldab neid aastaid loomuliku arenguna, mitte teadliku tipup\u00fc\u00fcdlusena.<\/p>\n<p>Bela kolimine Argentinast Hispaaniasse oli p\u00f6\u00f6rdepunkt, mida ajendas soov v\u00f5istelda parimatega, kui profimaastik liikus Euroopasse. Ta r\u00f5hutab, et tipus p\u00fcsimine oli v\u00f5imalik vaid pideva kohanemisega \u2013 nii spordiala muutuvate n\u00f5udmiste kui ka enda kehaliste v\u00f5imete arenguga.<\/p>\n<h2>Kohanemine muutustega: v\u00e4ljakud, varustus ja t\u00e4nap\u00e4evane m\u00e4ng<\/h2>\n<p>Kolme aastak\u00fcmne jooksul eliittasemel on Bela n\u00e4inud ja omaks v\u00f5tnud suuri muutusi padelis. Ta meenutab, kuidas alustas <strong>tsemendiv\u00e4ljakutel<\/strong> ja kohanes, kui v\u00e4ljakupinnad, varustus ja m\u00e4ngutempo arenesid. Intervjueerija toob esile Bela filosoofia: konkurentsis p\u00fcsimiseks peab professionaal ette n\u00e4gema ja kohanema iga muutusega \u2013 olgu selleks v\u00e4ljakutehnoloogia v\u00f5i pallikiirus.<\/p>\n<p>Viimastel aastatel on m\u00e4ng muutunud m\u00e4rgatavalt kiiremaks \u2013 pallid liiguvad kiiremini ja liikumine on d\u00fcnaamilisem. Bela tunnistab, et see kiirenemine langes kokku tema enda reflekside ja kiiruse loomuliku aeglustumisega, mis muutis esik\u00fcmnes p\u00fcsimise \u00fcha keerulisemaks. Samas peab ta neid muutusi paratamatuks ja isegi tervitatavaks spordiala arengule.<\/p>\n<h2>Padeli \u00fcleilmne kasv ja v\u00f5imalused Ameerika \u00dchendriikides<\/h2>\n<p>Intervjueerija uurib koos Belaga padeli plahvatuslikku kasvu kogu maailmas. Kui varem oli see koondunud <strong>Argentinasse<\/strong> ja <strong>Hispaaniasse<\/strong>, siis n\u00fc\u00fcd on spordialal palju laiem haare. Bela tunnustab <strong>sotsiaalmeedia<\/strong> rolli \u00fclemaailmse teadlikkuse kiirendamisel, kuid m\u00e4rgib, et vaatamata edusammudele on padel paljudes piirkondades alles lapsekingades.<\/p>\n<p>Fookusesse t\u00f5useb <strong>Ameerika \u00dchendriigid<\/strong>, kus Bela n\u00e4eb tohutut potentsiaali, eriti <strong>L\u00f5una-Floridas<\/strong>, kus spordiala populaarsus kasvab. Ta v\u00f5rdleb padeli praegust arengufaasi beebiga, kes alles \u00f5pib roomama ja kellel on pikk tee minna enne, kui ta suudab &#8220;sada meetrit joosta&#8221;. Bela on siiski kindel, et padelist saab j\u00e4rgmise k\u00fcmnendi jooksul oluline \u00fcleilmne spordiala.<\/p>\n<p>Huvitaval kombel peab ta <strong>pickleballi<\/strong> t\u00f5usu USA-s positiivseks j\u00f5uks, ennustades, et paljud pickleballi m\u00e4ngijad liiguvad l\u00f5puks padeli juurde, kiirendades veelgi selle kasvu. Ta pooldab h\u00fcbriidklubisid, kus pakutakse m\u00f5lemat spordiala, r\u00f5hutades nende t\u00e4iendavat, mitte konkureerivat olemust.<\/p>\n<h2>Bela Padeli br\u00e4nd ja rahvusvaheline klubide laienemine<\/h2>\n<p>Bela r\u00e4\u00e4gib oma visioonist <strong>Bela Padel Center<\/strong> br\u00e4ndi jaoks, mis sai alguse pandeemia ajal ja realiseerus lipulaevklubi avamisega Alicante&#8217;s. Projekt toimib tema metoodika ja filosoofia &#8220;laborina&#8221;, plaaniga laieneda \u00fcle maailma p\u00e4rast suure keskuse avamist <strong>Barcelonas<\/strong>.<\/p>\n<p>Ta r\u00f5hutab kogemustest \u00f5ppimise t\u00e4htsust \u2013 ideede testimist, vigade tegemist ja mudeli t\u00e4iustamist enne suuremat laienemist. L\u00f5ppeesm\u00e4rk on rajada peakorter Barcelonasse ja viia Bela Padel Centeri kontseptsioon turgudele nagu Ameerika \u00dchendriigid, pidades alati silmas spordiala j\u00e4tkusuutlikku kasvu.<\/p>\n<h2>Ekshibitsioonid, Premier Padel League ja m\u00e4ngijate prestii\u017e<\/h2>\n<p>V\u00f5istlusmaastikule p\u00f6\u00f6rdudes jagab Bela oma arvamust uute formaatide, nagu <strong>Premier Padel League (PPL)<\/strong>, <strong>Hexagon Cup<\/strong> ja teiste ekshibitsioonide kohta. Tema arvates on need turniirid v\u00e4\u00e4rtuslikud padeli tutvustamiseks ja uute vaatajate kaasamiseks, eriti arenevatel turgudel nagu USA ja India.<\/p>\n<p>Siiski eristab Bela edetabelip\u00f5histe sarjade, nagu <strong>Premier Padel<\/strong>, prestii\u017ei ja ekshibitsioonide rahalisi stiimuleid. Tema jaoks tuleb t\u00f5eline staatus ametlikus edetabelis esikohal olemisest, mitte \u00fcksikutest v\u00f5itudest. Ta toetab tasakaalustatud l\u00e4henemist, kus nii ekshibitsioonid kui ka edetabeliturniirid eksisteerivad koos, et maksimeerida padeli n\u00e4htavust ja usaldusv\u00e4\u00e4rsust.<\/p>\n<h2>Finantsreaalsus ja professionaalse padeli \u00f6kos\u00fcsteem<\/h2>\n<p>Kanal uurib professionaalse padeli majandust ning Bela toob ausalt v\u00e4lja m\u00e4ngijate sissetulekud:<\/p>\n<ul>\n<li><strong>1. koht:<\/strong> Kuni 4 miljonit dollarit aastas<\/li>\n<li><strong>10. koht:<\/strong> Umbes 1,5 miljonit dollarit<\/li>\n<li><strong>Kohad 11\u201320:<\/strong> 1,5 miljonit kuni 800 000 dollarit<\/li>\n<li><strong>Madalamad kohad (20+):<\/strong> Langevad summad, noored m\u00e4ngijad teenivad sageli palju v\u00e4hem<\/li>\n<\/ul>\n<p>Ta m\u00e4rgib, et auhinnaraha on viimase kolme aasta jooksul Premier Padeli tulekuga h\u00fcppeliselt kasvanud, kuid r\u00f5hutab vajadust j\u00e4tkuva kasvu ja \u00f5iglasema jaotuse j\u00e4rele m\u00e4ngijate ja korraldajate vahel. Bela k\u00e4sitleb ka sponsorite ja sotsiaalmeedia rolli, kinnitades, et kuigi veebis n\u00e4htavus v\u00f5ib aidata, ei asenda see v\u00f5ite v\u00e4ljakul. Ta julgustab noori proffe keskenduma treeningule ja tulemustele, mitte j\u00e4lgijate arvule.<\/p>\n<h2>Miami Premier Padeli turniir ja sisev\u00e4ljakute t\u00e4htsus<\/h2>\n<p>Bela v\u00e4ljendab elevust esimese <strong>Premier Padeli turniiri korraldamise \u00fcle Miamis<\/strong>, n\u00e4hes seda olulise hetkena spordiala laienemisel P\u00f5hja-Ameerikas. \u00dcritus toimub <strong>Miami Beachi konverentsikeskuses<\/strong>, mahutades umbes <strong>1700 pealtvaatajat<\/strong> (1300 trib\u00fc\u00fcnidel ja 400 boksides). Ta selgitab, et turniir hoitakse esimestel aastatel &#8220;butiik&#8221;-m\u00f5\u00f5tmetes, eelistades kvaliteeti ja kogukonna kaasamist kiirele laienemisele.<\/p>\n<p>Ta toob esile ka sises\u00fcndmuse eelised \u2013 puuduvad tuule, vihma ja niiskuse probleemid, mis on varem Miamis v\u00e4liturniire m\u00f5jutanud. See kontrollitud keskkond pakub tema arvates paremat kogemust nii m\u00e4ngijatele kui ka f\u00e4nnidele, seades standardi tulevastele \u00fcritustele piirkonnas.<\/p>\n<h2>Koost\u00f6\u00f6 Wilsoniga ja padelivarustuse tulevik<\/h2>\n<p>Intervjuu l\u00f5pus m\u00f5tiskleb Bela oma koost\u00f6\u00f6 \u00fcle <strong>Wilsoniga<\/strong>, keda ta peab reketispordi liidriks. Ta on tihedalt seotud oma tootesarja arendamisega Wilsoni kaubam\u00e4rgi all, eesm\u00e4rgiga muuta see maailma juhtivaks padelibr\u00e4ndiks. P\u00e4rast sportlaskarj\u00e4\u00e4ri l\u00f5ppu plaanib Bela teha inseneridega tihedat koost\u00f6\u00f6d, et t\u00e4iustada ja laiendada oma kollektsiooni, tagades selle sobivuse m\u00e4ngijate muutuvatele vajadustele kogu maailmas.<\/p>\n<h2>Olulised m\u00f5tted Bela vaadetest padeli tulevikule<\/h2>\n<ul>\n<li><strong>Kohanemine on h\u00e4davajalik<\/strong>: Spordiala ja m\u00e4ngijad peavad pidevalt arenema, et konkurentsis p\u00fcsida.<\/li>\n<li><strong>\u00dcleilmne kasv kiireneb<\/strong>, kuid paljudes riikides, eriti USA-s, on padel alles algusj\u00e4rgus.<\/li>\n<li><strong>H\u00fcbriidklubid ja t\u00e4iendavad spordialad<\/strong> nagu pickleball aitavad t\u00f5sta osalust ja teadlikkust.<\/li>\n<li><strong>Prestii\u017e tuleb edetabelitest<\/strong>, mitte ainult v\u00f5itudest v\u00f5i sotsiaalmeedia n\u00e4htavusest.<\/li>\n<li><strong>Investeeringud infrastruktuuri ja kvaliteetsetesse \u00fcritustesse<\/strong> on padeli j\u00e4tkusuutliku kasvu v\u00f5ti.<\/li>\n<\/ul>\n<p>Bela visioon, kogemus ja p\u00fchendumus spordile teevad temast nii legendaarse m\u00e4ngija kui ka padeli \u00fcleilmse tuleviku eestvedaja.<\/p>\n","protected":false},"excerpt":{"rendered":"<p>Fernando \u201cBela\u201d Belastegu\u00edn jagab oma ainulaadset vaadet padeli arengule, tuginedes aastak\u00fcmnetele maailma tipus. Ta r\u00e4\u00e4gib kohanemise olulisusest, spordiala kiirest \u00fclemaailmsest laienemisest ja oma visioonist padeli tuleviku kohta. Loe edasi, et avastada Bela m\u00f5tteid sellest, kuidas j\u00e4\u00e4da asjakohaseks ja edendada padeli kasvu.<\/p>\n","protected":false},"author":1,"featured_media":226355,"comment_status":"closed","ping_status":"closed","sticky":false,"template":"","format":"standard","meta":{"_acf_changed":false,"footnotes":""},"categories":[542],"tags":[],"youtube-channel":[285],"class_list":["post-226263","post","type-post","status-publish","format-standard","has-post-thumbnail","hentry","category-pro-mangija-intervjuud","generate-columns","tablet-grid-50","mobile-grid-100","grid-parent","grid-33"],"acf":[],"yoast_head":"<!-- This site is optimized with the Yoast SEO Premium plugin v27.4 (Yoast SEO v27.4) - https:\/\/yoast.com\/product\/yoast-seo-premium-wordpress\/ -->\n<title>Fernando Belastegu\u00edn: padeli areng, kasv ja tulevik<\/title>\n<meta name=\"description\" content=\"Avasta Fernando Belastegu\u00edni vaated padeli arengule, \u00fcleilmsele kasvule ja sellele, mis ootab spordiala ees USA-s ja mujal.\" \/>\n<meta name=\"robots\" content=\"index, follow, max-snippet:-1, max-image-preview:large, max-video-preview:-1\" \/>\n<link rel=\"canonical\" href=\"https:\/\/practicapadel.com\/et\/pro-mangija-intervjuud\/fernando-belasteguin-paadeli-tulevik-ja-kasv\/\" \/>\n<meta property=\"og:locale\" content=\"et_EE\" \/>\n<meta property=\"og:type\" content=\"article\" \/>\n<meta property=\"og:title\" content=\"Fernando Belastegu\u00edn kohanemine ja padeli \u00fcleilmse tuleviku kujundamine\" \/>\n<meta property=\"og:description\" content=\"Avasta Fernando Belastegu\u00edni vaated padeli arengule, \u00fcleilmsele kasvule ja sellele, mis ootab spordiala ees USA-s ja mujal.\" \/>\n<meta property=\"og:url\" content=\"https:\/\/practicapadel.com\/et\/pro-mangija-intervjuud\/fernando-belasteguin-paadeli-tulevik-ja-kasv\/\" \/>\n<meta property=\"og:site_name\" content=\"Practica Padel\" \/>\n<meta property=\"article:published_time\" content=\"2026-01-27T19:26:26+00:00\" \/>\n<meta property=\"article:modified_time\" content=\"2026-01-27T19:37:58+00:00\" \/>\n<meta property=\"og:image\" content=\"https:\/\/practicapadel.com\/wp-content\/uploads\/2026\/01\/fernando-belasteguin-paadeli-legend.png\" \/>\n\t<meta property=\"og:image:width\" content=\"1200\" \/>\n\t<meta property=\"og:image:height\" content=\"900\" \/>\n\t<meta property=\"og:image:type\" content=\"image\/png\" \/>\n<meta name=\"author\" content=\"Practica Padel Team\" \/>\n<meta name=\"twitter:card\" content=\"summary_large_image\" \/>\n<meta name=\"twitter:label1\" content=\"Written by\" \/>\n\t<meta name=\"twitter:data1\" content=\"Practica Padel Team\" \/>\n\t<meta name=\"twitter:label2\" content=\"Est. reading time\" \/>\n\t<meta name=\"twitter:data2\" content=\"5 minutit\" \/>\n<script type=\"application\/ld+json\" class=\"yoast-schema-graph\">{\"@context\":\"https:\\\/\\\/schema.org\",\"@graph\":[{\"@type\":\"Article\",\"@id\":\"https:\\\/\\\/practicapadel.com\\\/et\\\/pro-mangija-intervjuud\\\/fernando-belasteguin-paadeli-tulevik-ja-kasv\\\/#article\",\"isPartOf\":{\"@id\":\"https:\\\/\\\/practicapadel.com\\\/et\\\/pro-mangija-intervjuud\\\/fernando-belasteguin-paadeli-tulevik-ja-kasv\\\/\"},\"author\":{\"name\":\"Practica Padel Team\",\"@id\":\"https:\\\/\\\/practicapadel.com\\\/et\\\/#\\\/schema\\\/person\\\/af64f7b6f369d9f8143409566a9a8666\"},\"headline\":\"Fernando Belastegu\u00edn kohanemine ja padeli \u00fcleilmse tuleviku kujundamine\",\"datePublished\":\"2026-01-27T19:26:26+00:00\",\"dateModified\":\"2026-01-27T19:37:58+00:00\",\"mainEntityOfPage\":{\"@id\":\"https:\\\/\\\/practicapadel.com\\\/et\\\/pro-mangija-intervjuud\\\/fernando-belasteguin-paadeli-tulevik-ja-kasv\\\/\"},\"wordCount\":969,\"publisher\":{\"@id\":\"https:\\\/\\\/practicapadel.com\\\/et\\\/#organization\"},\"image\":{\"@id\":\"https:\\\/\\\/practicapadel.com\\\/et\\\/pro-mangija-intervjuud\\\/fernando-belasteguin-paadeli-tulevik-ja-kasv\\\/#primaryimage\"},\"thumbnailUrl\":\"https:\\\/\\\/practicapadel.com\\\/wp-content\\\/uploads\\\/2026\\\/01\\\/fernando-belasteguin-paadeli-legend.png\",\"articleSection\":[\"Pro m\u00e4ngija intervjuud\"],\"inLanguage\":\"et\"},{\"@type\":\"WebPage\",\"@id\":\"https:\\\/\\\/practicapadel.com\\\/et\\\/pro-mangija-intervjuud\\\/fernando-belasteguin-paadeli-tulevik-ja-kasv\\\/\",\"url\":\"https:\\\/\\\/practicapadel.com\\\/et\\\/pro-mangija-intervjuud\\\/fernando-belasteguin-paadeli-tulevik-ja-kasv\\\/\",\"name\":\"Fernando Belastegu\u00edn: padeli areng, kasv ja tulevik\",\"isPartOf\":{\"@id\":\"https:\\\/\\\/practicapadel.com\\\/et\\\/#website\"},\"primaryImageOfPage\":{\"@id\":\"https:\\\/\\\/practicapadel.com\\\/et\\\/pro-mangija-intervjuud\\\/fernando-belasteguin-paadeli-tulevik-ja-kasv\\\/#primaryimage\"},\"image\":{\"@id\":\"https:\\\/\\\/practicapadel.com\\\/et\\\/pro-mangija-intervjuud\\\/fernando-belasteguin-paadeli-tulevik-ja-kasv\\\/#primaryimage\"},\"thumbnailUrl\":\"https:\\\/\\\/practicapadel.com\\\/wp-content\\\/uploads\\\/2026\\\/01\\\/fernando-belasteguin-paadeli-legend.png\",\"datePublished\":\"2026-01-27T19:26:26+00:00\",\"dateModified\":\"2026-01-27T19:37:58+00:00\",\"description\":\"Avasta Fernando Belastegu\u00edni vaated padeli arengule, \u00fcleilmsele kasvule ja sellele, mis ootab spordiala ees USA-s ja mujal.\",\"breadcrumb\":{\"@id\":\"https:\\\/\\\/practicapadel.com\\\/et\\\/pro-mangija-intervjuud\\\/fernando-belasteguin-paadeli-tulevik-ja-kasv\\\/#breadcrumb\"},\"inLanguage\":\"et\",\"potentialAction\":[{\"@type\":\"ReadAction\",\"target\":[\"https:\\\/\\\/practicapadel.com\\\/et\\\/pro-mangija-intervjuud\\\/fernando-belasteguin-paadeli-tulevik-ja-kasv\\\/\"]}]},{\"@type\":\"ImageObject\",\"inLanguage\":\"et\",\"@id\":\"https:\\\/\\\/practicapadel.com\\\/et\\\/pro-mangija-intervjuud\\\/fernando-belasteguin-paadeli-tulevik-ja-kasv\\\/#primaryimage\",\"url\":\"https:\\\/\\\/practicapadel.com\\\/wp-content\\\/uploads\\\/2026\\\/01\\\/fernando-belasteguin-paadeli-legend.png\",\"contentUrl\":\"https:\\\/\\\/practicapadel.com\\\/wp-content\\\/uploads\\\/2026\\\/01\\\/fernando-belasteguin-paadeli-legend.png\",\"width\":1200,\"height\":900,\"caption\":\"fernando belasteguin paadeli legend\"},{\"@type\":\"BreadcrumbList\",\"@id\":\"https:\\\/\\\/practicapadel.com\\\/et\\\/pro-mangija-intervjuud\\\/fernando-belasteguin-paadeli-tulevik-ja-kasv\\\/#breadcrumb\",\"itemListElement\":[{\"@type\":\"ListItem\",\"position\":1,\"name\":\"Avaleht\",\"item\":\"https:\\\/\\\/practicapadel.com\\\/et\\\/\"},{\"@type\":\"ListItem\",\"position\":2,\"name\":\"Pro m\u00e4ngija intervjuud\",\"item\":\"https:\\\/\\\/practicapadel.com\\\/et\\\/category\\\/pro-mangija-intervjuud\\\/\"},{\"@type\":\"ListItem\",\"position\":3,\"name\":\"Fernando Belastegu\u00edn kohanemine ja padeli \u00fcleilmse tuleviku kujundamine\"}]},{\"@type\":\"WebSite\",\"@id\":\"https:\\\/\\\/practicapadel.com\\\/et\\\/#website\",\"url\":\"https:\\\/\\\/practicapadel.com\\\/et\\\/\",\"name\":\"Practica Padel\",\"description\":\"Sinu t\u00e4ielik allikas padelivarustuse, treeningu ja m\u00e4ngijate teadmiste jaoks\",\"publisher\":{\"@id\":\"https:\\\/\\\/practicapadel.com\\\/et\\\/#organization\"},\"potentialAction\":[{\"@type\":\"SearchAction\",\"target\":{\"@type\":\"EntryPoint\",\"urlTemplate\":\"https:\\\/\\\/practicapadel.com\\\/et\\\/?s={search_term_string}\"},\"query-input\":{\"@type\":\"PropertyValueSpecification\",\"valueRequired\":true,\"valueName\":\"search_term_string\"}}],\"inLanguage\":\"et\"},{\"@type\":\"Organization\",\"@id\":\"https:\\\/\\\/practicapadel.com\\\/et\\\/#organization\",\"name\":\"Practica Padel\",\"url\":\"https:\\\/\\\/practicapadel.com\\\/et\\\/\",\"logo\":{\"@type\":\"ImageObject\",\"inLanguage\":\"et\",\"@id\":\"https:\\\/\\\/practicapadel.com\\\/et\\\/#\\\/schema\\\/logo\\\/image\\\/\",\"url\":\"https:\\\/\\\/practicapadel.com\\\/wp-content\\\/uploads\\\/2025\\\/08\\\/practica-padel-695x695-1.png\",\"contentUrl\":\"https:\\\/\\\/practicapadel.com\\\/wp-content\\\/uploads\\\/2025\\\/08\\\/practica-padel-695x695-1.png\",\"width\":695,\"height\":695,\"caption\":\"Practica Padel\"},\"image\":{\"@id\":\"https:\\\/\\\/practicapadel.com\\\/et\\\/#\\\/schema\\\/logo\\\/image\\\/\"},\"description\":\"Practica Padel on ekspertidel p\u00f5hinev digitaalne ajakiri, mis on p\u00fchendatud padelile. Pakume usaldusv\u00e4\u00e4rseid reketi\u00fclevaateid, treeningu- ja taktikasoovitusi, l\u00f6\u00f6gijuhendeid, tervisen\u00f5uandeid, turniirikajastusi, elustiililugusid ja m\u00e4ngijate lugusid padelihuvilistele kogu maailmas.\",\"email\":\"thepracticapadel@gmail.com\",\"foundingDate\":\"2025-05-30\",\"numberOfEmployees\":{\"@type\":\"QuantitativeValue\",\"minValue\":\"1\",\"maxValue\":\"10\"}},{\"@type\":\"Person\",\"@id\":\"https:\\\/\\\/practicapadel.com\\\/et\\\/#\\\/schema\\\/person\\\/af64f7b6f369d9f8143409566a9a8666\",\"name\":\"Practica Padel Team\",\"image\":{\"@type\":\"ImageObject\",\"inLanguage\":\"et\",\"@id\":\"https:\\\/\\\/secure.gravatar.com\\\/avatar\\\/5b00b8a0294a5ffc79b628cac1f1bedf7802f97bc10a75d3c2065bfb3e5d55d7?s=96&d=mm&r=g\",\"url\":\"https:\\\/\\\/secure.gravatar.com\\\/avatar\\\/5b00b8a0294a5ffc79b628cac1f1bedf7802f97bc10a75d3c2065bfb3e5d55d7?s=96&d=mm&r=g\",\"contentUrl\":\"https:\\\/\\\/secure.gravatar.com\\\/avatar\\\/5b00b8a0294a5ffc79b628cac1f1bedf7802f97bc10a75d3c2065bfb3e5d55d7?s=96&d=mm&r=g\",\"caption\":\"Practica Padel Team\"},\"description\":\"Specialists in curating insights from padel coaches, professional players, and trusted reviewers. Our goal is to make expert knowledge easy to understand and accessible for every player.\",\"sameAs\":[\"http:\\\/\\\/practicapadel.com\"],\"knowsAbout\":[\"Padel racket reviews\",\"Padel training\",\"Sports journalism\",\"Equipment analysis\",\"Data structuring\",\"Knowledge curation\",\"PHP\",\"Javascript\",\"Webdesign\"],\"knowsLanguage\":[\"Danish\",\"English\",\"French\",\"German\",\"Italian\",\"Spanish\",\"Swedish\",\"Dutch\",\"Greek\",\"Norwegian (Bokm\u00e5l)\",\"Polish\",\"Portuguese\",\"Estonian\",\"Finnish\"],\"jobTitle\":\"Editorial Team\",\"worksFor\":\"Practica Padel\",\"url\":\"https:\\\/\\\/practicapadel.com\\\/et\\\/author\\\/practica-padel-team\\\/\"}]}<\/script>\n<!-- \/ Yoast SEO Premium plugin. -->","yoast_head_json":{"title":"Fernando Belastegu\u00edn: padeli areng, kasv ja tulevik","description":"Avasta Fernando Belastegu\u00edni vaated padeli arengule, \u00fcleilmsele kasvule ja sellele, mis ootab spordiala ees USA-s ja mujal.","robots":{"index":"index","follow":"follow","max-snippet":"max-snippet:-1","max-image-preview":"max-image-preview:large","max-video-preview":"max-video-preview:-1"},"canonical":"https:\/\/practicapadel.com\/et\/pro-mangija-intervjuud\/fernando-belasteguin-paadeli-tulevik-ja-kasv\/","og_locale":"et_EE","og_type":"article","og_title":"Fernando Belastegu\u00edn kohanemine ja padeli \u00fcleilmse tuleviku kujundamine","og_description":"Avasta Fernando Belastegu\u00edni vaated padeli arengule, \u00fcleilmsele kasvule ja sellele, mis ootab spordiala ees USA-s ja mujal.","og_url":"https:\/\/practicapadel.com\/et\/pro-mangija-intervjuud\/fernando-belasteguin-paadeli-tulevik-ja-kasv\/","og_site_name":"Practica Padel","article_published_time":"2026-01-27T19:26:26+00:00","article_modified_time":"2026-01-27T19:37:58+00:00","og_image":[{"width":1200,"height":900,"url":"https:\/\/practicapadel.com\/wp-content\/uploads\/2026\/01\/fernando-belasteguin-paadeli-legend.png","type":"image\/png"}],"author":"Practica Padel Team","twitter_card":"summary_large_image","twitter_misc":{"Written by":"Practica Padel Team","Est. reading time":"5 minutit"},"schema":{"@context":"https:\/\/schema.org","@graph":[{"@type":"Article","@id":"https:\/\/practicapadel.com\/et\/pro-mangija-intervjuud\/fernando-belasteguin-paadeli-tulevik-ja-kasv\/#article","isPartOf":{"@id":"https:\/\/practicapadel.com\/et\/pro-mangija-intervjuud\/fernando-belasteguin-paadeli-tulevik-ja-kasv\/"},"author":{"name":"Practica Padel Team","@id":"https:\/\/practicapadel.com\/et\/#\/schema\/person\/af64f7b6f369d9f8143409566a9a8666"},"headline":"Fernando Belastegu\u00edn kohanemine ja padeli \u00fcleilmse tuleviku kujundamine","datePublished":"2026-01-27T19:26:26+00:00","dateModified":"2026-01-27T19:37:58+00:00","mainEntityOfPage":{"@id":"https:\/\/practicapadel.com\/et\/pro-mangija-intervjuud\/fernando-belasteguin-paadeli-tulevik-ja-kasv\/"},"wordCount":969,"publisher":{"@id":"https:\/\/practicapadel.com\/et\/#organization"},"image":{"@id":"https:\/\/practicapadel.com\/et\/pro-mangija-intervjuud\/fernando-belasteguin-paadeli-tulevik-ja-kasv\/#primaryimage"},"thumbnailUrl":"https:\/\/practicapadel.com\/wp-content\/uploads\/2026\/01\/fernando-belasteguin-paadeli-legend.png","articleSection":["Pro m\u00e4ngija intervjuud"],"inLanguage":"et"},{"@type":"WebPage","@id":"https:\/\/practicapadel.com\/et\/pro-mangija-intervjuud\/fernando-belasteguin-paadeli-tulevik-ja-kasv\/","url":"https:\/\/practicapadel.com\/et\/pro-mangija-intervjuud\/fernando-belasteguin-paadeli-tulevik-ja-kasv\/","name":"Fernando Belastegu\u00edn: padeli areng, kasv ja tulevik","isPartOf":{"@id":"https:\/\/practicapadel.com\/et\/#website"},"primaryImageOfPage":{"@id":"https:\/\/practicapadel.com\/et\/pro-mangija-intervjuud\/fernando-belasteguin-paadeli-tulevik-ja-kasv\/#primaryimage"},"image":{"@id":"https:\/\/practicapadel.com\/et\/pro-mangija-intervjuud\/fernando-belasteguin-paadeli-tulevik-ja-kasv\/#primaryimage"},"thumbnailUrl":"https:\/\/practicapadel.com\/wp-content\/uploads\/2026\/01\/fernando-belasteguin-paadeli-legend.png","datePublished":"2026-01-27T19:26:26+00:00","dateModified":"2026-01-27T19:37:58+00:00","description":"Avasta Fernando Belastegu\u00edni vaated padeli arengule, \u00fcleilmsele kasvule ja sellele, mis ootab spordiala ees USA-s ja mujal.","breadcrumb":{"@id":"https:\/\/practicapadel.com\/et\/pro-mangija-intervjuud\/fernando-belasteguin-paadeli-tulevik-ja-kasv\/#breadcrumb"},"inLanguage":"et","potentialAction":[{"@type":"ReadAction","target":["https:\/\/practicapadel.com\/et\/pro-mangija-intervjuud\/fernando-belasteguin-paadeli-tulevik-ja-kasv\/"]}]},{"@type":"ImageObject","inLanguage":"et","@id":"https:\/\/practicapadel.com\/et\/pro-mangija-intervjuud\/fernando-belasteguin-paadeli-tulevik-ja-kasv\/#primaryimage","url":"https:\/\/practicapadel.com\/wp-content\/uploads\/2026\/01\/fernando-belasteguin-paadeli-legend.png","contentUrl":"https:\/\/practicapadel.com\/wp-content\/uploads\/2026\/01\/fernando-belasteguin-paadeli-legend.png","width":1200,"height":900,"caption":"fernando belasteguin paadeli legend"},{"@type":"BreadcrumbList","@id":"https:\/\/practicapadel.com\/et\/pro-mangija-intervjuud\/fernando-belasteguin-paadeli-tulevik-ja-kasv\/#breadcrumb","itemListElement":[{"@type":"ListItem","position":1,"name":"Avaleht","item":"https:\/\/practicapadel.com\/et\/"},{"@type":"ListItem","position":2,"name":"Pro m\u00e4ngija intervjuud","item":"https:\/\/practicapadel.com\/et\/category\/pro-mangija-intervjuud\/"},{"@type":"ListItem","position":3,"name":"Fernando Belastegu\u00edn kohanemine ja padeli \u00fcleilmse tuleviku kujundamine"}]},{"@type":"WebSite","@id":"https:\/\/practicapadel.com\/et\/#website","url":"https:\/\/practicapadel.com\/et\/","name":"Practica Padel","description":"Sinu t\u00e4ielik allikas padelivarustuse, treeningu ja m\u00e4ngijate teadmiste jaoks","publisher":{"@id":"https:\/\/practicapadel.com\/et\/#organization"},"potentialAction":[{"@type":"SearchAction","target":{"@type":"EntryPoint","urlTemplate":"https:\/\/practicapadel.com\/et\/?s={search_term_string}"},"query-input":{"@type":"PropertyValueSpecification","valueRequired":true,"valueName":"search_term_string"}}],"inLanguage":"et"},{"@type":"Organization","@id":"https:\/\/practicapadel.com\/et\/#organization","name":"Practica Padel","url":"https:\/\/practicapadel.com\/et\/","logo":{"@type":"ImageObject","inLanguage":"et","@id":"https:\/\/practicapadel.com\/et\/#\/schema\/logo\/image\/","url":"https:\/\/practicapadel.com\/wp-content\/uploads\/2025\/08\/practica-padel-695x695-1.png","contentUrl":"https:\/\/practicapadel.com\/wp-content\/uploads\/2025\/08\/practica-padel-695x695-1.png","width":695,"height":695,"caption":"Practica Padel"},"image":{"@id":"https:\/\/practicapadel.com\/et\/#\/schema\/logo\/image\/"},"description":"Practica Padel on ekspertidel p\u00f5hinev digitaalne ajakiri, mis on p\u00fchendatud padelile. Pakume usaldusv\u00e4\u00e4rseid reketi\u00fclevaateid, treeningu- ja taktikasoovitusi, l\u00f6\u00f6gijuhendeid, tervisen\u00f5uandeid, turniirikajastusi, elustiililugusid ja m\u00e4ngijate lugusid padelihuvilistele kogu maailmas.","email":"thepracticapadel@gmail.com","foundingDate":"2025-05-30","numberOfEmployees":{"@type":"QuantitativeValue","minValue":"1","maxValue":"10"}},{"@type":"Person","@id":"https:\/\/practicapadel.com\/et\/#\/schema\/person\/af64f7b6f369d9f8143409566a9a8666","name":"Practica Padel Team","image":{"@type":"ImageObject","inLanguage":"et","@id":"https:\/\/secure.gravatar.com\/avatar\/5b00b8a0294a5ffc79b628cac1f1bedf7802f97bc10a75d3c2065bfb3e5d55d7?s=96&d=mm&r=g","url":"https:\/\/secure.gravatar.com\/avatar\/5b00b8a0294a5ffc79b628cac1f1bedf7802f97bc10a75d3c2065bfb3e5d55d7?s=96&d=mm&r=g","contentUrl":"https:\/\/secure.gravatar.com\/avatar\/5b00b8a0294a5ffc79b628cac1f1bedf7802f97bc10a75d3c2065bfb3e5d55d7?s=96&d=mm&r=g","caption":"Practica Padel Team"},"description":"Specialists in curating insights from padel coaches, professional players, and trusted reviewers. Our goal is to make expert knowledge easy to understand and accessible for every player.","sameAs":["http:\/\/practicapadel.com"],"knowsAbout":["Padel racket reviews","Padel training","Sports journalism","Equipment analysis","Data structuring","Knowledge curation","PHP","Javascript","Webdesign"],"knowsLanguage":["Danish","English","French","German","Italian","Spanish","Swedish","Dutch","Greek","Norwegian (Bokm\u00e5l)","Polish","Portuguese","Estonian","Finnish"],"jobTitle":"Editorial Team","worksFor":"Practica Padel","url":"https:\/\/practicapadel.com\/et\/author\/practica-padel-team\/"}]}},"_links":{"self":[{"href":"https:\/\/practicapadel.com\/et\/wp-json\/wp\/v2\/posts\/226263","targetHints":{"allow":["GET"]}}],"collection":[{"href":"https:\/\/practicapadel.com\/et\/wp-json\/wp\/v2\/posts"}],"about":[{"href":"https:\/\/practicapadel.com\/et\/wp-json\/wp\/v2\/types\/post"}],"author":[{"embeddable":true,"href":"https:\/\/practicapadel.com\/et\/wp-json\/wp\/v2\/users\/1"}],"replies":[{"embeddable":true,"href":"https:\/\/practicapadel.com\/et\/wp-json\/wp\/v2\/comments?post=226263"}],"version-history":[{"count":2,"href":"https:\/\/practicapadel.com\/et\/wp-json\/wp\/v2\/posts\/226263\/revisions"}],"predecessor-version":[{"id":226354,"href":"https:\/\/practicapadel.com\/et\/wp-json\/wp\/v2\/posts\/226263\/revisions\/226354"}],"wp:featuredmedia":[{"embeddable":true,"href":"https:\/\/practicapadel.com\/et\/wp-json\/wp\/v2\/media\/226355"}],"wp:attachment":[{"href":"https:\/\/practicapadel.com\/et\/wp-json\/wp\/v2\/media?parent=226263"}],"wp:term":[{"taxonomy":"category","embeddable":true,"href":"https:\/\/practicapadel.com\/et\/wp-json\/wp\/v2\/categories?post=226263"},{"taxonomy":"post_tag","embeddable":true,"href":"https:\/\/practicapadel.com\/et\/wp-json\/wp\/v2\/tags?post=226263"},{"taxonomy":"youtube-channel","embeddable":true,"href":"https:\/\/practicapadel.com\/et\/wp-json\/wp\/v2\/youtube-channel?post=226263"}],"curies":[{"name":"wp","href":"https:\/\/api.w.org\/{rel}","templated":true}]}}