{"id":213792,"date":"2026-01-16T14:39:02","date_gmt":"2026-01-16T14:39:02","guid":{"rendered":"https:\/\/practicapadel.com\/padel-artikkelit\/how-the-deus-brothers-became-portugals-top-padel-duo\/"},"modified":"2026-01-16T14:51:12","modified_gmt":"2026-01-16T14:51:12","slug":"kuinka-deusin-veljekset-nousivat-portugalin-padelin-huipulle","status":"publish","type":"post","link":"https:\/\/practicapadel.com\/fi\/ammattilaispelaaja-haastattelut\/kuinka-deusin-veljekset-nousivat-portugalin-padelin-huipulle\/","title":{"rendered":"Kuinka Deusin veljekset nousivat Portugalin padelin huipulle"},"content":{"rendered":"<h2>Deusin veljesten nousu portugalilaisessa padelissa<\/h2>\n<p>Deusin veljekset, <strong>Miguel<\/strong> ja <strong>Nuno<\/strong>, ovat nopeasti vakiinnuttaneet asemansa Portugalin parhaimpina padel-pelaajina. Heid\u00e4n matkansa alkoi <strong>2018<\/strong>, kun molemmat siirtyiv\u00e4t tenniksest\u00e4 padeliin, ensin valmentajina ja sitten kilpailijoina. the4Set-kanavan luoja korostaa heid\u00e4n vaikuttavaa kehityst\u00e4\u00e4n ja toteaa, ett\u00e4 heid\u00e4t tunnetaan nyt Portugalin ykk\u00f6sparina, ja jopa <strong>Cristiano Ronaldo<\/strong> on huomioinut heid\u00e4t tukemalla suurissa turnauksissa.<\/p>\n<p>Veljesten nopeaa nousua leimaavat erinomaiset suoritukset kansainv\u00e4lisill\u00e4 areenoilla. He p\u00e4\u00e4siv\u00e4t MM-kisojen v\u00e4lieriin, voittaen er\u00e4n kovaa paria <strong>Stupa ja Di Nenno<\/strong> vastaan, ja haastoi <strong>Gal\u00e1nin ja Chingotton<\/strong> kolmanteen er\u00e4\u00e4n toisessa huippuottelussa. N\u00e4m\u00e4 tulokset korostavat heid\u00e4n kasvavaa mainettaan ja kunnioitusta maailman huippujen keskuudessa.<\/p>\n<h2>Siirtyminen tenniksest\u00e4 ammattilaispadeliin<\/h2>\n<p>Sek\u00e4 Miguel ett\u00e4 Nuno aloittivat urheilu-uransa tenniksess\u00e4 ennen siirtymist\u00e4\u00e4n padeliin. Miguel siirtyi ensin, etsien parempia uramahdollisuuksia padel-valmentajana. Pian h\u00e4n huomasi viihtyv\u00e4ns\u00e4 my\u00f6s kilpakentill\u00e4 ja osallistui viikonloppuisin paikallisiin portugalilaisiin turnauksiin. Nuno seurasi per\u00e4ss\u00e4 muutamaa kuukautta my\u00f6hemmin, vaikka oli aluksi vastahakoinen tenniksen aiheuttaman uupumuksen vuoksi. V\u00e4hitellen h\u00e4n l\u00f6ysi ilon padelista ja alkoi kilpailla veljens\u00e4 rinnalla.<\/p>\n<p>Veljekset mainitsevat, ett\u00e4 heid\u00e4n l\u00e4hestymistapansa muuttui huomattavasti ammattimaisemmaksi noin <strong>2020<\/strong> pandemian j\u00e4lkeen. T\u00e4m\u00e4 sis\u00e4lsi vahvemman panostuksen fyysiseen valmistautumiseen ja j\u00e4rjestelm\u00e4llisemp\u00e4\u00e4n harjoitteluun. Yhteinen tausta tenniksess\u00e4 on kehitt\u00e4nyt heid\u00e4n teknisi\u00e4 taitojaan ja taktista ymm\u00e4rryst\u00e4\u00e4n padel-kent\u00e4ll\u00e4.<\/p>\n<h2>Veljesten yhteispeli kent\u00e4ll\u00e4<\/h2>\n<p>Sis\u00e4ll\u00f6ntuottaja pohtii Deusin veljesten ainutlaatuista dynamiikkaa kent\u00e4ll\u00e4. Molemmat ovat yht\u00e4 mielt\u00e4 siit\u00e4, ett\u00e4 vaikka haasteita on, sisarusten yhteispeliss\u00e4 on paljon enemm\u00e4n etuja kuin haittoja. He korostavat, ett\u00e4 yhteiset tavoitteet ja toistensa ajattelutavan ymm\u00e4rt\u00e4minen helpottavat suunnittelua ja taktiikoiden toteutusta. Kommunikointi on suoraviivaista, ja he pystyv\u00e4t kannustamaan toisiaan parhaaseen suoritukseen.<\/p>\n<p>Kent\u00e4n ulkopuolella he el\u00e4v\u00e4t omia el\u00e4mi\u00e4\u00e4n eiv\u00e4tk\u00e4 juuri keskustele padelista muuten kuin suunnitellessaan kautta ja harjoituksia. Kent\u00e4ll\u00e4 heid\u00e4n yhteytens\u00e4 kuitenkin n\u00e4kyy selv\u00e4sti. Veljekset my\u00f6nt\u00e4v\u00e4t, ett\u00e4 joskus he ovat toisilleen tiukempia kuin olisivat muille pelikavereille, mutta t\u00e4m\u00e4 intensiteetti johtaa usein parempiin tuloksiin.<\/p>\n<h2>Pelipaikat ja taktiset ratkaisut<\/h2>\n<p>Mielenkiintoinen osa on heid\u00e4n p\u00e4\u00e4t\u00f6ksens\u00e4 pelipaikoista kent\u00e4ll\u00e4. Miguel, joka aloitti padelin muutamaa kuukautta ennen Nunoa, pelasi aluksi k\u00e4mmenpuolta mutta siirtyi my\u00f6hemmin oikealle. T\u00e4m\u00e4 oli strateginen ratkaisu: Miguelilla oli enemm\u00e4n kokemusta ja h\u00e4n oli valmis mukautumaan joukkueen eduksi, kun taas Nunon pituus ja ulottuvuus tekiv\u00e4t h\u00e4nest\u00e4 luontevan vasemmalle puolelle, jossa ulottuvuus ja voima ovat t\u00e4rkeit\u00e4.<\/p>\n<p>T\u00e4m\u00e4 joustavuus ja halu laittaa joukkueen etu oman edelle ovat olleet avain heid\u00e4n nousuunsa. Veljesten kyky mukauttaa rooleja ja vastuuta omien vahvuuksien mukaan on heid\u00e4n tiimity\u00f6ns\u00e4 tunnusmerkki.<\/p>\n<h2>Kentt\u00e4haaste: taitojen testausta huippuja vastaan<\/h2>\n<p>Videolla sis\u00e4ll\u00f6ntuottaja haastaa Deusin veljekset sarjaan kentt\u00e4haasteita Gustavo Prato -akatemialla. Harjoituksissa pelataan kaksi yht\u00e4 vastaan, ja sis\u00e4ll\u00f6ntuottaja vaihtaa vastustajia sek\u00e4 keskittyy tiettyihin taktisiin tilanteisiin, kuten mataliin palloihin tai lentoly\u00f6ntien korostamiseen. Tavoitteena on testata puolustus- ja hy\u00f6kk\u00e4ystaitoja huipputason pelaajia vastaan.<\/p>\n<p>Harjoitukset paljastavat veljesten poikkeuksellisen tasaisuuden, nopeuden ja taktisen \u00e4lykkyyden. Sis\u00e4ll\u00f6ntuottaja huomauttaa, kuinka vaikeaa heit\u00e4 vastaan on voittaa pisteit\u00e4, vaikka s\u00e4\u00e4nt\u00f6j\u00e4 muutetaan heid\u00e4n etunsa rajoittamiseksi. Heid\u00e4n kykyns\u00e4 painostaa aggressiivisilla lentoly\u00f6nneill\u00e4 ja s\u00e4ilytt\u00e4\u00e4 maltti paineen alla on erityisen vaikuttavaa.<\/p>\n<ul>\n<li><strong>Tasaisuus:<\/strong> Harvoin tekev\u00e4t pakottamattomia virheit\u00e4, vaikka ovat paineen alla<\/li>\n<li><strong>Lentoly\u00f6ntivoima:<\/strong> Aggressiivisia ja tarkkoja, erityisesti k\u00e4mmenpuolella<\/li>\n<li><strong>Puolustustaidot:<\/strong> Erinomainen ennakointi ja liike<\/li>\n<li><strong>Taktinen kurinalaisuus:<\/strong> Pysyv\u00e4t pelisuunnitelmassa ja mukautuvat nopeasti<\/li>\n<\/ul>\n<h2>T\u00e4rkeimm\u00e4t opit Deusin veljesten pelityylist\u00e4<\/h2>\n<p>Sis\u00e4ll\u00f6ntuottajan kokemus Deusin veljeksi\u00e4 vastaan nostaa esiin useita ominaisuuksia, jotka erottavat heid\u00e4t muista:<\/p>\n<ul>\n<li><strong>Korkea fyysinen valmistautuminen<\/strong> vuodesta 2020, painottaen kuntoa ja kest\u00e4vyytt\u00e4<\/li>\n<li><strong>Vahva veljessynergia<\/strong>, joka parantaa kommunikointia ja tiimity\u00f6t\u00e4<\/li>\n<li><strong>Soveltuvuus<\/strong> pelipaikoissa ja taktiikoissa, hy\u00f6dynt\u00e4en kummankin vahvuudet<\/li>\n<li><strong>Mentaalinen kest\u00e4vyys<\/strong>, joka on kehittynyt vuosien kilpailusta tenniksess\u00e4 ja padelissa<\/li>\n<\/ul>\n<p>N\u00e4m\u00e4 ominaisuudet, yhdistettyn\u00e4 teknisiin taitoihin ja tinkim\u00e4tt\u00f6m\u00e4\u00e4n ty\u00f6ntekoon, ovat nostaneet Deusin veljekset Portugalin padelin huipulle ja tehneet heist\u00e4 pel\u00e4ttyj\u00e4 vastustajia kansainv\u00e4lisill\u00e4 kentill\u00e4.<\/p>\n<h2>Cristiano Ronaldon vaikutus ja tulevaisuuden tavoitteet<\/h2>\n<p>Maailmanluokan t\u00e4hden, kuten <strong>Cristiano Ronaldo<\/strong>, tuki on antanut Deusin veljeksille lis\u00e4motivaatiota. He mainitsevat, ett\u00e4 Ronaldon kannustus inspiroi ja auttaa jaksamaan vaikeina hetkin\u00e4 sek\u00e4 t\u00e4ht\u00e4\u00e4m\u00e4\u00e4n yh\u00e4 korkeammalle. Viimeaikaisten tulosten ja kasvavan itseluottamuksen my\u00f6t\u00e4 veljekset ovat valmiita jatkamaan nousuaan maailman rankingissa ja edustamaan Portugalia korkeimmalla tasolla.<\/p>\n<p>Sis\u00e4ll\u00f6ntuottajan kohtaaminen Deusin veljesten kanssa tarjoaa arvokasta n\u00e4k\u00f6kulmaa siihen, mit\u00e4 vaaditaan ammattilaispadelin huipulla. Heid\u00e4n matkansa tenniksest\u00e4 padeliin, ainutlaatuinen veljesside ja tinkim\u00e4t\u00f6n asenne toimivat inspiraationa Portugalin ja muiden maiden nouseville pelaajille.<\/p>\n","protected":false},"excerpt":{"rendered":"<p>Miguel ja Nuno Deus ovat nousseet nopeasti Portugalin johtavaksi padel-pariksi, hurmaten sek\u00e4 fanit ett\u00e4 kansainv\u00e4liset kilpailijat taidoillaan ja p\u00e4\u00e4tt\u00e4v\u00e4isyydell\u00e4\u00e4n. Heid\u00e4n siirtymisens\u00e4 tenniksest\u00e4 padeliin ja vahva veljesside ovat tehneet heist\u00e4 ainutlaatuisen kent\u00e4ll\u00e4. Tutustu, miten heid\u00e4n dynamiikkansa, sopeutumiskykyns\u00e4 ja korkean profiilin tukensa ovat siivitt\u00e4neet heid\u00e4n menestyst\u00e4\u00e4n ja tulevaisuuden tavoitteitaan.<\/p>\n","protected":false},"author":1,"featured_media":213897,"comment_status":"closed","ping_status":"closed","sticky":false,"template":"","format":"standard","meta":{"_acf_changed":false,"footnotes":""},"categories":[541],"tags":[],"youtube-channel":[435],"class_list":["post-213792","post","type-post","status-publish","format-standard","has-post-thumbnail","hentry","category-ammattilaispelaaja-haastattelut","generate-columns","tablet-grid-50","mobile-grid-100","grid-parent","grid-33"],"acf":[],"yoast_head":"<!-- This site is optimized with the Yoast SEO Premium plugin v27.4 (Yoast SEO v27.4) - https:\/\/yoast.com\/product\/yoast-seo-premium-wordpress\/ -->\n<title>Kuinka Deusin veljekset nousivat Portugalin padelin huipulle<\/title>\n<meta name=\"description\" content=\"Tutustu, miten Miguel ja Nuno Deus nousivat Portugalin padelin ykk\u00f6spariksi, heid\u00e4n matkansa tenniksest\u00e4, veljessynergia ja mik\u00e4 erottaa heid\u00e4t kent\u00e4ll\u00e4.\" \/>\n<meta name=\"robots\" content=\"index, follow, max-snippet:-1, max-image-preview:large, max-video-preview:-1\" \/>\n<link rel=\"canonical\" href=\"https:\/\/practicapadel.com\/fi\/ammattilaispelaaja-haastattelut\/kuinka-deusin-veljekset-nousivat-portugalin-padelin-huipulle\/\" \/>\n<meta property=\"og:locale\" content=\"fi_FI\" \/>\n<meta property=\"og:type\" content=\"article\" \/>\n<meta property=\"og:title\" content=\"Kuinka Deusin veljekset nousivat Portugalin padelin huipulle\" \/>\n<meta property=\"og:description\" content=\"Tutustu, miten Miguel ja Nuno Deus nousivat Portugalin padelin ykk\u00f6spariksi, heid\u00e4n matkansa tenniksest\u00e4, veljessynergia ja mik\u00e4 erottaa heid\u00e4t kent\u00e4ll\u00e4.\" \/>\n<meta property=\"og:url\" content=\"https:\/\/practicapadel.com\/fi\/ammattilaispelaaja-haastattelut\/kuinka-deusin-veljekset-nousivat-portugalin-padelin-huipulle\/\" \/>\n<meta property=\"og:site_name\" content=\"Practica Padel\" \/>\n<meta property=\"article:published_time\" content=\"2026-01-16T14:39:02+00:00\" \/>\n<meta property=\"article:modified_time\" content=\"2026-01-16T14:51:12+00:00\" \/>\n<meta property=\"og:image\" content=\"https:\/\/practicapadel.com\/wp-content\/uploads\/2026\/01\/deusin-veljekset-portugal-padel.png\" \/>\n\t<meta property=\"og:image:width\" content=\"1200\" \/>\n\t<meta property=\"og:image:height\" content=\"900\" \/>\n\t<meta property=\"og:image:type\" content=\"image\/png\" \/>\n<meta name=\"author\" content=\"Practica Padel Team\" \/>\n<meta name=\"twitter:card\" content=\"summary_large_image\" \/>\n<meta name=\"twitter:label1\" content=\"Kirjoittanut\" \/>\n\t<meta name=\"twitter:data1\" content=\"Practica Padel Team\" \/>\n\t<meta name=\"twitter:label2\" content=\"Arvioitu lukuaika\" \/>\n\t<meta name=\"twitter:data2\" content=\"4 minuuttia\" \/>\n<script type=\"application\/ld+json\" class=\"yoast-schema-graph\">{\"@context\":\"https:\\\/\\\/schema.org\",\"@graph\":[{\"@type\":\"Article\",\"@id\":\"https:\\\/\\\/practicapadel.com\\\/fi\\\/ammattilaispelaaja-haastattelut\\\/kuinka-deusin-veljekset-nousivat-portugalin-padelin-huipulle\\\/#article\",\"isPartOf\":{\"@id\":\"https:\\\/\\\/practicapadel.com\\\/fi\\\/ammattilaispelaaja-haastattelut\\\/kuinka-deusin-veljekset-nousivat-portugalin-padelin-huipulle\\\/\"},\"author\":{\"name\":\"Practica Padel Team\",\"@id\":\"https:\\\/\\\/practicapadel.com\\\/fi\\\/#\\\/schema\\\/person\\\/af64f7b6f369d9f8143409566a9a8666\"},\"headline\":\"Kuinka Deusin veljekset nousivat Portugalin padelin huipulle\",\"datePublished\":\"2026-01-16T14:39:02+00:00\",\"dateModified\":\"2026-01-16T14:51:12+00:00\",\"mainEntityOfPage\":{\"@id\":\"https:\\\/\\\/practicapadel.com\\\/fi\\\/ammattilaispelaaja-haastattelut\\\/kuinka-deusin-veljekset-nousivat-portugalin-padelin-huipulle\\\/\"},\"wordCount\":755,\"publisher\":{\"@id\":\"https:\\\/\\\/practicapadel.com\\\/fi\\\/#organization\"},\"image\":{\"@id\":\"https:\\\/\\\/practicapadel.com\\\/fi\\\/ammattilaispelaaja-haastattelut\\\/kuinka-deusin-veljekset-nousivat-portugalin-padelin-huipulle\\\/#primaryimage\"},\"thumbnailUrl\":\"https:\\\/\\\/practicapadel.com\\\/wp-content\\\/uploads\\\/2026\\\/01\\\/deusin-veljekset-portugal-padel.png\",\"articleSection\":[\"Ammattilaispelaaja-haastattelut\"],\"inLanguage\":\"fi\"},{\"@type\":\"WebPage\",\"@id\":\"https:\\\/\\\/practicapadel.com\\\/fi\\\/ammattilaispelaaja-haastattelut\\\/kuinka-deusin-veljekset-nousivat-portugalin-padelin-huipulle\\\/\",\"url\":\"https:\\\/\\\/practicapadel.com\\\/fi\\\/ammattilaispelaaja-haastattelut\\\/kuinka-deusin-veljekset-nousivat-portugalin-padelin-huipulle\\\/\",\"name\":\"Kuinka Deusin veljekset nousivat Portugalin padelin huipulle\",\"isPartOf\":{\"@id\":\"https:\\\/\\\/practicapadel.com\\\/fi\\\/#website\"},\"primaryImageOfPage\":{\"@id\":\"https:\\\/\\\/practicapadel.com\\\/fi\\\/ammattilaispelaaja-haastattelut\\\/kuinka-deusin-veljekset-nousivat-portugalin-padelin-huipulle\\\/#primaryimage\"},\"image\":{\"@id\":\"https:\\\/\\\/practicapadel.com\\\/fi\\\/ammattilaispelaaja-haastattelut\\\/kuinka-deusin-veljekset-nousivat-portugalin-padelin-huipulle\\\/#primaryimage\"},\"thumbnailUrl\":\"https:\\\/\\\/practicapadel.com\\\/wp-content\\\/uploads\\\/2026\\\/01\\\/deusin-veljekset-portugal-padel.png\",\"datePublished\":\"2026-01-16T14:39:02+00:00\",\"dateModified\":\"2026-01-16T14:51:12+00:00\",\"description\":\"Tutustu, miten Miguel ja Nuno Deus nousivat Portugalin padelin ykk\u00f6spariksi, heid\u00e4n matkansa tenniksest\u00e4, veljessynergia ja mik\u00e4 erottaa heid\u00e4t kent\u00e4ll\u00e4.\",\"breadcrumb\":{\"@id\":\"https:\\\/\\\/practicapadel.com\\\/fi\\\/ammattilaispelaaja-haastattelut\\\/kuinka-deusin-veljekset-nousivat-portugalin-padelin-huipulle\\\/#breadcrumb\"},\"inLanguage\":\"fi\",\"potentialAction\":[{\"@type\":\"ReadAction\",\"target\":[\"https:\\\/\\\/practicapadel.com\\\/fi\\\/ammattilaispelaaja-haastattelut\\\/kuinka-deusin-veljekset-nousivat-portugalin-padelin-huipulle\\\/\"]}]},{\"@type\":\"ImageObject\",\"inLanguage\":\"fi\",\"@id\":\"https:\\\/\\\/practicapadel.com\\\/fi\\\/ammattilaispelaaja-haastattelut\\\/kuinka-deusin-veljekset-nousivat-portugalin-padelin-huipulle\\\/#primaryimage\",\"url\":\"https:\\\/\\\/practicapadel.com\\\/wp-content\\\/uploads\\\/2026\\\/01\\\/deusin-veljekset-portugal-padel.png\",\"contentUrl\":\"https:\\\/\\\/practicapadel.com\\\/wp-content\\\/uploads\\\/2026\\\/01\\\/deusin-veljekset-portugal-padel.png\",\"width\":1200,\"height\":900,\"caption\":\"deusin veljekset portugal padel\"},{\"@type\":\"BreadcrumbList\",\"@id\":\"https:\\\/\\\/practicapadel.com\\\/fi\\\/ammattilaispelaaja-haastattelut\\\/kuinka-deusin-veljekset-nousivat-portugalin-padelin-huipulle\\\/#breadcrumb\",\"itemListElement\":[{\"@type\":\"ListItem\",\"position\":1,\"name\":\"Etusivu\",\"item\":\"https:\\\/\\\/practicapadel.com\\\/fi\\\/\"},{\"@type\":\"ListItem\",\"position\":2,\"name\":\"Ammattilaispelaaja-haastattelut\",\"item\":\"https:\\\/\\\/practicapadel.com\\\/fi\\\/category\\\/ammattilaispelaaja-haastattelut\\\/\"},{\"@type\":\"ListItem\",\"position\":3,\"name\":\"Kuinka Deusin veljekset nousivat Portugalin padelin huipulle\"}]},{\"@type\":\"WebSite\",\"@id\":\"https:\\\/\\\/practicapadel.com\\\/fi\\\/#website\",\"url\":\"https:\\\/\\\/practicapadel.com\\\/fi\\\/\",\"name\":\"Practica Padel\",\"description\":\"T\u00e4ydellinen l\u00e4hteesi padel-varusteisiin, harjoitteluun ja pelaajavinkkeihin\",\"publisher\":{\"@id\":\"https:\\\/\\\/practicapadel.com\\\/fi\\\/#organization\"},\"potentialAction\":[{\"@type\":\"SearchAction\",\"target\":{\"@type\":\"EntryPoint\",\"urlTemplate\":\"https:\\\/\\\/practicapadel.com\\\/fi\\\/?s={search_term_string}\"},\"query-input\":{\"@type\":\"PropertyValueSpecification\",\"valueRequired\":true,\"valueName\":\"search_term_string\"}}],\"inLanguage\":\"fi\"},{\"@type\":\"Organization\",\"@id\":\"https:\\\/\\\/practicapadel.com\\\/fi\\\/#organization\",\"name\":\"Practica Padel\",\"url\":\"https:\\\/\\\/practicapadel.com\\\/fi\\\/\",\"logo\":{\"@type\":\"ImageObject\",\"inLanguage\":\"fi\",\"@id\":\"https:\\\/\\\/practicapadel.com\\\/fi\\\/#\\\/schema\\\/logo\\\/image\\\/\",\"url\":\"https:\\\/\\\/practicapadel.com\\\/wp-content\\\/uploads\\\/2025\\\/08\\\/practica-padel-695x695-1.png\",\"contentUrl\":\"https:\\\/\\\/practicapadel.com\\\/wp-content\\\/uploads\\\/2025\\\/08\\\/practica-padel-695x695-1.png\",\"width\":695,\"height\":695,\"caption\":\"Practica Padel\"},\"image\":{\"@id\":\"https:\\\/\\\/practicapadel.com\\\/fi\\\/#\\\/schema\\\/logo\\\/image\\\/\"},\"description\":\"Practica Padel on asiantuntijapohjainen digitaalinen lehti, joka on omistettu padelille. Tarjoamme luotettavia maila-arvosteluja, harjoittelu- ja taktiikkaohjeita, ly\u00f6ntioppaita, kuntoiluvinkkej\u00e4, turnausraportteja, el\u00e4m\u00e4ntyylisis\u00e4lt\u00f6\u00e4 ja pelaajatarinoita padelin harrastajille ymp\u00e4ri maailmaa.\",\"email\":\"thepracticapadel@gmail.com\",\"foundingDate\":\"2025-05-30\",\"numberOfEmployees\":{\"@type\":\"QuantitativeValue\",\"minValue\":\"1\",\"maxValue\":\"10\"}},{\"@type\":\"Person\",\"@id\":\"https:\\\/\\\/practicapadel.com\\\/fi\\\/#\\\/schema\\\/person\\\/af64f7b6f369d9f8143409566a9a8666\",\"name\":\"Practica Padel Team\",\"image\":{\"@type\":\"ImageObject\",\"inLanguage\":\"fi\",\"@id\":\"https:\\\/\\\/secure.gravatar.com\\\/avatar\\\/5b00b8a0294a5ffc79b628cac1f1bedf7802f97bc10a75d3c2065bfb3e5d55d7?s=96&d=mm&r=g\",\"url\":\"https:\\\/\\\/secure.gravatar.com\\\/avatar\\\/5b00b8a0294a5ffc79b628cac1f1bedf7802f97bc10a75d3c2065bfb3e5d55d7?s=96&d=mm&r=g\",\"contentUrl\":\"https:\\\/\\\/secure.gravatar.com\\\/avatar\\\/5b00b8a0294a5ffc79b628cac1f1bedf7802f97bc10a75d3c2065bfb3e5d55d7?s=96&d=mm&r=g\",\"caption\":\"Practica Padel Team\"},\"description\":\"Specialists in curating insights from padel coaches, professional players, and trusted reviewers. Our goal is to make expert knowledge easy to understand and accessible for every player.\",\"sameAs\":[\"http:\\\/\\\/practicapadel.com\"],\"knowsAbout\":[\"Padel racket reviews\",\"Padel training\",\"Sports journalism\",\"Equipment analysis\",\"Data structuring\",\"Knowledge curation\",\"PHP\",\"Javascript\",\"Webdesign\"],\"knowsLanguage\":[\"Danish\",\"English\",\"French\",\"German\",\"Italian\",\"Spanish\",\"Swedish\",\"Dutch\",\"Greek\",\"Norwegian (Bokm\u00e5l)\",\"Polish\",\"Portuguese\",\"Estonian\",\"Finnish\"],\"jobTitle\":\"Editorial Team\",\"worksFor\":\"Practica Padel\",\"url\":\"https:\\\/\\\/practicapadel.com\\\/fi\\\/author\\\/practica-padel-team\\\/\"}]}<\/script>\n<!-- \/ Yoast SEO Premium plugin. -->","yoast_head_json":{"title":"Kuinka Deusin veljekset nousivat Portugalin padelin huipulle","description":"Tutustu, miten Miguel ja Nuno Deus nousivat Portugalin padelin ykk\u00f6spariksi, heid\u00e4n matkansa tenniksest\u00e4, veljessynergia ja mik\u00e4 erottaa heid\u00e4t kent\u00e4ll\u00e4.","robots":{"index":"index","follow":"follow","max-snippet":"max-snippet:-1","max-image-preview":"max-image-preview:large","max-video-preview":"max-video-preview:-1"},"canonical":"https:\/\/practicapadel.com\/fi\/ammattilaispelaaja-haastattelut\/kuinka-deusin-veljekset-nousivat-portugalin-padelin-huipulle\/","og_locale":"fi_FI","og_type":"article","og_title":"Kuinka Deusin veljekset nousivat Portugalin padelin huipulle","og_description":"Tutustu, miten Miguel ja Nuno Deus nousivat Portugalin padelin ykk\u00f6spariksi, heid\u00e4n matkansa tenniksest\u00e4, veljessynergia ja mik\u00e4 erottaa heid\u00e4t kent\u00e4ll\u00e4.","og_url":"https:\/\/practicapadel.com\/fi\/ammattilaispelaaja-haastattelut\/kuinka-deusin-veljekset-nousivat-portugalin-padelin-huipulle\/","og_site_name":"Practica Padel","article_published_time":"2026-01-16T14:39:02+00:00","article_modified_time":"2026-01-16T14:51:12+00:00","og_image":[{"width":1200,"height":900,"url":"https:\/\/practicapadel.com\/wp-content\/uploads\/2026\/01\/deusin-veljekset-portugal-padel.png","type":"image\/png"}],"author":"Practica Padel Team","twitter_card":"summary_large_image","twitter_misc":{"Kirjoittanut":"Practica Padel Team","Arvioitu lukuaika":"4 minuuttia"},"schema":{"@context":"https:\/\/schema.org","@graph":[{"@type":"Article","@id":"https:\/\/practicapadel.com\/fi\/ammattilaispelaaja-haastattelut\/kuinka-deusin-veljekset-nousivat-portugalin-padelin-huipulle\/#article","isPartOf":{"@id":"https:\/\/practicapadel.com\/fi\/ammattilaispelaaja-haastattelut\/kuinka-deusin-veljekset-nousivat-portugalin-padelin-huipulle\/"},"author":{"name":"Practica Padel Team","@id":"https:\/\/practicapadel.com\/fi\/#\/schema\/person\/af64f7b6f369d9f8143409566a9a8666"},"headline":"Kuinka Deusin veljekset nousivat Portugalin padelin huipulle","datePublished":"2026-01-16T14:39:02+00:00","dateModified":"2026-01-16T14:51:12+00:00","mainEntityOfPage":{"@id":"https:\/\/practicapadel.com\/fi\/ammattilaispelaaja-haastattelut\/kuinka-deusin-veljekset-nousivat-portugalin-padelin-huipulle\/"},"wordCount":755,"publisher":{"@id":"https:\/\/practicapadel.com\/fi\/#organization"},"image":{"@id":"https:\/\/practicapadel.com\/fi\/ammattilaispelaaja-haastattelut\/kuinka-deusin-veljekset-nousivat-portugalin-padelin-huipulle\/#primaryimage"},"thumbnailUrl":"https:\/\/practicapadel.com\/wp-content\/uploads\/2026\/01\/deusin-veljekset-portugal-padel.png","articleSection":["Ammattilaispelaaja-haastattelut"],"inLanguage":"fi"},{"@type":"WebPage","@id":"https:\/\/practicapadel.com\/fi\/ammattilaispelaaja-haastattelut\/kuinka-deusin-veljekset-nousivat-portugalin-padelin-huipulle\/","url":"https:\/\/practicapadel.com\/fi\/ammattilaispelaaja-haastattelut\/kuinka-deusin-veljekset-nousivat-portugalin-padelin-huipulle\/","name":"Kuinka Deusin veljekset nousivat Portugalin padelin huipulle","isPartOf":{"@id":"https:\/\/practicapadel.com\/fi\/#website"},"primaryImageOfPage":{"@id":"https:\/\/practicapadel.com\/fi\/ammattilaispelaaja-haastattelut\/kuinka-deusin-veljekset-nousivat-portugalin-padelin-huipulle\/#primaryimage"},"image":{"@id":"https:\/\/practicapadel.com\/fi\/ammattilaispelaaja-haastattelut\/kuinka-deusin-veljekset-nousivat-portugalin-padelin-huipulle\/#primaryimage"},"thumbnailUrl":"https:\/\/practicapadel.com\/wp-content\/uploads\/2026\/01\/deusin-veljekset-portugal-padel.png","datePublished":"2026-01-16T14:39:02+00:00","dateModified":"2026-01-16T14:51:12+00:00","description":"Tutustu, miten Miguel ja Nuno Deus nousivat Portugalin padelin ykk\u00f6spariksi, heid\u00e4n matkansa tenniksest\u00e4, veljessynergia ja mik\u00e4 erottaa heid\u00e4t kent\u00e4ll\u00e4.","breadcrumb":{"@id":"https:\/\/practicapadel.com\/fi\/ammattilaispelaaja-haastattelut\/kuinka-deusin-veljekset-nousivat-portugalin-padelin-huipulle\/#breadcrumb"},"inLanguage":"fi","potentialAction":[{"@type":"ReadAction","target":["https:\/\/practicapadel.com\/fi\/ammattilaispelaaja-haastattelut\/kuinka-deusin-veljekset-nousivat-portugalin-padelin-huipulle\/"]}]},{"@type":"ImageObject","inLanguage":"fi","@id":"https:\/\/practicapadel.com\/fi\/ammattilaispelaaja-haastattelut\/kuinka-deusin-veljekset-nousivat-portugalin-padelin-huipulle\/#primaryimage","url":"https:\/\/practicapadel.com\/wp-content\/uploads\/2026\/01\/deusin-veljekset-portugal-padel.png","contentUrl":"https:\/\/practicapadel.com\/wp-content\/uploads\/2026\/01\/deusin-veljekset-portugal-padel.png","width":1200,"height":900,"caption":"deusin veljekset portugal padel"},{"@type":"BreadcrumbList","@id":"https:\/\/practicapadel.com\/fi\/ammattilaispelaaja-haastattelut\/kuinka-deusin-veljekset-nousivat-portugalin-padelin-huipulle\/#breadcrumb","itemListElement":[{"@type":"ListItem","position":1,"name":"Etusivu","item":"https:\/\/practicapadel.com\/fi\/"},{"@type":"ListItem","position":2,"name":"Ammattilaispelaaja-haastattelut","item":"https:\/\/practicapadel.com\/fi\/category\/ammattilaispelaaja-haastattelut\/"},{"@type":"ListItem","position":3,"name":"Kuinka Deusin veljekset nousivat Portugalin padelin huipulle"}]},{"@type":"WebSite","@id":"https:\/\/practicapadel.com\/fi\/#website","url":"https:\/\/practicapadel.com\/fi\/","name":"Practica Padel","description":"T\u00e4ydellinen l\u00e4hteesi padel-varusteisiin, harjoitteluun ja pelaajavinkkeihin","publisher":{"@id":"https:\/\/practicapadel.com\/fi\/#organization"},"potentialAction":[{"@type":"SearchAction","target":{"@type":"EntryPoint","urlTemplate":"https:\/\/practicapadel.com\/fi\/?s={search_term_string}"},"query-input":{"@type":"PropertyValueSpecification","valueRequired":true,"valueName":"search_term_string"}}],"inLanguage":"fi"},{"@type":"Organization","@id":"https:\/\/practicapadel.com\/fi\/#organization","name":"Practica Padel","url":"https:\/\/practicapadel.com\/fi\/","logo":{"@type":"ImageObject","inLanguage":"fi","@id":"https:\/\/practicapadel.com\/fi\/#\/schema\/logo\/image\/","url":"https:\/\/practicapadel.com\/wp-content\/uploads\/2025\/08\/practica-padel-695x695-1.png","contentUrl":"https:\/\/practicapadel.com\/wp-content\/uploads\/2025\/08\/practica-padel-695x695-1.png","width":695,"height":695,"caption":"Practica Padel"},"image":{"@id":"https:\/\/practicapadel.com\/fi\/#\/schema\/logo\/image\/"},"description":"Practica Padel on asiantuntijapohjainen digitaalinen lehti, joka on omistettu padelille. Tarjoamme luotettavia maila-arvosteluja, harjoittelu- ja taktiikkaohjeita, ly\u00f6ntioppaita, kuntoiluvinkkej\u00e4, turnausraportteja, el\u00e4m\u00e4ntyylisis\u00e4lt\u00f6\u00e4 ja pelaajatarinoita padelin harrastajille ymp\u00e4ri maailmaa.","email":"thepracticapadel@gmail.com","foundingDate":"2025-05-30","numberOfEmployees":{"@type":"QuantitativeValue","minValue":"1","maxValue":"10"}},{"@type":"Person","@id":"https:\/\/practicapadel.com\/fi\/#\/schema\/person\/af64f7b6f369d9f8143409566a9a8666","name":"Practica Padel Team","image":{"@type":"ImageObject","inLanguage":"fi","@id":"https:\/\/secure.gravatar.com\/avatar\/5b00b8a0294a5ffc79b628cac1f1bedf7802f97bc10a75d3c2065bfb3e5d55d7?s=96&d=mm&r=g","url":"https:\/\/secure.gravatar.com\/avatar\/5b00b8a0294a5ffc79b628cac1f1bedf7802f97bc10a75d3c2065bfb3e5d55d7?s=96&d=mm&r=g","contentUrl":"https:\/\/secure.gravatar.com\/avatar\/5b00b8a0294a5ffc79b628cac1f1bedf7802f97bc10a75d3c2065bfb3e5d55d7?s=96&d=mm&r=g","caption":"Practica Padel Team"},"description":"Specialists in curating insights from padel coaches, professional players, and trusted reviewers. Our goal is to make expert knowledge easy to understand and accessible for every player.","sameAs":["http:\/\/practicapadel.com"],"knowsAbout":["Padel racket reviews","Padel training","Sports journalism","Equipment analysis","Data structuring","Knowledge curation","PHP","Javascript","Webdesign"],"knowsLanguage":["Danish","English","French","German","Italian","Spanish","Swedish","Dutch","Greek","Norwegian (Bokm\u00e5l)","Polish","Portuguese","Estonian","Finnish"],"jobTitle":"Editorial Team","worksFor":"Practica Padel","url":"https:\/\/practicapadel.com\/fi\/author\/practica-padel-team\/"}]}},"_links":{"self":[{"href":"https:\/\/practicapadel.com\/fi\/wp-json\/wp\/v2\/posts\/213792","targetHints":{"allow":["GET"]}}],"collection":[{"href":"https:\/\/practicapadel.com\/fi\/wp-json\/wp\/v2\/posts"}],"about":[{"href":"https:\/\/practicapadel.com\/fi\/wp-json\/wp\/v2\/types\/post"}],"author":[{"embeddable":true,"href":"https:\/\/practicapadel.com\/fi\/wp-json\/wp\/v2\/users\/1"}],"replies":[{"embeddable":true,"href":"https:\/\/practicapadel.com\/fi\/wp-json\/wp\/v2\/comments?post=213792"}],"version-history":[{"count":2,"href":"https:\/\/practicapadel.com\/fi\/wp-json\/wp\/v2\/posts\/213792\/revisions"}],"predecessor-version":[{"id":213896,"href":"https:\/\/practicapadel.com\/fi\/wp-json\/wp\/v2\/posts\/213792\/revisions\/213896"}],"wp:featuredmedia":[{"embeddable":true,"href":"https:\/\/practicapadel.com\/fi\/wp-json\/wp\/v2\/media\/213897"}],"wp:attachment":[{"href":"https:\/\/practicapadel.com\/fi\/wp-json\/wp\/v2\/media?parent=213792"}],"wp:term":[{"taxonomy":"category","embeddable":true,"href":"https:\/\/practicapadel.com\/fi\/wp-json\/wp\/v2\/categories?post=213792"},{"taxonomy":"post_tag","embeddable":true,"href":"https:\/\/practicapadel.com\/fi\/wp-json\/wp\/v2\/tags?post=213792"},{"taxonomy":"youtube-channel","embeddable":true,"href":"https:\/\/practicapadel.com\/fi\/wp-json\/wp\/v2\/youtube-channel?post=213792"}],"curies":[{"name":"wp","href":"https:\/\/api.w.org\/{rel}","templated":true}]}}