{"id":216691,"date":"2026-01-19T05:02:02","date_gmt":"2026-01-19T05:02:02","guid":{"rendered":"https:\/\/practicapadel.com\/padel-artikkelit\/juan-tello-on-new-beginnings-and-tough-choices-in-pro-padel\/"},"modified":"2026-01-19T05:14:23","modified_gmt":"2026-01-19T05:14:23","slug":"juan-tello-uusista-aluista-ja-vaikeista-valinnoista-ammattilaispadelissa","status":"publish","type":"post","link":"https:\/\/practicapadel.com\/fi\/ammattilaispelaaja-haastattelut\/juan-tello-uusista-aluista-ja-vaikeista-valinnoista-ammattilaispadelissa\/","title":{"rendered":"Juan Tello uusista aluista ja vaikeista valinnoista ammattilaispadelissa"},"content":{"rendered":"<h2>Juan Tello pohtii haastavaa vuotta ja parinvaihdoksia<\/h2>\n<p>The4Setin toimittaja istuu alas <strong>Juan \u201cEl Gato\u201d Tellon<\/strong> kanssa keskustelemaan myrskyis\u00e4st\u00e4 ajanjaksosta h\u00e4nen ammattilaispadelurallaan, keskittyen h\u00e4nen tuoreeseen yhteisty\u00f6h\u00f6ns\u00e4 <strong>Tino Libaakin<\/strong> kanssa ja sit\u00e4 seuranneeseen eroon. Tello kertoo avoimesti, ett\u00e4 kulunut vuosi oli yksi vaikeimmista, t\u00e4ynn\u00e4 itseluottamuksen puutetta ja vaikeuksia sek\u00e4 kent\u00e4ll\u00e4 ett\u00e4 sen ulkopuolella. H\u00e4n selitt\u00e4\u00e4, ett\u00e4 yrityksist\u00e4\u00e4n huolimatta h\u00e4n ei l\u00f6yt\u00e4nyt harmoniaa parinsa kanssa, mik\u00e4 vaikutti h\u00e4nen hyvinvointiinsa ja suorituksiinsa.<\/p>\n<p>Tello korostaa p\u00e4ivitt\u00e4isen harjoittelun ja lajin henkisen puolen merkityst\u00e4. H\u00e4n kuvailee, kuinka kyvytt\u00f6myys &#8221;napsahtaa yhteen&#8221; parin kanssa johti ep\u00e4ilyksiin ja selke\u00e4\u00e4n tason laskuun. Arjen rutiini, enemm\u00e4n kuin itse turnaukset, muuttui turhautumisen ja itsetutkiskelun l\u00e4hteeksi.<\/p>\n<h2>Innostus ja lupaus yhteisty\u00f6st\u00e4 Tino Libaakin kanssa<\/h2>\n<p>Kun Tello aloitti yhteisty\u00f6n <strong>Tino Libaakin<\/strong> kanssa, h\u00e4n oli t\u00e4ynn\u00e4 optimismia. H\u00e4n nostaa esiin Libaakin poikkeuksellisen potentiaalin ja huomauttaa, ett\u00e4 vain <strong>19-vuotiaana<\/strong> Libaakilla oli jo taidot ja asenne haastaa maailman parhaat. Tello oli kohdannut Libaakin useita kertoja vastustajana ja oli jatkuvasti vaikuttunut t\u00e4m\u00e4n kyvyist\u00e4 ja tuloksista.<\/p>\n<p>Eniten Telloon teki vaikutuksen Libaakin <strong>n\u00f6yryys<\/strong> ja <strong>kypsyys<\/strong>\u2014ominaisuudet, joita ei aina l\u00f6ydy n\u00e4in nuorelta urheilijalta. Kanavan toimittaja huomauttaa, ett\u00e4 Tellolle kehittyi aito kiintymys Libaakia kohtaan, mik\u00e4 teki erosta entist\u00e4 vaikeamman. Tello on vakuuttunut siit\u00e4, ett\u00e4 Libaakilla on kaikki tarvittava tullakseen tulevaisuudessa maailman ykk\u00f6seksi.<\/p>\n<h2>Potentiaalin arviointi: voivatko Tello ja Libaak nousta maailman ykk\u00f6siksi?<\/h2>\n<p>Haastattelija kysyy, n\u00e4keek\u00f6 Tello itsens\u00e4 tai Libaakin padelrankingin huipulla. Tello uskoo, ett\u00e4 molemmilla on potentiaalia, jos he pystyv\u00e4t s\u00e4ilytt\u00e4m\u00e4\u00e4n johdonmukaisuuden ja tunteiden hallinnan otteluissa. H\u00e4n painottaa <strong>s\u00e4\u00e4nn\u00f6llisyyden<\/strong> ja <strong>tunteiden hallinnan<\/strong> t\u00e4rkeytt\u00e4\u2014ominaisuuksia, joita h\u00e4n itsekin kehitt\u00e4\u00e4 jatkuvasti.<\/p>\n<p>Tello my\u00f6nt\u00e4\u00e4 kuitenkin, ett\u00e4 oikean parin rooli on ratkaiseva t\u00e4llaisiin tavoitteisiin p\u00e4\u00e4semisess\u00e4. H\u00e4n uskoo, ett\u00e4 oikean tiimikaverin kanssa, jos molemmilla on sama motivaatio ja vakaus, ykk\u00f6ssija on t\u00e4ysin mahdollinen.<\/p>\n<h2>Vaikea p\u00e4\u00e4t\u00f6s vaihtaa paria ja liitty\u00e4 Mart\u00edn Di Nennon kanssa<\/h2>\n<p>Kanava kertoo k\u00e4\u00e4nnekohdasta, kun <strong>Mart\u00edn Di Nenno<\/strong> otti yhteytt\u00e4 Telloon ehdottaen uutta yhteisty\u00f6t\u00e4. Tello kuvailee ajoituksen olleen ristiriitainen: h\u00e4n ja Libaak olivat juuri alkaneet saavuttaa lupaavia tuloksia, p\u00e4\u00e4sseet puoliv\u00e4lieriin ja v\u00e4lieriin viime turnauksissa. T\u00e4st\u00e4 edistyksest\u00e4 huolimatta mahdollisuus pelata Di Nennon kanssa\u2014joka tuo mukanaan kokemusta ja rankingpisteit\u00e4\u2014oli liian merkitt\u00e4v\u00e4 ohitettavaksi.<\/p>\n<p>Tello my\u00f6nt\u00e4\u00e4, ettei p\u00e4\u00e4t\u00f6s perustunut pelk\u00e4st\u00e4\u00e4n urheilullisiin syihin. Henkil\u00f6kohtainen side Libaakiin teki erosta henkisesti raskaan. Silti Di Nennon kanssa liittymisen k\u00e4yt\u00e4nn\u00f6n hy\u00f6dyt, kuten paikka kahdeksan parhaan parin joukossa ja mahdollisuus kilpailla korkeammalla sijoituksella, ratkaisivat lopulta valinnan.<\/p>\n<ul>\n<li><strong>Viimeisimm\u00e4t tulokset Libaakin kanssa:<\/strong> Puoliv\u00e4lier\u00e4t ja v\u00e4lier\u00e4t t\u00e4rkeiss\u00e4 turnauksissa<\/li>\n<li><strong>Uusi pari:<\/strong> Mart\u00edn Di Nenno, joka tarjoaa korkeamman rankingin ja kokemusta<\/li>\n<li><strong>T\u00e4rkein motiivi:<\/strong> Pysyminen huippukahdeksikon joukossa<\/li>\n<\/ul>\n<h2>Dynamiikan vertailu: Tello\u2013Libaak vs. Tello\u2013Di Nenno<\/h2>\n<p>The4Setin haastattelija pyyt\u00e4\u00e4 Tellolta vertailua kokemuksistaan Libaakin ja Di Nennon kanssa. Tello kuvailee Libaakia tuovan kent\u00e4lle &#8221;energiaa ja arvaamattomuutta&#8221;, mik\u00e4 kuvastaa t\u00e4m\u00e4n nuoruutta ja pelottomuutta. T\u00e4m\u00e4 johti joskus ailahteleviin suorituksiin, joissa loistavat hetket vuorottelivat ep\u00e4tasaisuuden kanssa. Tello n\u00e4ki roolinsa rauhoittavana voimana, joka auttoi vakauttamaan yhteisty\u00f6t\u00e4 tiukoissa tilanteissa.<\/p>\n<p>Vastakohtana Di Nenno, <strong>28-vuotiaana<\/strong>, tarjoaa vakaamman otteen ja runsaasti kilpailukokemusta. Tello odottaa, ett\u00e4 heid\u00e4n yhteinen kypsyytens\u00e4 n\u00e4kyy rauhallisempana ja strategisempana l\u00e4hestymistapana otteluihin. Toinen etu on, ett\u00e4 molemmat asuvat nyt Madridissa, mik\u00e4 mahdollistaa p\u00e4ivitt\u00e4isen yhteisharjoittelun\u2014mik\u00e4 ei ollut mahdollista Libaakin kanssa.<\/p>\n<ul>\n<li><strong>Libaakin vahvuudet:<\/strong> Nuorekas energia, arvaamattomuus, hy\u00f6kk\u00e4\u00e4v\u00e4 pelityyli<\/li>\n<li><strong>Di Nennon vahvuudet:<\/strong> Kokemus, tasaisuus, strateginen kypsyys<\/li>\n<li><strong>Harjoittelun hy\u00f6dyt:<\/strong> P\u00e4ivitt\u00e4iset treenit Madridissa nopeuttavat sopeutumista<\/li>\n<\/ul>\n<h2>Henkil\u00f6kohtaisten suhteiden merkitys ammattilaispadelissa<\/h2>\n<p>Tello korostaa kent\u00e4n ulkopuolisten suhteiden t\u00e4rkeytt\u00e4 menestyksekk\u00e4\u00e4n parin rakentamisessa. H\u00e4nen mielest\u00e4\u00e4n on teoriassa mahdollista erottaa henkil\u00f6kohtaiset tunteet ammatillisesta yhteisty\u00f6st\u00e4, mutta hyv\u00e4 suhde parin kanssa on suuri etu. Avoin viestint\u00e4 ja kyky keskustella asioista rehellisesti ovat h\u00e4nen mielest\u00e4\u00e4n olennaisia pitk\u00e4aikaiselle menestykselle.<\/p>\n<p>T\u00e4m\u00e4 kyps\u00e4 l\u00e4hestymistapa on Tellon mukaan yhteist\u00e4 Di Nennon kanssa, mik\u00e4 tekee h\u00e4net optimistiseksi heid\u00e4n tulevaisuudestaan tiimin\u00e4. Toimittaja huomauttaa, ett\u00e4 Tellon pohdinnat paljastavat pelaajan, joka arvostaa sek\u00e4 urheilullista ett\u00e4 inhimillist\u00e4 puolta ammattilaispadelissa.<\/p>\n<h2>T\u00e4rkeimm\u00e4t opit Tellon matkasta ja the4Setin haastattelusta<\/h2>\n<ul>\n<li><strong>Tello koki vaikean vuoden, johon liittyi ep\u00e4varmuutta ja pariongelmia.<\/strong><\/li>\n<li><strong>Yhteisty\u00f6 Tino Libaakin kanssa oli toiveikas, ja Tello uskoo Libaakin voivan nousta maailman ykk\u00f6seksi.<\/strong><\/li>\n<li><strong>P\u00e4\u00e4t\u00f6s liitty\u00e4 Mart\u00edn Di Nennoon perustui sek\u00e4 urheilulliseen kunnianhimoon ett\u00e4 k\u00e4yt\u00e4nn\u00f6n syihin.<\/strong><\/li>\n<li><strong>Tello arvostaa tunne-el\u00e4m\u00e4n vakautta, avointa viestint\u00e4\u00e4 ja p\u00e4ivitt\u00e4ist\u00e4 harjoittelua menestyksen avaimina.<\/strong><\/li>\n<li><strong>Uusi yhteisty\u00f6 Di Nennon kanssa tarjoaa kokemusta, tasaisuutta ja mahdollisuuden kilpailla korkeimmalla tasolla.<\/strong><\/li>\n<\/ul>\n<p>The4Setin haastattelu tarjoaa harvinaisen, rehellisen katsauksen tunne- ja strategisiin tekij\u00f6ihin, jotka ohjaavat parivalintoja ammattilaispadelin huipulla. Tellon matka korostaa lajin monimutkaisuutta, jossa henkil\u00f6kohtainen kasvu ja tiimidynamiikka ovat yht\u00e4 t\u00e4rkeit\u00e4 kuin tekninen osaaminen.<\/p>\n","protected":false},"excerpt":{"rendered":"<p>Juan Tello avaa tunteellisia ja ammatillisia haasteita, joita huippupadelin parinvaihdokset tuovat mukanaan. Ep\u00e4varmuuden hetkist\u00e4 uuden yhteisty\u00f6n innostukseen, h\u00e4n kertoo henkil\u00f6kohtaisista ja urheilullisista tekij\u00f6ist\u00e4, jotka ovat vaikuttaneet h\u00e4nen viimeaikaisiin p\u00e4\u00e4t\u00f6ksiins\u00e4. Lue, miten Tello navigoi tiimity\u00f6n, kunnianhimon ja henkil\u00f6kohtaisen kasvun monimutkaisuuksia matkallaan ammattilaiskiertueella.<\/p>\n","protected":false},"author":1,"featured_media":216796,"comment_status":"closed","ping_status":"closed","sticky":false,"template":"","format":"standard","meta":{"_acf_changed":false,"footnotes":""},"categories":[541],"tags":[],"youtube-channel":[435],"class_list":["post-216691","post","type-post","status-publish","format-standard","has-post-thumbnail","hentry","category-ammattilaispelaaja-haastattelut","generate-columns","tablet-grid-50","mobile-grid-100","grid-parent","grid-33"],"acf":[],"yoast_head":"<!-- This site is optimized with the Yoast SEO Premium plugin v27.4 (Yoast SEO v27.4) - https:\/\/yoast.com\/product\/yoast-seo-premium-wordpress\/ -->\n<title>Juan Tellon haastattelu uusista padelpareista ja uravalinnoista<\/title>\n<meta name=\"description\" content=\"Lue Juan Tellon ajatuksia parinvaihdoksista, henkisist\u00e4 haasteista ja menestyksen avaimista ammattilaispadelissa vaikean vuoden j\u00e4lkeen.\" \/>\n<meta name=\"robots\" content=\"index, follow, max-snippet:-1, max-image-preview:large, max-video-preview:-1\" \/>\n<link rel=\"canonical\" href=\"https:\/\/practicapadel.com\/fi\/ammattilaispelaaja-haastattelut\/juan-tello-uusista-aluista-ja-vaikeista-valinnoista-ammattilaispadelissa\/\" \/>\n<meta property=\"og:locale\" content=\"fi_FI\" \/>\n<meta property=\"og:type\" content=\"article\" \/>\n<meta property=\"og:title\" content=\"Juan Tello uusista aluista ja vaikeista valinnoista ammattilaispadelissa\" \/>\n<meta property=\"og:description\" content=\"Lue Juan Tellon ajatuksia parinvaihdoksista, henkisist\u00e4 haasteista ja menestyksen avaimista ammattilaispadelissa vaikean vuoden j\u00e4lkeen.\" \/>\n<meta property=\"og:url\" content=\"https:\/\/practicapadel.com\/fi\/ammattilaispelaaja-haastattelut\/juan-tello-uusista-aluista-ja-vaikeista-valinnoista-ammattilaispadelissa\/\" \/>\n<meta property=\"og:site_name\" content=\"Practica Padel\" \/>\n<meta property=\"article:published_time\" content=\"2026-01-19T05:02:02+00:00\" \/>\n<meta property=\"article:modified_time\" content=\"2026-01-19T05:14:23+00:00\" \/>\n<meta property=\"og:image\" content=\"https:\/\/practicapadel.com\/wp-content\/uploads\/2026\/01\/juan-tello-padel-pariyhteistyo.png\" \/>\n\t<meta property=\"og:image:width\" content=\"1200\" \/>\n\t<meta property=\"og:image:height\" content=\"900\" \/>\n\t<meta property=\"og:image:type\" content=\"image\/png\" \/>\n<meta name=\"author\" content=\"Practica Padel Team\" \/>\n<meta name=\"twitter:card\" content=\"summary_large_image\" \/>\n<meta name=\"twitter:label1\" content=\"Kirjoittanut\" \/>\n\t<meta name=\"twitter:data1\" content=\"Practica Padel Team\" \/>\n\t<meta name=\"twitter:label2\" content=\"Arvioitu lukuaika\" \/>\n\t<meta name=\"twitter:data2\" content=\"4 minuuttia\" \/>\n<script type=\"application\/ld+json\" class=\"yoast-schema-graph\">{\"@context\":\"https:\\\/\\\/schema.org\",\"@graph\":[{\"@type\":\"Article\",\"@id\":\"https:\\\/\\\/practicapadel.com\\\/fi\\\/ammattilaispelaaja-haastattelut\\\/juan-tello-uusista-aluista-ja-vaikeista-valinnoista-ammattilaispadelissa\\\/#article\",\"isPartOf\":{\"@id\":\"https:\\\/\\\/practicapadel.com\\\/fi\\\/ammattilaispelaaja-haastattelut\\\/juan-tello-uusista-aluista-ja-vaikeista-valinnoista-ammattilaispadelissa\\\/\"},\"author\":{\"name\":\"Practica Padel Team\",\"@id\":\"https:\\\/\\\/practicapadel.com\\\/fi\\\/#\\\/schema\\\/person\\\/af64f7b6f369d9f8143409566a9a8666\"},\"headline\":\"Juan Tello uusista aluista ja vaikeista valinnoista ammattilaispadelissa\",\"datePublished\":\"2026-01-19T05:02:02+00:00\",\"dateModified\":\"2026-01-19T05:14:23+00:00\",\"mainEntityOfPage\":{\"@id\":\"https:\\\/\\\/practicapadel.com\\\/fi\\\/ammattilaispelaaja-haastattelut\\\/juan-tello-uusista-aluista-ja-vaikeista-valinnoista-ammattilaispadelissa\\\/\"},\"wordCount\":825,\"publisher\":{\"@id\":\"https:\\\/\\\/practicapadel.com\\\/fi\\\/#organization\"},\"image\":{\"@id\":\"https:\\\/\\\/practicapadel.com\\\/fi\\\/ammattilaispelaaja-haastattelut\\\/juan-tello-uusista-aluista-ja-vaikeista-valinnoista-ammattilaispadelissa\\\/#primaryimage\"},\"thumbnailUrl\":\"https:\\\/\\\/practicapadel.com\\\/wp-content\\\/uploads\\\/2026\\\/01\\\/juan-tello-padel-pariyhteistyo.png\",\"articleSection\":[\"Ammattilaispelaaja-haastattelut\"],\"inLanguage\":\"fi\"},{\"@type\":\"WebPage\",\"@id\":\"https:\\\/\\\/practicapadel.com\\\/fi\\\/ammattilaispelaaja-haastattelut\\\/juan-tello-uusista-aluista-ja-vaikeista-valinnoista-ammattilaispadelissa\\\/\",\"url\":\"https:\\\/\\\/practicapadel.com\\\/fi\\\/ammattilaispelaaja-haastattelut\\\/juan-tello-uusista-aluista-ja-vaikeista-valinnoista-ammattilaispadelissa\\\/\",\"name\":\"Juan Tellon haastattelu uusista padelpareista ja uravalinnoista\",\"isPartOf\":{\"@id\":\"https:\\\/\\\/practicapadel.com\\\/fi\\\/#website\"},\"primaryImageOfPage\":{\"@id\":\"https:\\\/\\\/practicapadel.com\\\/fi\\\/ammattilaispelaaja-haastattelut\\\/juan-tello-uusista-aluista-ja-vaikeista-valinnoista-ammattilaispadelissa\\\/#primaryimage\"},\"image\":{\"@id\":\"https:\\\/\\\/practicapadel.com\\\/fi\\\/ammattilaispelaaja-haastattelut\\\/juan-tello-uusista-aluista-ja-vaikeista-valinnoista-ammattilaispadelissa\\\/#primaryimage\"},\"thumbnailUrl\":\"https:\\\/\\\/practicapadel.com\\\/wp-content\\\/uploads\\\/2026\\\/01\\\/juan-tello-padel-pariyhteistyo.png\",\"datePublished\":\"2026-01-19T05:02:02+00:00\",\"dateModified\":\"2026-01-19T05:14:23+00:00\",\"description\":\"Lue Juan Tellon ajatuksia parinvaihdoksista, henkisist\u00e4 haasteista ja menestyksen avaimista ammattilaispadelissa vaikean vuoden j\u00e4lkeen.\",\"breadcrumb\":{\"@id\":\"https:\\\/\\\/practicapadel.com\\\/fi\\\/ammattilaispelaaja-haastattelut\\\/juan-tello-uusista-aluista-ja-vaikeista-valinnoista-ammattilaispadelissa\\\/#breadcrumb\"},\"inLanguage\":\"fi\",\"potentialAction\":[{\"@type\":\"ReadAction\",\"target\":[\"https:\\\/\\\/practicapadel.com\\\/fi\\\/ammattilaispelaaja-haastattelut\\\/juan-tello-uusista-aluista-ja-vaikeista-valinnoista-ammattilaispadelissa\\\/\"]}]},{\"@type\":\"ImageObject\",\"inLanguage\":\"fi\",\"@id\":\"https:\\\/\\\/practicapadel.com\\\/fi\\\/ammattilaispelaaja-haastattelut\\\/juan-tello-uusista-aluista-ja-vaikeista-valinnoista-ammattilaispadelissa\\\/#primaryimage\",\"url\":\"https:\\\/\\\/practicapadel.com\\\/wp-content\\\/uploads\\\/2026\\\/01\\\/juan-tello-padel-pariyhteistyo.png\",\"contentUrl\":\"https:\\\/\\\/practicapadel.com\\\/wp-content\\\/uploads\\\/2026\\\/01\\\/juan-tello-padel-pariyhteistyo.png\",\"width\":1200,\"height\":900,\"caption\":\"juan tello padel pariyhteistyo\"},{\"@type\":\"BreadcrumbList\",\"@id\":\"https:\\\/\\\/practicapadel.com\\\/fi\\\/ammattilaispelaaja-haastattelut\\\/juan-tello-uusista-aluista-ja-vaikeista-valinnoista-ammattilaispadelissa\\\/#breadcrumb\",\"itemListElement\":[{\"@type\":\"ListItem\",\"position\":1,\"name\":\"Etusivu\",\"item\":\"https:\\\/\\\/practicapadel.com\\\/fi\\\/\"},{\"@type\":\"ListItem\",\"position\":2,\"name\":\"Ammattilaispelaaja-haastattelut\",\"item\":\"https:\\\/\\\/practicapadel.com\\\/fi\\\/category\\\/ammattilaispelaaja-haastattelut\\\/\"},{\"@type\":\"ListItem\",\"position\":3,\"name\":\"Juan Tello uusista aluista ja vaikeista valinnoista ammattilaispadelissa\"}]},{\"@type\":\"WebSite\",\"@id\":\"https:\\\/\\\/practicapadel.com\\\/fi\\\/#website\",\"url\":\"https:\\\/\\\/practicapadel.com\\\/fi\\\/\",\"name\":\"Practica Padel\",\"description\":\"T\u00e4ydellinen l\u00e4hteesi padel-varusteisiin, harjoitteluun ja pelaajavinkkeihin\",\"publisher\":{\"@id\":\"https:\\\/\\\/practicapadel.com\\\/fi\\\/#organization\"},\"potentialAction\":[{\"@type\":\"SearchAction\",\"target\":{\"@type\":\"EntryPoint\",\"urlTemplate\":\"https:\\\/\\\/practicapadel.com\\\/fi\\\/?s={search_term_string}\"},\"query-input\":{\"@type\":\"PropertyValueSpecification\",\"valueRequired\":true,\"valueName\":\"search_term_string\"}}],\"inLanguage\":\"fi\"},{\"@type\":\"Organization\",\"@id\":\"https:\\\/\\\/practicapadel.com\\\/fi\\\/#organization\",\"name\":\"Practica Padel\",\"url\":\"https:\\\/\\\/practicapadel.com\\\/fi\\\/\",\"logo\":{\"@type\":\"ImageObject\",\"inLanguage\":\"fi\",\"@id\":\"https:\\\/\\\/practicapadel.com\\\/fi\\\/#\\\/schema\\\/logo\\\/image\\\/\",\"url\":\"https:\\\/\\\/practicapadel.com\\\/wp-content\\\/uploads\\\/2025\\\/08\\\/practica-padel-695x695-1.png\",\"contentUrl\":\"https:\\\/\\\/practicapadel.com\\\/wp-content\\\/uploads\\\/2025\\\/08\\\/practica-padel-695x695-1.png\",\"width\":695,\"height\":695,\"caption\":\"Practica Padel\"},\"image\":{\"@id\":\"https:\\\/\\\/practicapadel.com\\\/fi\\\/#\\\/schema\\\/logo\\\/image\\\/\"},\"description\":\"Practica Padel on asiantuntijapohjainen digitaalinen lehti, joka on omistettu padelille. Tarjoamme luotettavia maila-arvosteluja, harjoittelu- ja taktiikkaohjeita, ly\u00f6ntioppaita, kuntoiluvinkkej\u00e4, turnausraportteja, el\u00e4m\u00e4ntyylisis\u00e4lt\u00f6\u00e4 ja pelaajatarinoita padelin harrastajille ymp\u00e4ri maailmaa.\",\"email\":\"thepracticapadel@gmail.com\",\"foundingDate\":\"2025-05-30\",\"numberOfEmployees\":{\"@type\":\"QuantitativeValue\",\"minValue\":\"1\",\"maxValue\":\"10\"}},{\"@type\":\"Person\",\"@id\":\"https:\\\/\\\/practicapadel.com\\\/fi\\\/#\\\/schema\\\/person\\\/af64f7b6f369d9f8143409566a9a8666\",\"name\":\"Practica Padel Team\",\"image\":{\"@type\":\"ImageObject\",\"inLanguage\":\"fi\",\"@id\":\"https:\\\/\\\/secure.gravatar.com\\\/avatar\\\/5b00b8a0294a5ffc79b628cac1f1bedf7802f97bc10a75d3c2065bfb3e5d55d7?s=96&d=mm&r=g\",\"url\":\"https:\\\/\\\/secure.gravatar.com\\\/avatar\\\/5b00b8a0294a5ffc79b628cac1f1bedf7802f97bc10a75d3c2065bfb3e5d55d7?s=96&d=mm&r=g\",\"contentUrl\":\"https:\\\/\\\/secure.gravatar.com\\\/avatar\\\/5b00b8a0294a5ffc79b628cac1f1bedf7802f97bc10a75d3c2065bfb3e5d55d7?s=96&d=mm&r=g\",\"caption\":\"Practica Padel Team\"},\"description\":\"Specialists in curating insights from padel coaches, professional players, and trusted reviewers. Our goal is to make expert knowledge easy to understand and accessible for every player.\",\"sameAs\":[\"http:\\\/\\\/practicapadel.com\"],\"knowsAbout\":[\"Padel racket reviews\",\"Padel training\",\"Sports journalism\",\"Equipment analysis\",\"Data structuring\",\"Knowledge curation\",\"PHP\",\"Javascript\",\"Webdesign\"],\"knowsLanguage\":[\"Danish\",\"English\",\"French\",\"German\",\"Italian\",\"Spanish\",\"Swedish\",\"Dutch\",\"Greek\",\"Norwegian (Bokm\u00e5l)\",\"Polish\",\"Portuguese\",\"Estonian\",\"Finnish\"],\"jobTitle\":\"Editorial Team\",\"worksFor\":\"Practica Padel\",\"url\":\"https:\\\/\\\/practicapadel.com\\\/fi\\\/author\\\/practica-padel-team\\\/\"}]}<\/script>\n<!-- \/ Yoast SEO Premium plugin. -->","yoast_head_json":{"title":"Juan Tellon haastattelu uusista padelpareista ja uravalinnoista","description":"Lue Juan Tellon ajatuksia parinvaihdoksista, henkisist\u00e4 haasteista ja menestyksen avaimista ammattilaispadelissa vaikean vuoden j\u00e4lkeen.","robots":{"index":"index","follow":"follow","max-snippet":"max-snippet:-1","max-image-preview":"max-image-preview:large","max-video-preview":"max-video-preview:-1"},"canonical":"https:\/\/practicapadel.com\/fi\/ammattilaispelaaja-haastattelut\/juan-tello-uusista-aluista-ja-vaikeista-valinnoista-ammattilaispadelissa\/","og_locale":"fi_FI","og_type":"article","og_title":"Juan Tello uusista aluista ja vaikeista valinnoista ammattilaispadelissa","og_description":"Lue Juan Tellon ajatuksia parinvaihdoksista, henkisist\u00e4 haasteista ja menestyksen avaimista ammattilaispadelissa vaikean vuoden j\u00e4lkeen.","og_url":"https:\/\/practicapadel.com\/fi\/ammattilaispelaaja-haastattelut\/juan-tello-uusista-aluista-ja-vaikeista-valinnoista-ammattilaispadelissa\/","og_site_name":"Practica Padel","article_published_time":"2026-01-19T05:02:02+00:00","article_modified_time":"2026-01-19T05:14:23+00:00","og_image":[{"width":1200,"height":900,"url":"https:\/\/practicapadel.com\/wp-content\/uploads\/2026\/01\/juan-tello-padel-pariyhteistyo.png","type":"image\/png"}],"author":"Practica Padel Team","twitter_card":"summary_large_image","twitter_misc":{"Kirjoittanut":"Practica Padel Team","Arvioitu lukuaika":"4 minuuttia"},"schema":{"@context":"https:\/\/schema.org","@graph":[{"@type":"Article","@id":"https:\/\/practicapadel.com\/fi\/ammattilaispelaaja-haastattelut\/juan-tello-uusista-aluista-ja-vaikeista-valinnoista-ammattilaispadelissa\/#article","isPartOf":{"@id":"https:\/\/practicapadel.com\/fi\/ammattilaispelaaja-haastattelut\/juan-tello-uusista-aluista-ja-vaikeista-valinnoista-ammattilaispadelissa\/"},"author":{"name":"Practica Padel Team","@id":"https:\/\/practicapadel.com\/fi\/#\/schema\/person\/af64f7b6f369d9f8143409566a9a8666"},"headline":"Juan Tello uusista aluista ja vaikeista valinnoista ammattilaispadelissa","datePublished":"2026-01-19T05:02:02+00:00","dateModified":"2026-01-19T05:14:23+00:00","mainEntityOfPage":{"@id":"https:\/\/practicapadel.com\/fi\/ammattilaispelaaja-haastattelut\/juan-tello-uusista-aluista-ja-vaikeista-valinnoista-ammattilaispadelissa\/"},"wordCount":825,"publisher":{"@id":"https:\/\/practicapadel.com\/fi\/#organization"},"image":{"@id":"https:\/\/practicapadel.com\/fi\/ammattilaispelaaja-haastattelut\/juan-tello-uusista-aluista-ja-vaikeista-valinnoista-ammattilaispadelissa\/#primaryimage"},"thumbnailUrl":"https:\/\/practicapadel.com\/wp-content\/uploads\/2026\/01\/juan-tello-padel-pariyhteistyo.png","articleSection":["Ammattilaispelaaja-haastattelut"],"inLanguage":"fi"},{"@type":"WebPage","@id":"https:\/\/practicapadel.com\/fi\/ammattilaispelaaja-haastattelut\/juan-tello-uusista-aluista-ja-vaikeista-valinnoista-ammattilaispadelissa\/","url":"https:\/\/practicapadel.com\/fi\/ammattilaispelaaja-haastattelut\/juan-tello-uusista-aluista-ja-vaikeista-valinnoista-ammattilaispadelissa\/","name":"Juan Tellon haastattelu uusista padelpareista ja uravalinnoista","isPartOf":{"@id":"https:\/\/practicapadel.com\/fi\/#website"},"primaryImageOfPage":{"@id":"https:\/\/practicapadel.com\/fi\/ammattilaispelaaja-haastattelut\/juan-tello-uusista-aluista-ja-vaikeista-valinnoista-ammattilaispadelissa\/#primaryimage"},"image":{"@id":"https:\/\/practicapadel.com\/fi\/ammattilaispelaaja-haastattelut\/juan-tello-uusista-aluista-ja-vaikeista-valinnoista-ammattilaispadelissa\/#primaryimage"},"thumbnailUrl":"https:\/\/practicapadel.com\/wp-content\/uploads\/2026\/01\/juan-tello-padel-pariyhteistyo.png","datePublished":"2026-01-19T05:02:02+00:00","dateModified":"2026-01-19T05:14:23+00:00","description":"Lue Juan Tellon ajatuksia parinvaihdoksista, henkisist\u00e4 haasteista ja menestyksen avaimista ammattilaispadelissa vaikean vuoden j\u00e4lkeen.","breadcrumb":{"@id":"https:\/\/practicapadel.com\/fi\/ammattilaispelaaja-haastattelut\/juan-tello-uusista-aluista-ja-vaikeista-valinnoista-ammattilaispadelissa\/#breadcrumb"},"inLanguage":"fi","potentialAction":[{"@type":"ReadAction","target":["https:\/\/practicapadel.com\/fi\/ammattilaispelaaja-haastattelut\/juan-tello-uusista-aluista-ja-vaikeista-valinnoista-ammattilaispadelissa\/"]}]},{"@type":"ImageObject","inLanguage":"fi","@id":"https:\/\/practicapadel.com\/fi\/ammattilaispelaaja-haastattelut\/juan-tello-uusista-aluista-ja-vaikeista-valinnoista-ammattilaispadelissa\/#primaryimage","url":"https:\/\/practicapadel.com\/wp-content\/uploads\/2026\/01\/juan-tello-padel-pariyhteistyo.png","contentUrl":"https:\/\/practicapadel.com\/wp-content\/uploads\/2026\/01\/juan-tello-padel-pariyhteistyo.png","width":1200,"height":900,"caption":"juan tello padel pariyhteistyo"},{"@type":"BreadcrumbList","@id":"https:\/\/practicapadel.com\/fi\/ammattilaispelaaja-haastattelut\/juan-tello-uusista-aluista-ja-vaikeista-valinnoista-ammattilaispadelissa\/#breadcrumb","itemListElement":[{"@type":"ListItem","position":1,"name":"Etusivu","item":"https:\/\/practicapadel.com\/fi\/"},{"@type":"ListItem","position":2,"name":"Ammattilaispelaaja-haastattelut","item":"https:\/\/practicapadel.com\/fi\/category\/ammattilaispelaaja-haastattelut\/"},{"@type":"ListItem","position":3,"name":"Juan Tello uusista aluista ja vaikeista valinnoista ammattilaispadelissa"}]},{"@type":"WebSite","@id":"https:\/\/practicapadel.com\/fi\/#website","url":"https:\/\/practicapadel.com\/fi\/","name":"Practica Padel","description":"T\u00e4ydellinen l\u00e4hteesi padel-varusteisiin, harjoitteluun ja pelaajavinkkeihin","publisher":{"@id":"https:\/\/practicapadel.com\/fi\/#organization"},"potentialAction":[{"@type":"SearchAction","target":{"@type":"EntryPoint","urlTemplate":"https:\/\/practicapadel.com\/fi\/?s={search_term_string}"},"query-input":{"@type":"PropertyValueSpecification","valueRequired":true,"valueName":"search_term_string"}}],"inLanguage":"fi"},{"@type":"Organization","@id":"https:\/\/practicapadel.com\/fi\/#organization","name":"Practica Padel","url":"https:\/\/practicapadel.com\/fi\/","logo":{"@type":"ImageObject","inLanguage":"fi","@id":"https:\/\/practicapadel.com\/fi\/#\/schema\/logo\/image\/","url":"https:\/\/practicapadel.com\/wp-content\/uploads\/2025\/08\/practica-padel-695x695-1.png","contentUrl":"https:\/\/practicapadel.com\/wp-content\/uploads\/2025\/08\/practica-padel-695x695-1.png","width":695,"height":695,"caption":"Practica Padel"},"image":{"@id":"https:\/\/practicapadel.com\/fi\/#\/schema\/logo\/image\/"},"description":"Practica Padel on asiantuntijapohjainen digitaalinen lehti, joka on omistettu padelille. Tarjoamme luotettavia maila-arvosteluja, harjoittelu- ja taktiikkaohjeita, ly\u00f6ntioppaita, kuntoiluvinkkej\u00e4, turnausraportteja, el\u00e4m\u00e4ntyylisis\u00e4lt\u00f6\u00e4 ja pelaajatarinoita padelin harrastajille ymp\u00e4ri maailmaa.","email":"thepracticapadel@gmail.com","foundingDate":"2025-05-30","numberOfEmployees":{"@type":"QuantitativeValue","minValue":"1","maxValue":"10"}},{"@type":"Person","@id":"https:\/\/practicapadel.com\/fi\/#\/schema\/person\/af64f7b6f369d9f8143409566a9a8666","name":"Practica Padel Team","image":{"@type":"ImageObject","inLanguage":"fi","@id":"https:\/\/secure.gravatar.com\/avatar\/5b00b8a0294a5ffc79b628cac1f1bedf7802f97bc10a75d3c2065bfb3e5d55d7?s=96&d=mm&r=g","url":"https:\/\/secure.gravatar.com\/avatar\/5b00b8a0294a5ffc79b628cac1f1bedf7802f97bc10a75d3c2065bfb3e5d55d7?s=96&d=mm&r=g","contentUrl":"https:\/\/secure.gravatar.com\/avatar\/5b00b8a0294a5ffc79b628cac1f1bedf7802f97bc10a75d3c2065bfb3e5d55d7?s=96&d=mm&r=g","caption":"Practica Padel Team"},"description":"Specialists in curating insights from padel coaches, professional players, and trusted reviewers. Our goal is to make expert knowledge easy to understand and accessible for every player.","sameAs":["http:\/\/practicapadel.com"],"knowsAbout":["Padel racket reviews","Padel training","Sports journalism","Equipment analysis","Data structuring","Knowledge curation","PHP","Javascript","Webdesign"],"knowsLanguage":["Danish","English","French","German","Italian","Spanish","Swedish","Dutch","Greek","Norwegian (Bokm\u00e5l)","Polish","Portuguese","Estonian","Finnish"],"jobTitle":"Editorial Team","worksFor":"Practica Padel","url":"https:\/\/practicapadel.com\/fi\/author\/practica-padel-team\/"}]}},"_links":{"self":[{"href":"https:\/\/practicapadel.com\/fi\/wp-json\/wp\/v2\/posts\/216691","targetHints":{"allow":["GET"]}}],"collection":[{"href":"https:\/\/practicapadel.com\/fi\/wp-json\/wp\/v2\/posts"}],"about":[{"href":"https:\/\/practicapadel.com\/fi\/wp-json\/wp\/v2\/types\/post"}],"author":[{"embeddable":true,"href":"https:\/\/practicapadel.com\/fi\/wp-json\/wp\/v2\/users\/1"}],"replies":[{"embeddable":true,"href":"https:\/\/practicapadel.com\/fi\/wp-json\/wp\/v2\/comments?post=216691"}],"version-history":[{"count":2,"href":"https:\/\/practicapadel.com\/fi\/wp-json\/wp\/v2\/posts\/216691\/revisions"}],"predecessor-version":[{"id":216795,"href":"https:\/\/practicapadel.com\/fi\/wp-json\/wp\/v2\/posts\/216691\/revisions\/216795"}],"wp:featuredmedia":[{"embeddable":true,"href":"https:\/\/practicapadel.com\/fi\/wp-json\/wp\/v2\/media\/216796"}],"wp:attachment":[{"href":"https:\/\/practicapadel.com\/fi\/wp-json\/wp\/v2\/media?parent=216691"}],"wp:term":[{"taxonomy":"category","embeddable":true,"href":"https:\/\/practicapadel.com\/fi\/wp-json\/wp\/v2\/categories?post=216691"},{"taxonomy":"post_tag","embeddable":true,"href":"https:\/\/practicapadel.com\/fi\/wp-json\/wp\/v2\/tags?post=216691"},{"taxonomy":"youtube-channel","embeddable":true,"href":"https:\/\/practicapadel.com\/fi\/wp-json\/wp\/v2\/youtube-channel?post=216691"}],"curies":[{"name":"wp","href":"https:\/\/api.w.org\/{rel}","templated":true}]}}