{"id":226257,"date":"2026-01-27T19:26:26","date_gmt":"2026-01-27T19:26:26","guid":{"rendered":"https:\/\/practicapadel.com\/articles-padel\/fernando-belasteguin-on-adapting-and-shaping-padels-global-future\/"},"modified":"2026-01-27T19:31:33","modified_gmt":"2026-01-27T19:31:33","slug":"fernando-belasteguin-adaptation-avenir-mondial-padel","status":"publish","type":"post","link":"https:\/\/practicapadel.com\/fr\/interviews-joueurs-pro\/fernando-belasteguin-adaptation-avenir-mondial-padel\/","title":{"rendered":"Fernando Belastegu\u00edn : s&rsquo;adapter et fa\u00e7onner l&rsquo;avenir mondial du padel"},"content":{"rendered":"<h2>Fernando \u00ab Bela \u00bb Belastegu\u00edn revient sur une carri\u00e8re l\u00e9gendaire et l&rsquo;\u00e9volution du padel<\/h2>\n<p>L&rsquo;interview de la cha\u00eene avec <strong>Fernando \u00ab Bela \u00bb Belastegu\u00edn<\/strong> offre un regard rare et approfondi sur l&rsquo;\u00e9tat d&rsquo;esprit et le parcours du joueur le plus titr\u00e9 du padel. Avec <strong>16 ans en tant que num\u00e9ro un mondial<\/strong> et plus de <strong>230 titres en carri\u00e8re<\/strong>, l&rsquo;histoire de Bela est faite de croissance organique, d&rsquo;adaptation constante et d&rsquo;une passion profonde pour le padel. Il a commenc\u00e9 \u00e0 jouer \u00e0 10 ans dans sa ville natale, passant rapidement du football au padel d\u00e8s l&rsquo;apparition des premiers terrains locaux. \u00c0 15 ans, il jouait d\u00e9j\u00e0 en professionnel, m\u00eame s&rsquo;il d\u00e9crit ces premi\u00e8res ann\u00e9es comme une progression naturelle plut\u00f4t qu&rsquo;une qu\u00eate calcul\u00e9e de grandeur.<\/p>\n<p>Le d\u00e9part de Bela d&rsquo;Argentine vers l&rsquo;Espagne a marqu\u00e9 un tournant, motiv\u00e9 par son d\u00e9sir d&rsquo;affronter les meilleurs alors que la sc\u00e8ne professionnelle se d\u00e9pla\u00e7ait vers l&rsquo;Europe. Il souligne que sa long\u00e9vit\u00e9 au sommet n&rsquo;a \u00e9t\u00e9 possible que gr\u00e2ce \u00e0 une adaptation constante \u2014 tant aux exigences changeantes du sport qu&rsquo;\u00e0 l&rsquo;\u00e9volution de ses propres capacit\u00e9s physiques.<\/p>\n<h2>S&rsquo;adapter au changement : terrains, mat\u00e9riel et jeu moderne<\/h2>\n<p>En plus de trente ans au plus haut niveau, Bela a vu \u2014 et accept\u00e9 \u2014 d&rsquo;importants changements dans le padel. Il se souvient avoir commenc\u00e9 sur des <strong>terrains en ciment<\/strong> et s&rsquo;\u00eatre adapt\u00e9 \u00e0 mesure que les surfaces, le mat\u00e9riel et le rythme du jeu \u00e9voluaient. Le journaliste met en avant la philosophie de Bela : pour rester comp\u00e9titif, un professionnel doit anticiper et s&rsquo;adapter \u00e0 chaque \u00e9volution du sport, qu&rsquo;il s&rsquo;agisse de la technologie des terrains ou de la vitesse des balles.<\/p>\n<p>Ces derni\u00e8res ann\u00e9es, Bela note que le jeu est devenu nettement plus rapide, avec des balles plus vives et des d\u00e9placements plus dynamiques. Cette acc\u00e9l\u00e9ration, admet-il, a co\u00efncid\u00e9 avec le ralentissement naturel de ses propres r\u00e9flexes et de sa vitesse, rendant le maintien dans le top 10 de plus en plus difficile. Pourtant, il consid\u00e8re ces changements comme in\u00e9vitables et m\u00eame b\u00e9n\u00e9fiques pour la progression du sport.<\/p>\n<h2>L&rsquo;essor mondial du padel et l&rsquo;opportunit\u00e9 am\u00e9ricaine<\/h2>\n<p>L&rsquo;animateur aborde avec Bela l&rsquo;explosion du padel \u00e0 travers le monde. Jadis concentr\u00e9 en <strong>Argentine<\/strong> et en <strong>Espagne<\/strong>, le sport b\u00e9n\u00e9ficie d\u00e9sormais d&rsquo;une port\u00e9e bien plus large. Bela attribue cette expansion \u00e0 la mont\u00e9e des <strong>r\u00e9seaux sociaux<\/strong>, qui ont acc\u00e9l\u00e9r\u00e9 la notori\u00e9t\u00e9 mondiale, mais il pr\u00e9cise que, malgr\u00e9 les progr\u00e8s, le padel n&rsquo;en est qu&rsquo;\u00e0 ses d\u00e9buts dans de nombreuses r\u00e9gions.<\/p>\n<p>En se concentrant sur les <strong>\u00c9tats-Unis<\/strong>, Bela voit un potentiel immense, notamment en <strong>Floride du Sud<\/strong> o\u00f9 le sport gagne du terrain. Il compare l&rsquo;\u00e9tat actuel du padel \u00e0 un b\u00e9b\u00e9 qui commence \u00e0 peine \u00e0 ramper, avec un long chemin \u00e0 parcourir avant de pouvoir \u00ab courir le cent m\u00e8tres \u00bb. Bela est toutefois convaincu que le padel deviendra un sport majeur \u00e0 l&rsquo;\u00e9chelle mondiale dans la prochaine d\u00e9cennie.<\/p>\n<p>Fait int\u00e9ressant, il consid\u00e8re la mont\u00e9e du <strong>pickleball<\/strong> aux \u00c9tats-Unis comme une force positive, pr\u00e9disant que de nombreux joueurs de pickleball passeront progressivement au padel, acc\u00e9l\u00e9rant ainsi sa croissance. Il plaide pour des clubs hybrides proposant les deux sports, insistant sur leur compl\u00e9mentarit\u00e9 plut\u00f4t que sur la concurrence.<\/p>\n<h2>La marque Bela Padel et l&rsquo;expansion internationale des clubs<\/h2>\n<p>Bela pr\u00e9sente sa vision pour la marque <strong>Bela Padel Center<\/strong>, n\u00e9e pendant la pand\u00e9mie et concr\u00e9tis\u00e9e avec l&rsquo;ouverture d&rsquo;un club phare \u00e0 Alicante. Le projet sert de \u00ab laboratoire \u00bb pour sa m\u00e9thodologie et sa philosophie, avec l&rsquo;ambition de s&rsquo;\u00e9tendre \u00e0 l&rsquo;international d\u00e8s l&rsquo;ouverture d&rsquo;un grand centre \u00e0 <strong>Barcelone<\/strong>.<\/p>\n<p>Il insiste sur l&rsquo;importance d&rsquo;apprendre par l&rsquo;exp\u00e9rience \u2014 tester des id\u00e9es, faire des erreurs et affiner le mod\u00e8le avant de passer \u00e0 l&rsquo;\u00e9chelle sup\u00e9rieure. L&rsquo;objectif ultime est de faire de Barcelone le si\u00e8ge, puis d&rsquo;exporter le concept Bela Padel Center vers des march\u00e9s comme les \u00c9tats-Unis, en privil\u00e9giant toujours ce qui est le mieux pour une croissance durable du sport.<\/p>\n<h2>\u00c9v\u00e9nements d&rsquo;exhibition, Premier Padel League et prestige des joueurs<\/h2>\n<p>En abordant la comp\u00e9tition, Bela partage son point de vue sur la multiplication des nouveaux formats comme la <strong>Premier Padel League (PPL)<\/strong>, la <strong>Hexagon Cup<\/strong> et d&rsquo;autres \u00e9v\u00e9nements d&rsquo;exhibition. Il estime que ces tournois sont pr\u00e9cieux pour promouvoir le padel et attirer de nouveaux publics, notamment sur des march\u00e9s \u00e9mergents comme les \u00c9tats-Unis et l&rsquo;Inde.<\/p>\n<p>Cependant, Bela distingue le prestige des circuits \u00e0 classement, comme le <strong>Premier Padel<\/strong>, des incitations financi\u00e8res des exhibitions. Pour lui, le vrai statut vient du fait d&rsquo;\u00eatre num\u00e9ro un au classement officiel, et non de victoires isol\u00e9es en exhibition. Il soutient une approche \u00e9quilibr\u00e9e, o\u00f9 exhibitions et comp\u00e9titions \u00e0 classement coexistent pour maximiser la visibilit\u00e9 et la cr\u00e9dibilit\u00e9 du padel.<\/p>\n<h2>R\u00e9alit\u00e9s financi\u00e8res et \u00e9cosyst\u00e8me professionnel du padel<\/h2>\n<p>La cha\u00eene s&rsquo;int\u00e9resse \u00e0 l&rsquo;\u00e9conomie du padel professionnel, et Bela livre une analyse franche des revenus des joueurs :<\/p>\n<ul>\n<li><strong>Rang 1 :<\/strong> Jusqu&rsquo;\u00e0 4 millions de dollars par an<\/li>\n<li><strong>Rang 10 :<\/strong> Environ 1,5 million de dollars<\/li>\n<li><strong>Rangs 11\u201320 :<\/strong> De 1,5 million \u00e0 800 000 dollars<\/li>\n<li><strong>Rangs inf\u00e9rieurs (20+) :<\/strong> Montants d\u00e9croissants, les jeunes joueurs gagnant souvent bien moins<\/li>\n<\/ul>\n<p>Il note que les prize money ont augment\u00e9 de fa\u00e7on exponentielle ces trois derni\u00e8res ann\u00e9es avec l&rsquo;arriv\u00e9e du Premier Padel, mais insiste sur la n\u00e9cessit\u00e9 de poursuivre la croissance et d&rsquo;assurer une r\u00e9partition \u00e9quitable entre joueurs et organisateurs. Bela \u00e9voque aussi le r\u00f4le du sponsoring et des r\u00e9seaux sociaux, affirmant que la pr\u00e9sence en ligne peut aider, mais que rien ne remplace la victoire sur le terrain. Il encourage les jeunes \u00e0 se concentrer sur l&rsquo;entra\u00eenement et les r\u00e9sultats plut\u00f4t que sur le nombre d&rsquo;abonn\u00e9s.<\/p>\n<h2>L&rsquo;\u00e9v\u00e9nement Premier Padel de Miami et l&rsquo;importance des salles couvertes<\/h2>\n<p>Bela exprime son enthousiasme \u00e0 l&rsquo;id\u00e9e d&rsquo;organiser le premier <strong>tournoi Premier Padel \u00e0 Miami<\/strong>, qu&rsquo;il consid\u00e8re comme un moment cl\u00e9 pour l&rsquo;expansion du sport en Am\u00e9rique du Nord. L&rsquo;\u00e9v\u00e9nement aura lieu au <strong>Miami Beach Convention Center<\/strong>, avec une capacit\u00e9 d&rsquo;environ <strong>1 700 spectateurs<\/strong> (1 300 en tribunes et 400 en loges). Il explique le choix de garder le tournoi \u00e0 taille \u00ab boutique \u00bb les premi\u00e8res ann\u00e9es, privil\u00e9giant la qualit\u00e9 et l&rsquo;engagement communautaire \u00e0 une croissance trop rapide.<\/p>\n<p>Il met \u00e9galement en avant les avantages d&rsquo;un \u00e9v\u00e9nement en salle \u2014 absence de vent, de pluie et d&rsquo;humidit\u00e9 qui ont perturb\u00e9 les pr\u00e9c\u00e9dents tournois en ext\u00e9rieur \u00e0 Miami. Ce cadre contr\u00f4l\u00e9, selon lui, offrira une meilleure exp\u00e9rience aux joueurs comme aux fans, et servira de r\u00e9f\u00e9rence pour les futurs \u00e9v\u00e9nements de la r\u00e9gion.<\/p>\n<h2>Partenariat avec Wilson et avenir du mat\u00e9riel de padel<\/h2>\n<p>L&rsquo;entretien se conclut par la r\u00e9flexion de Bela sur son partenariat avec <strong>Wilson<\/strong>, une marque qu&rsquo;il admire pour son leadership dans les sports de raquette. Il est tr\u00e8s impliqu\u00e9 dans le d\u00e9veloppement de sa propre gamme au sein de Wilson, avec l&rsquo;ambition d&rsquo;en faire la marque num\u00e9ro un du padel mondial. Avec plus de temps apr\u00e8s sa retraite, Bela compte travailler \u00e9troitement avec les ing\u00e9nieurs pour affiner et \u00e9largir sa collection, afin de r\u00e9pondre aux besoins \u00e9volutifs des joueurs du monde entier.<\/p>\n<h2>\u00c0 retenir : les enseignements de Bela sur l&rsquo;avenir du padel<\/h2>\n<ul>\n<li><strong>L&rsquo;adaptation est essentielle<\/strong> : le sport et ses joueurs doivent \u00e9voluer en permanence pour rester comp\u00e9titifs.<\/li>\n<li><strong>La croissance mondiale s&rsquo;acc\u00e9l\u00e8re<\/strong>, mais le padel en est encore \u00e0 ses d\u00e9buts sur de nombreux march\u00e9s, notamment aux \u00c9tats-Unis.<\/li>\n<li><strong>Les clubs hybrides et les sports compl\u00e9mentaires<\/strong> comme le pickleball peuvent stimuler la participation et la notori\u00e9t\u00e9.<\/li>\n<li><strong>Le prestige vient du classement<\/strong>, pas seulement des victoires en tournoi ou de la pr\u00e9sence sur les r\u00e9seaux sociaux.<\/li>\n<li><strong>L&rsquo;investissement dans les infrastructures et la qualit\u00e9 des \u00e9v\u00e9nements<\/strong> sera d\u00e9terminant pour une expansion durable du padel.<\/li>\n<\/ul>\n<p>La vision, l&rsquo;exp\u00e9rience et l&rsquo;engagement continu de Bela font de lui \u00e0 la fois une l\u00e9gende et un moteur de l&rsquo;avenir mondial du padel.<\/p>\n","protected":false},"excerpt":{"rendered":"<p>Fernando \u00ab Bela \u00bb Belastegu\u00edn partage sa vision unique de l&rsquo;\u00e9volution du padel, fort de d\u00e9cennies au sommet du sport. Il \u00e9voque l&rsquo;importance de l&rsquo;adaptation, l&rsquo;expansion rapide du padel dans le monde et sa vision pour l&rsquo;avenir de la discipline. Plongez dans les r\u00e9flexions de Bela pour d\u00e9couvrir ce qu&rsquo;il faut pour rester pertinent et stimuler la croissance du padel.<\/p>\n","protected":false},"author":1,"featured_media":226310,"comment_status":"closed","ping_status":"closed","sticky":false,"template":"","format":"standard","meta":{"_acf_changed":false,"footnotes":""},"categories":[537],"tags":[],"youtube-channel":[285],"class_list":["post-226257","post","type-post","status-publish","format-standard","has-post-thumbnail","hentry","category-interviews-joueurs-pro","generate-columns","tablet-grid-50","mobile-grid-100","grid-parent","grid-33"],"acf":[],"yoast_head":"<!-- This site is optimized with the Yoast SEO Premium plugin v27.4 (Yoast SEO v27.4) - https:\/\/yoast.com\/product\/yoast-seo-premium-wordpress\/ -->\n<title>Fernando Belasteguin \u00e9volution du padel croissance mondiale et avenir<\/title>\n<meta name=\"description\" content=\"D\u00e9couvrez les r\u00e9flexions uniques de Fernando Belastegu\u00edn sur l&#039;\u00e9volution, la croissance mondiale et l&#039;avenir du padel aux \u00c9tats-Unis et au-del\u00e0.\" \/>\n<meta name=\"robots\" content=\"index, follow, max-snippet:-1, max-image-preview:large, max-video-preview:-1\" \/>\n<link rel=\"canonical\" href=\"https:\/\/practicapadel.com\/fr\/interviews-joueurs-pro\/fernando-belasteguin-adaptation-avenir-mondial-padel\/\" \/>\n<meta property=\"og:locale\" content=\"fr_FR\" \/>\n<meta property=\"og:type\" content=\"article\" \/>\n<meta property=\"og:title\" content=\"Fernando Belastegu\u00edn : s&#039;adapter et fa\u00e7onner l&#039;avenir mondial du padel\" \/>\n<meta property=\"og:description\" content=\"D\u00e9couvrez les r\u00e9flexions uniques de Fernando Belastegu\u00edn sur l&#039;\u00e9volution, la croissance mondiale et l&#039;avenir du padel aux \u00c9tats-Unis et au-del\u00e0.\" \/>\n<meta property=\"og:url\" content=\"https:\/\/practicapadel.com\/fr\/interviews-joueurs-pro\/fernando-belasteguin-adaptation-avenir-mondial-padel\/\" \/>\n<meta property=\"og:site_name\" content=\"Practica Padel\" \/>\n<meta property=\"article:published_time\" content=\"2026-01-27T19:26:26+00:00\" \/>\n<meta property=\"article:modified_time\" content=\"2026-01-27T19:31:33+00:00\" \/>\n<meta property=\"og:image\" content=\"https:\/\/practicapadel.com\/wp-content\/uploads\/2026\/01\/fernando-belasteguin-legende-padel.png\" \/>\n\t<meta property=\"og:image:width\" content=\"1200\" \/>\n\t<meta property=\"og:image:height\" content=\"900\" \/>\n\t<meta property=\"og:image:type\" content=\"image\/png\" \/>\n<meta name=\"author\" content=\"Practica Padel Team\" \/>\n<meta name=\"twitter:card\" content=\"summary_large_image\" \/>\n<meta name=\"twitter:label1\" content=\"\u00c9crit par\" \/>\n\t<meta name=\"twitter:data1\" content=\"Practica Padel Team\" \/>\n\t<meta name=\"twitter:label2\" content=\"Dur\u00e9e de lecture estim\u00e9e\" \/>\n\t<meta name=\"twitter:data2\" content=\"7 minutes\" \/>\n<script type=\"application\/ld+json\" class=\"yoast-schema-graph\">{\"@context\":\"https:\\\/\\\/schema.org\",\"@graph\":[{\"@type\":\"Article\",\"@id\":\"https:\\\/\\\/practicapadel.com\\\/fr\\\/interviews-joueurs-pro\\\/fernando-belasteguin-adaptation-avenir-mondial-padel\\\/#article\",\"isPartOf\":{\"@id\":\"https:\\\/\\\/practicapadel.com\\\/fr\\\/interviews-joueurs-pro\\\/fernando-belasteguin-adaptation-avenir-mondial-padel\\\/\"},\"author\":{\"name\":\"Practica Padel Team\",\"@id\":\"https:\\\/\\\/practicapadel.com\\\/fr\\\/#\\\/schema\\\/person\\\/af64f7b6f369d9f8143409566a9a8666\"},\"headline\":\"Fernando Belastegu\u00edn : s&rsquo;adapter et fa\u00e7onner l&rsquo;avenir mondial du padel\",\"datePublished\":\"2026-01-27T19:26:26+00:00\",\"dateModified\":\"2026-01-27T19:31:33+00:00\",\"mainEntityOfPage\":{\"@id\":\"https:\\\/\\\/practicapadel.com\\\/fr\\\/interviews-joueurs-pro\\\/fernando-belasteguin-adaptation-avenir-mondial-padel\\\/\"},\"wordCount\":1444,\"publisher\":{\"@id\":\"https:\\\/\\\/practicapadel.com\\\/fr\\\/#organization\"},\"image\":{\"@id\":\"https:\\\/\\\/practicapadel.com\\\/fr\\\/interviews-joueurs-pro\\\/fernando-belasteguin-adaptation-avenir-mondial-padel\\\/#primaryimage\"},\"thumbnailUrl\":\"https:\\\/\\\/practicapadel.com\\\/wp-content\\\/uploads\\\/2026\\\/01\\\/fernando-belasteguin-legende-padel.png\",\"articleSection\":[\"Interviews de joueurs professionnels\"],\"inLanguage\":\"fr-FR\"},{\"@type\":\"WebPage\",\"@id\":\"https:\\\/\\\/practicapadel.com\\\/fr\\\/interviews-joueurs-pro\\\/fernando-belasteguin-adaptation-avenir-mondial-padel\\\/\",\"url\":\"https:\\\/\\\/practicapadel.com\\\/fr\\\/interviews-joueurs-pro\\\/fernando-belasteguin-adaptation-avenir-mondial-padel\\\/\",\"name\":\"Fernando Belasteguin \u00e9volution du padel croissance mondiale et avenir\",\"isPartOf\":{\"@id\":\"https:\\\/\\\/practicapadel.com\\\/fr\\\/#website\"},\"primaryImageOfPage\":{\"@id\":\"https:\\\/\\\/practicapadel.com\\\/fr\\\/interviews-joueurs-pro\\\/fernando-belasteguin-adaptation-avenir-mondial-padel\\\/#primaryimage\"},\"image\":{\"@id\":\"https:\\\/\\\/practicapadel.com\\\/fr\\\/interviews-joueurs-pro\\\/fernando-belasteguin-adaptation-avenir-mondial-padel\\\/#primaryimage\"},\"thumbnailUrl\":\"https:\\\/\\\/practicapadel.com\\\/wp-content\\\/uploads\\\/2026\\\/01\\\/fernando-belasteguin-legende-padel.png\",\"datePublished\":\"2026-01-27T19:26:26+00:00\",\"dateModified\":\"2026-01-27T19:31:33+00:00\",\"description\":\"D\u00e9couvrez les r\u00e9flexions uniques de Fernando Belastegu\u00edn sur l'\u00e9volution, la croissance mondiale et l'avenir du padel aux \u00c9tats-Unis et au-del\u00e0.\",\"breadcrumb\":{\"@id\":\"https:\\\/\\\/practicapadel.com\\\/fr\\\/interviews-joueurs-pro\\\/fernando-belasteguin-adaptation-avenir-mondial-padel\\\/#breadcrumb\"},\"inLanguage\":\"fr-FR\",\"potentialAction\":[{\"@type\":\"ReadAction\",\"target\":[\"https:\\\/\\\/practicapadel.com\\\/fr\\\/interviews-joueurs-pro\\\/fernando-belasteguin-adaptation-avenir-mondial-padel\\\/\"]}]},{\"@type\":\"ImageObject\",\"inLanguage\":\"fr-FR\",\"@id\":\"https:\\\/\\\/practicapadel.com\\\/fr\\\/interviews-joueurs-pro\\\/fernando-belasteguin-adaptation-avenir-mondial-padel\\\/#primaryimage\",\"url\":\"https:\\\/\\\/practicapadel.com\\\/wp-content\\\/uploads\\\/2026\\\/01\\\/fernando-belasteguin-legende-padel.png\",\"contentUrl\":\"https:\\\/\\\/practicapadel.com\\\/wp-content\\\/uploads\\\/2026\\\/01\\\/fernando-belasteguin-legende-padel.png\",\"width\":1200,\"height\":900,\"caption\":\"fernando belasteguin legende padel\"},{\"@type\":\"BreadcrumbList\",\"@id\":\"https:\\\/\\\/practicapadel.com\\\/fr\\\/interviews-joueurs-pro\\\/fernando-belasteguin-adaptation-avenir-mondial-padel\\\/#breadcrumb\",\"itemListElement\":[{\"@type\":\"ListItem\",\"position\":1,\"name\":\"Accueil\",\"item\":\"https:\\\/\\\/practicapadel.com\\\/fr\\\/\"},{\"@type\":\"ListItem\",\"position\":2,\"name\":\"Interviews de joueurs professionnels\",\"item\":\"https:\\\/\\\/practicapadel.com\\\/fr\\\/categorie\\\/interviews-joueurs-pro\\\/\"},{\"@type\":\"ListItem\",\"position\":3,\"name\":\"Fernando Belastegu\u00edn : s&rsquo;adapter et fa\u00e7onner l&rsquo;avenir mondial du padel\"}]},{\"@type\":\"WebSite\",\"@id\":\"https:\\\/\\\/practicapadel.com\\\/fr\\\/#website\",\"url\":\"https:\\\/\\\/practicapadel.com\\\/fr\\\/\",\"name\":\"Practica Padel\",\"description\":\"Votre source compl\u00e8te pour l\u2019\u00e9quipement de padel, l\u2019entra\u00eenement et les analyses de joueurs\",\"publisher\":{\"@id\":\"https:\\\/\\\/practicapadel.com\\\/fr\\\/#organization\"},\"potentialAction\":[{\"@type\":\"SearchAction\",\"target\":{\"@type\":\"EntryPoint\",\"urlTemplate\":\"https:\\\/\\\/practicapadel.com\\\/fr\\\/?s={search_term_string}\"},\"query-input\":{\"@type\":\"PropertyValueSpecification\",\"valueRequired\":true,\"valueName\":\"search_term_string\"}}],\"inLanguage\":\"fr-FR\"},{\"@type\":\"Organization\",\"@id\":\"https:\\\/\\\/practicapadel.com\\\/fr\\\/#organization\",\"name\":\"Practica Padel\",\"url\":\"https:\\\/\\\/practicapadel.com\\\/fr\\\/\",\"logo\":{\"@type\":\"ImageObject\",\"inLanguage\":\"fr-FR\",\"@id\":\"https:\\\/\\\/practicapadel.com\\\/fr\\\/#\\\/schema\\\/logo\\\/image\\\/\",\"url\":\"https:\\\/\\\/practicapadel.com\\\/wp-content\\\/uploads\\\/2025\\\/08\\\/practica-padel-695x695-1.png\",\"contentUrl\":\"https:\\\/\\\/practicapadel.com\\\/wp-content\\\/uploads\\\/2025\\\/08\\\/practica-padel-695x695-1.png\",\"width\":695,\"height\":695,\"caption\":\"Practica Padel\"},\"image\":{\"@id\":\"https:\\\/\\\/practicapadel.com\\\/fr\\\/#\\\/schema\\\/logo\\\/image\\\/\"},\"description\":\"Practica Padel est un magazine num\u00e9rique bas\u00e9 sur l\u2019expertise et d\u00e9di\u00e9 au padel. Nous proposons des tests fiables de raquettes, des conseils d\u2019entra\u00eenement et de tactique, des guides de coups, des informations fitness, une couverture des tournois, des rubriques lifestyle et des t\u00e9moignages de joueurs pour les passionn\u00e9s de padel dans le monde entier.\",\"email\":\"thepracticapadel@gmail.com\",\"foundingDate\":\"2025-05-30\",\"numberOfEmployees\":{\"@type\":\"QuantitativeValue\",\"minValue\":\"1\",\"maxValue\":\"10\"}},{\"@type\":\"Person\",\"@id\":\"https:\\\/\\\/practicapadel.com\\\/fr\\\/#\\\/schema\\\/person\\\/af64f7b6f369d9f8143409566a9a8666\",\"name\":\"Practica Padel Team\",\"image\":{\"@type\":\"ImageObject\",\"inLanguage\":\"fr-FR\",\"@id\":\"https:\\\/\\\/secure.gravatar.com\\\/avatar\\\/5b00b8a0294a5ffc79b628cac1f1bedf7802f97bc10a75d3c2065bfb3e5d55d7?s=96&d=mm&r=g\",\"url\":\"https:\\\/\\\/secure.gravatar.com\\\/avatar\\\/5b00b8a0294a5ffc79b628cac1f1bedf7802f97bc10a75d3c2065bfb3e5d55d7?s=96&d=mm&r=g\",\"contentUrl\":\"https:\\\/\\\/secure.gravatar.com\\\/avatar\\\/5b00b8a0294a5ffc79b628cac1f1bedf7802f97bc10a75d3c2065bfb3e5d55d7?s=96&d=mm&r=g\",\"caption\":\"Practica Padel Team\"},\"description\":\"Specialists in curating insights from padel coaches, professional players, and trusted reviewers. Our goal is to make expert knowledge easy to understand and accessible for every player.\",\"sameAs\":[\"http:\\\/\\\/practicapadel.com\"],\"knowsAbout\":[\"Padel racket reviews\",\"Padel training\",\"Sports journalism\",\"Equipment analysis\",\"Data structuring\",\"Knowledge curation\",\"PHP\",\"Javascript\",\"Webdesign\"],\"knowsLanguage\":[\"Danish\",\"English\",\"French\",\"German\",\"Italian\",\"Spanish\",\"Swedish\",\"Dutch\",\"Greek\",\"Norwegian (Bokm\u00e5l)\",\"Polish\",\"Portuguese\",\"Estonian\",\"Finnish\"],\"jobTitle\":\"Editorial Team\",\"worksFor\":\"Practica Padel\",\"url\":\"https:\\\/\\\/practicapadel.com\\\/fr\\\/author\\\/practica-padel-team\\\/\"}]}<\/script>\n<!-- \/ Yoast SEO Premium plugin. -->","yoast_head_json":{"title":"Fernando Belasteguin \u00e9volution du padel croissance mondiale et avenir","description":"D\u00e9couvrez les r\u00e9flexions uniques de Fernando Belastegu\u00edn sur l'\u00e9volution, la croissance mondiale et l'avenir du padel aux \u00c9tats-Unis et au-del\u00e0.","robots":{"index":"index","follow":"follow","max-snippet":"max-snippet:-1","max-image-preview":"max-image-preview:large","max-video-preview":"max-video-preview:-1"},"canonical":"https:\/\/practicapadel.com\/fr\/interviews-joueurs-pro\/fernando-belasteguin-adaptation-avenir-mondial-padel\/","og_locale":"fr_FR","og_type":"article","og_title":"Fernando Belastegu\u00edn : s'adapter et fa\u00e7onner l'avenir mondial du padel","og_description":"D\u00e9couvrez les r\u00e9flexions uniques de Fernando Belastegu\u00edn sur l'\u00e9volution, la croissance mondiale et l'avenir du padel aux \u00c9tats-Unis et au-del\u00e0.","og_url":"https:\/\/practicapadel.com\/fr\/interviews-joueurs-pro\/fernando-belasteguin-adaptation-avenir-mondial-padel\/","og_site_name":"Practica Padel","article_published_time":"2026-01-27T19:26:26+00:00","article_modified_time":"2026-01-27T19:31:33+00:00","og_image":[{"width":1200,"height":900,"url":"https:\/\/practicapadel.com\/wp-content\/uploads\/2026\/01\/fernando-belasteguin-legende-padel.png","type":"image\/png"}],"author":"Practica Padel Team","twitter_card":"summary_large_image","twitter_misc":{"\u00c9crit par":"Practica Padel Team","Dur\u00e9e de lecture estim\u00e9e":"7 minutes"},"schema":{"@context":"https:\/\/schema.org","@graph":[{"@type":"Article","@id":"https:\/\/practicapadel.com\/fr\/interviews-joueurs-pro\/fernando-belasteguin-adaptation-avenir-mondial-padel\/#article","isPartOf":{"@id":"https:\/\/practicapadel.com\/fr\/interviews-joueurs-pro\/fernando-belasteguin-adaptation-avenir-mondial-padel\/"},"author":{"name":"Practica Padel Team","@id":"https:\/\/practicapadel.com\/fr\/#\/schema\/person\/af64f7b6f369d9f8143409566a9a8666"},"headline":"Fernando Belastegu\u00edn : s&rsquo;adapter et fa\u00e7onner l&rsquo;avenir mondial du padel","datePublished":"2026-01-27T19:26:26+00:00","dateModified":"2026-01-27T19:31:33+00:00","mainEntityOfPage":{"@id":"https:\/\/practicapadel.com\/fr\/interviews-joueurs-pro\/fernando-belasteguin-adaptation-avenir-mondial-padel\/"},"wordCount":1444,"publisher":{"@id":"https:\/\/practicapadel.com\/fr\/#organization"},"image":{"@id":"https:\/\/practicapadel.com\/fr\/interviews-joueurs-pro\/fernando-belasteguin-adaptation-avenir-mondial-padel\/#primaryimage"},"thumbnailUrl":"https:\/\/practicapadel.com\/wp-content\/uploads\/2026\/01\/fernando-belasteguin-legende-padel.png","articleSection":["Interviews de joueurs professionnels"],"inLanguage":"fr-FR"},{"@type":"WebPage","@id":"https:\/\/practicapadel.com\/fr\/interviews-joueurs-pro\/fernando-belasteguin-adaptation-avenir-mondial-padel\/","url":"https:\/\/practicapadel.com\/fr\/interviews-joueurs-pro\/fernando-belasteguin-adaptation-avenir-mondial-padel\/","name":"Fernando Belasteguin \u00e9volution du padel croissance mondiale et avenir","isPartOf":{"@id":"https:\/\/practicapadel.com\/fr\/#website"},"primaryImageOfPage":{"@id":"https:\/\/practicapadel.com\/fr\/interviews-joueurs-pro\/fernando-belasteguin-adaptation-avenir-mondial-padel\/#primaryimage"},"image":{"@id":"https:\/\/practicapadel.com\/fr\/interviews-joueurs-pro\/fernando-belasteguin-adaptation-avenir-mondial-padel\/#primaryimage"},"thumbnailUrl":"https:\/\/practicapadel.com\/wp-content\/uploads\/2026\/01\/fernando-belasteguin-legende-padel.png","datePublished":"2026-01-27T19:26:26+00:00","dateModified":"2026-01-27T19:31:33+00:00","description":"D\u00e9couvrez les r\u00e9flexions uniques de Fernando Belastegu\u00edn sur l'\u00e9volution, la croissance mondiale et l'avenir du padel aux \u00c9tats-Unis et au-del\u00e0.","breadcrumb":{"@id":"https:\/\/practicapadel.com\/fr\/interviews-joueurs-pro\/fernando-belasteguin-adaptation-avenir-mondial-padel\/#breadcrumb"},"inLanguage":"fr-FR","potentialAction":[{"@type":"ReadAction","target":["https:\/\/practicapadel.com\/fr\/interviews-joueurs-pro\/fernando-belasteguin-adaptation-avenir-mondial-padel\/"]}]},{"@type":"ImageObject","inLanguage":"fr-FR","@id":"https:\/\/practicapadel.com\/fr\/interviews-joueurs-pro\/fernando-belasteguin-adaptation-avenir-mondial-padel\/#primaryimage","url":"https:\/\/practicapadel.com\/wp-content\/uploads\/2026\/01\/fernando-belasteguin-legende-padel.png","contentUrl":"https:\/\/practicapadel.com\/wp-content\/uploads\/2026\/01\/fernando-belasteguin-legende-padel.png","width":1200,"height":900,"caption":"fernando belasteguin legende padel"},{"@type":"BreadcrumbList","@id":"https:\/\/practicapadel.com\/fr\/interviews-joueurs-pro\/fernando-belasteguin-adaptation-avenir-mondial-padel\/#breadcrumb","itemListElement":[{"@type":"ListItem","position":1,"name":"Accueil","item":"https:\/\/practicapadel.com\/fr\/"},{"@type":"ListItem","position":2,"name":"Interviews de joueurs professionnels","item":"https:\/\/practicapadel.com\/fr\/categorie\/interviews-joueurs-pro\/"},{"@type":"ListItem","position":3,"name":"Fernando Belastegu\u00edn : s&rsquo;adapter et fa\u00e7onner l&rsquo;avenir mondial du padel"}]},{"@type":"WebSite","@id":"https:\/\/practicapadel.com\/fr\/#website","url":"https:\/\/practicapadel.com\/fr\/","name":"Practica Padel","description":"Votre source compl\u00e8te pour l\u2019\u00e9quipement de padel, l\u2019entra\u00eenement et les analyses de joueurs","publisher":{"@id":"https:\/\/practicapadel.com\/fr\/#organization"},"potentialAction":[{"@type":"SearchAction","target":{"@type":"EntryPoint","urlTemplate":"https:\/\/practicapadel.com\/fr\/?s={search_term_string}"},"query-input":{"@type":"PropertyValueSpecification","valueRequired":true,"valueName":"search_term_string"}}],"inLanguage":"fr-FR"},{"@type":"Organization","@id":"https:\/\/practicapadel.com\/fr\/#organization","name":"Practica Padel","url":"https:\/\/practicapadel.com\/fr\/","logo":{"@type":"ImageObject","inLanguage":"fr-FR","@id":"https:\/\/practicapadel.com\/fr\/#\/schema\/logo\/image\/","url":"https:\/\/practicapadel.com\/wp-content\/uploads\/2025\/08\/practica-padel-695x695-1.png","contentUrl":"https:\/\/practicapadel.com\/wp-content\/uploads\/2025\/08\/practica-padel-695x695-1.png","width":695,"height":695,"caption":"Practica Padel"},"image":{"@id":"https:\/\/practicapadel.com\/fr\/#\/schema\/logo\/image\/"},"description":"Practica Padel est un magazine num\u00e9rique bas\u00e9 sur l\u2019expertise et d\u00e9di\u00e9 au padel. Nous proposons des tests fiables de raquettes, des conseils d\u2019entra\u00eenement et de tactique, des guides de coups, des informations fitness, une couverture des tournois, des rubriques lifestyle et des t\u00e9moignages de joueurs pour les passionn\u00e9s de padel dans le monde entier.","email":"thepracticapadel@gmail.com","foundingDate":"2025-05-30","numberOfEmployees":{"@type":"QuantitativeValue","minValue":"1","maxValue":"10"}},{"@type":"Person","@id":"https:\/\/practicapadel.com\/fr\/#\/schema\/person\/af64f7b6f369d9f8143409566a9a8666","name":"Practica Padel Team","image":{"@type":"ImageObject","inLanguage":"fr-FR","@id":"https:\/\/secure.gravatar.com\/avatar\/5b00b8a0294a5ffc79b628cac1f1bedf7802f97bc10a75d3c2065bfb3e5d55d7?s=96&d=mm&r=g","url":"https:\/\/secure.gravatar.com\/avatar\/5b00b8a0294a5ffc79b628cac1f1bedf7802f97bc10a75d3c2065bfb3e5d55d7?s=96&d=mm&r=g","contentUrl":"https:\/\/secure.gravatar.com\/avatar\/5b00b8a0294a5ffc79b628cac1f1bedf7802f97bc10a75d3c2065bfb3e5d55d7?s=96&d=mm&r=g","caption":"Practica Padel Team"},"description":"Specialists in curating insights from padel coaches, professional players, and trusted reviewers. Our goal is to make expert knowledge easy to understand and accessible for every player.","sameAs":["http:\/\/practicapadel.com"],"knowsAbout":["Padel racket reviews","Padel training","Sports journalism","Equipment analysis","Data structuring","Knowledge curation","PHP","Javascript","Webdesign"],"knowsLanguage":["Danish","English","French","German","Italian","Spanish","Swedish","Dutch","Greek","Norwegian (Bokm\u00e5l)","Polish","Portuguese","Estonian","Finnish"],"jobTitle":"Editorial Team","worksFor":"Practica Padel","url":"https:\/\/practicapadel.com\/fr\/author\/practica-padel-team\/"}]}},"_links":{"self":[{"href":"https:\/\/practicapadel.com\/fr\/wp-json\/wp\/v2\/posts\/226257","targetHints":{"allow":["GET"]}}],"collection":[{"href":"https:\/\/practicapadel.com\/fr\/wp-json\/wp\/v2\/posts"}],"about":[{"href":"https:\/\/practicapadel.com\/fr\/wp-json\/wp\/v2\/types\/post"}],"author":[{"embeddable":true,"href":"https:\/\/practicapadel.com\/fr\/wp-json\/wp\/v2\/users\/1"}],"replies":[{"embeddable":true,"href":"https:\/\/practicapadel.com\/fr\/wp-json\/wp\/v2\/comments?post=226257"}],"version-history":[{"count":2,"href":"https:\/\/practicapadel.com\/fr\/wp-json\/wp\/v2\/posts\/226257\/revisions"}],"predecessor-version":[{"id":226309,"href":"https:\/\/practicapadel.com\/fr\/wp-json\/wp\/v2\/posts\/226257\/revisions\/226309"}],"wp:featuredmedia":[{"embeddable":true,"href":"https:\/\/practicapadel.com\/fr\/wp-json\/wp\/v2\/media\/226310"}],"wp:attachment":[{"href":"https:\/\/practicapadel.com\/fr\/wp-json\/wp\/v2\/media?parent=226257"}],"wp:term":[{"taxonomy":"category","embeddable":true,"href":"https:\/\/practicapadel.com\/fr\/wp-json\/wp\/v2\/categories?post=226257"},{"taxonomy":"post_tag","embeddable":true,"href":"https:\/\/practicapadel.com\/fr\/wp-json\/wp\/v2\/tags?post=226257"},{"taxonomy":"youtube-channel","embeddable":true,"href":"https:\/\/practicapadel.com\/fr\/wp-json\/wp\/v2\/youtube-channel?post=226257"}],"curies":[{"name":"wp","href":"https:\/\/api.w.org\/{rel}","templated":true}]}}