{"id":226271,"date":"2026-01-27T19:26:26","date_gmt":"2026-01-27T19:26:26","guid":{"rendered":"https:\/\/practicapadel.com\/artikler\/fernando-belasteguin-on-adapting-and-shaping-padels-global-future\/"},"modified":"2026-01-27T19:46:39","modified_gmt":"2026-01-27T19:46:39","slug":"fernando-belasteguin-tilpasning-forme-padel-global-fremtid","status":"publish","type":"post","link":"https:\/\/practicapadel.com\/no\/proffspiller-intervjuer\/fernando-belasteguin-tilpasning-forme-padel-global-fremtid\/","title":{"rendered":"Fernando Belastegu\u00edn om \u00e5 tilpasse seg og forme padelens globale fremtid"},"content":{"rendered":"<h2>Fernando \u201cBela\u201d Belastegu\u00edn reflekterer over en legendarisk padelkarriere og sportens utvikling<\/h2>\n<p>Kanalens intervju med <strong>Fernando \u201cBela\u201d Belastegu\u00edn<\/strong> gir et sjeldent, dyptg\u00e5ende innblikk i tankesettet og reisen til sportens mest dekorerte spiller. Med <strong>16 \u00e5r som verdensener<\/strong> og over <strong>230 titler<\/strong> er Belas historie preget av organisk vekst, utrettelig tilpasning og en dyp lidenskap for padel. Han begynte \u00e5 spille som 10-\u00e5ring i hjembyen, og gikk raskt fra fotball til padel da de f\u00f8rste banene dukket opp lokalt. Allerede som 15-\u00e5ring konkurrerte han profesjonelt, men beskriver de tidlige \u00e5rene som en naturlig utvikling heller enn en kalkulert jakt p\u00e5 storhet.<\/p>\n<p>Belas flytting fra Argentina til Spania markerte et vendepunkt, drevet av \u00f8nsket om \u00e5 konkurrere mot de aller beste etter hvert som proffmilj\u00f8et flyttet til Europa. Han understreker at hans lange tid p\u00e5 toppen kun var mulig gjennom kontinuerlig tilpasning \u2013 b\u00e5de til sportens utviklende krav og til egne fysiske endringer.<\/p>\n<h2>\u00c5 tilpasse seg endring: baner, utstyr og det moderne spillet<\/h2>\n<p>I l\u00f8pet av tre ti\u00e5r p\u00e5 eliteniv\u00e5 har Bela v\u00e6rt vitne til \u2013 og omfavnet \u2013 store endringer i padel. Han husker at han startet p\u00e5 <strong>sementbaner<\/strong> og tilpasset seg etter hvert som baner, utstyr og spillets tempo utviklet seg. Anmelderen fremhever Belas filosofi: For \u00e5 forbli konkurransedyktig m\u00e5 en profesjonell forutse og tilpasse seg enhver endring i sporten, fra baneteknologi til ballhastighet.<\/p>\n<p>De siste \u00e5rene har Bela merket at spillet har blitt betydelig raskere, med hurtigere baller og mer dynamisk bevegelse. Denne akselerasjonen, innr\u00f8mmer han, har sammenfalt med at egne reflekser og fart naturlig har avtatt, noe som har gjort det stadig mer utfordrende \u00e5 holde seg blant topp ti. Likevel ser han p\u00e5 disse endringene som uunng\u00e5elige og til og med sunne for sportens utvikling.<\/p>\n<h2>Padelens globale vekst og muligheten i USA<\/h2>\n<p>Skaperen utforsker sammen med Bela den eksplosive veksten padel har hatt verden over. Tidligere konsentrert i <strong>Argentina<\/strong> og <strong>Spania<\/strong>, har sporten n\u00e5 f\u00e5tt langt st\u00f8rre utbredelse. Bela gir <strong>sosiale medier<\/strong> \u00e6ren for \u00e5 ha akselerert den globale bevisstheten, men p\u00e5peker raskt at padel fortsatt er i sin spede begynnelse i mange regioner.<\/p>\n<p>Med fokus p\u00e5 <strong>USA<\/strong> ser Bela et enormt potensial, spesielt i <strong>S\u00f8r-Florida<\/strong> hvor sporten vokser raskt. Han sammenligner padelens n\u00e5v\u00e6rende stadium med en baby som s\u00e5 vidt har begynt \u00e5 krabbe, med en lang vei \u00e5 g\u00e5 f\u00f8r den kan \u201cl\u00f8pe hundremeteren\u201d. Bela er imidlertid trygg p\u00e5 at padel vil bli en stor global sport i l\u00f8pet av det neste ti\u00e5ret.<\/p>\n<p>Interessant nok ser han fremveksten av <strong>pickleball<\/strong> i USA som en positiv kraft, og sp\u00e5r at mange pickleball-spillere etter hvert vil g\u00e5 over til padel, noe som vil akselerere veksten ytterligere. Han anbefaler hybride klubber som tilbyr begge idretter, og understreker at de utfyller hverandre fremfor \u00e5 konkurrere.<\/p>\n<h2>Bela Padel-merket og internasjonal klubbutvidelse<\/h2>\n<p>Bela deler sin visjon for <strong>Bela Padel Center<\/strong>-merket, som startet som et konsept under pandemien og ble virkeliggjort med \u00e5pningen av et flaggskip i Alicante. Prosjektet fungerer som et \u201claboratorium\u201d for hans metodikk og filosofi, med planer om global ekspansjon n\u00e5r et stort senter \u00e5pner i <strong>Barcelona<\/strong>.<\/p>\n<p>Han understreker viktigheten av \u00e5 l\u00e6re gjennom erfaring \u2013 teste ideer, gj\u00f8re feil og forbedre modellen f\u00f8r man skalerer opp. Det endelige m\u00e5let er \u00e5 etablere Barcelona som hovedkvarter og deretter bringe Bela Padel Center-konseptet til markeder som USA, alltid med fokus p\u00e5 det som er best for sportens b\u00e6rekraftige vekst.<\/p>\n<h2>Showturneringer, Premier Padel League og spillerprestisje<\/h2>\n<p>N\u00e5r det gjelder konkurransebildet, deler Bela sitt syn p\u00e5 fremveksten av nye formater som <strong>Premier Padel League (PPL)<\/strong>, <strong>Hexagon Cup<\/strong> og andre showturneringer. Han mener disse turneringene er verdifulle for \u00e5 promotere padel og tiltrekke nye publikum, spesielt i vekstmarkeder som USA og India.<\/p>\n<p>Bela skiller imidlertid mellom prestisjen ved rangeringsbaserte turneringer, som <strong>Premier Padel<\/strong>, og de \u00f8konomiske insentivene ved showturneringer. For ham kommer ekte status av \u00e5 v\u00e6re nummer \u00e9n p\u00e5 den offisielle rankingen, ikke av enkeltseiere i showturneringer. Han st\u00f8tter en balansert tiln\u00e6rming, der b\u00e5de show- og rankingturneringer eksisterer side om side for \u00e5 maksimere sportens synlighet og troverdighet.<\/p>\n<h2>\u00d8konomiske realiteter og det profesjonelle padel-\u00f8kosystemet<\/h2>\n<p>Kanalens programleder g\u00e5r inn p\u00e5 \u00f8konomien i profesjonell padel, og Bela gir en \u00e6rlig oversikt over spillerinntekter:<\/p>\n<ul>\n<li><strong>1. plass:<\/strong> Opptil 4 millioner dollar \u00e5rlig<\/li>\n<li><strong>10. plass:<\/strong> Rundt 1,5 millioner dollar<\/li>\n<li><strong>Plass 11\u201320:<\/strong> 1,5 millioner til 800 000 dollar<\/li>\n<li><strong>Lavere plasser (20+):<\/strong> Synkende summer, der unge spillere ofte tjener mye mindre<\/li>\n<\/ul>\n<p>Han p\u00e5peker at premiepengene har \u00f8kt enormt de siste tre \u00e5rene med introduksjonen av Premier Padel, men understreker behovet for fortsatt vekst og rettferdig fordeling mellom spillere og arrang\u00f8rer. Bela tar ogs\u00e5 opp rollen til sponsorer og sosiale medier, og sl\u00e5r fast at selv om en sterk online tilstedev\u00e6relse kan hjelpe, er det ingenting som sl\u00e5r verdien av \u00e5 vinne p\u00e5 banen. Han oppfordrer unge spillere til \u00e5 fokusere p\u00e5 trening og resultater fremfor antall f\u00f8lgere.<\/p>\n<h2>Premier Padel-turneringen i Miami og viktigheten av innend\u00f8rsarenaer<\/h2>\n<p>Bela uttrykker begeistring for \u00e5 arrangere den f\u00f8rste <strong>Premier Padel-turneringen i Miami<\/strong>, og ser p\u00e5 det som et avgj\u00f8rende \u00f8yeblikk for sportens vekst i Nord-Amerika. Turneringen arrangeres i <strong>Miami Beach Convention Center<\/strong>, med kapasitet til omtrent <strong>1 700 tilskuere<\/strong> (1 300 p\u00e5 tribunen og 400 i bokser). Han forklarer at de har valgt \u00e5 holde turneringen \u201cboutique\u201d i omfang de f\u00f8rste \u00e5rene, med fokus p\u00e5 kvalitet og lokalt engasjement fremfor rask ekspansjon.<\/p>\n<p>Han fremhever ogs\u00e5 fordelene med \u00e5 arrangere turneringen innend\u00f8rs \u2013 det eliminerer problemer med vind, regn og fuktighet som har preget tidligere utend\u00f8rsturneringer i Miami. Dette kontrollerte milj\u00f8et vil, mener han, gi en bedre opplevelse for b\u00e5de spillere og publikum, og sette en ny standard for fremtidige arrangementer i regionen.<\/p>\n<h2>Samarbeid med Wilson og padelutstyrets fremtid<\/h2>\n<p>Intervjuet avsluttes med at Bela reflekterer over samarbeidet med <strong>Wilson<\/strong>, et merke han beundrer for sin ledende posisjon innen racketsport. Han er sterkt involvert i utviklingen av sin egen produktlinje under Wilson-paraplyen, med m\u00e5l om \u00e5 gj\u00f8re den til verdens ledende padelmerke. Med mer tid etter karrieren planlegger Bela \u00e5 jobbe tett med ingeni\u00f8rer for \u00e5 videreutvikle og utvide kolleksjonen, slik at den m\u00f8ter spillernes stadig skiftende behov verden over.<\/p>\n<h2>Viktige l\u00e6rdommer fra Belas innsikt om padelens fremtid<\/h2>\n<ul>\n<li><strong>Tilpasning er avgj\u00f8rende<\/strong>: Sporten og spillerne m\u00e5 stadig utvikle seg for \u00e5 forbli konkurransedyktige.<\/li>\n<li><strong>Global vekst akselererer<\/strong>, men padel er fortsatt i en tidlig fase i mange markeder, spesielt i USA.<\/li>\n<li><strong>Hybride klubber og utfyllende idretter<\/strong> som pickleball kan \u00f8ke deltakelse og bevissthet.<\/li>\n<li><strong>Prestisje kommer fra ranking<\/strong>, ikke bare turneringsseire eller tilstedev\u00e6relse p\u00e5 sosiale medier.<\/li>\n<li><strong>Investering i infrastruktur og kvalitetsarrangementer<\/strong> vil v\u00e6re n\u00f8kkelen til padelens varige vekst.<\/li>\n<\/ul>\n<p>Belas visjon, erfaring og kontinuerlige engasjement for sporten gj\u00f8r ham til b\u00e5de en legendarisk spiller og en drivkraft bak padelens globale fremtid.<\/p>\n","protected":false},"excerpt":{"rendered":"<p>Fernando \u201cBela\u201d Belastegu\u00edn deler sitt unike perspektiv p\u00e5 padelens utvikling, basert p\u00e5 ti\u00e5r i sportens toppsjikt. Han diskuterer viktigheten av tilpasning, sportens raske globale vekst og sin visjon for padelens fremtid. Les videre for \u00e5 oppdage Belas innsikt om hva som kreves for \u00e5 forbli relevant og drive vekst i padelverdenen.<\/p>\n","protected":false},"author":1,"featured_media":226415,"comment_status":"closed","ping_status":"closed","sticky":false,"template":"","format":"standard","meta":{"_acf_changed":false,"footnotes":""},"categories":[547],"tags":[],"youtube-channel":[285],"class_list":["post-226271","post","type-post","status-publish","format-standard","has-post-thumbnail","hentry","category-proffspiller-intervjuer","generate-columns","tablet-grid-50","mobile-grid-100","grid-parent","grid-33"],"acf":[],"yoast_head":"<!-- This site is optimized with the Yoast SEO Premium plugin v27.4 (Yoast SEO v27.4) - https:\/\/yoast.com\/product\/yoast-seo-premium-wordpress\/ -->\n<title>Fernando Belasteguin om padelens utvikling, global vekst og fremtid<\/title>\n<meta name=\"description\" content=\"Oppdag Fernando Belastegu\u00edns unike innsikt om tilpasning til padelens utvikling, global vekst og hva som venter sporten i USA og internasjonalt.\" \/>\n<meta name=\"robots\" content=\"index, follow, max-snippet:-1, max-image-preview:large, max-video-preview:-1\" \/>\n<link rel=\"canonical\" href=\"https:\/\/practicapadel.com\/no\/proffspiller-intervjuer\/fernando-belasteguin-tilpasning-forme-padel-global-fremtid\/\" \/>\n<meta property=\"og:locale\" content=\"nb_NO\" \/>\n<meta property=\"og:type\" content=\"article\" \/>\n<meta property=\"og:title\" content=\"Fernando Belastegu\u00edn om \u00e5 tilpasse seg og forme padelens globale fremtid\" \/>\n<meta property=\"og:description\" content=\"Oppdag Fernando Belastegu\u00edns unike innsikt om tilpasning til padelens utvikling, global vekst og hva som venter sporten i USA og internasjonalt.\" \/>\n<meta property=\"og:url\" content=\"https:\/\/practicapadel.com\/no\/proffspiller-intervjuer\/fernando-belasteguin-tilpasning-forme-padel-global-fremtid\/\" \/>\n<meta property=\"og:site_name\" content=\"Practica Padel\" \/>\n<meta property=\"article:published_time\" content=\"2026-01-27T19:26:26+00:00\" \/>\n<meta property=\"article:modified_time\" content=\"2026-01-27T19:46:39+00:00\" \/>\n<meta property=\"og:image\" content=\"https:\/\/practicapadel.com\/wp-content\/uploads\/2026\/01\/fernando-belasteguin-padel-legende.png\" \/>\n\t<meta property=\"og:image:width\" content=\"1200\" \/>\n\t<meta property=\"og:image:height\" content=\"900\" \/>\n\t<meta property=\"og:image:type\" content=\"image\/png\" \/>\n<meta name=\"author\" content=\"Practica Padel Team\" \/>\n<meta name=\"twitter:card\" content=\"summary_large_image\" \/>\n<meta name=\"twitter:label1\" content=\"Skrevet av\" \/>\n\t<meta name=\"twitter:data1\" content=\"Practica Padel Team\" \/>\n\t<meta name=\"twitter:label2\" content=\"Ansl. lesetid\" \/>\n\t<meta name=\"twitter:data2\" content=\"6 minutter\" \/>\n<script type=\"application\/ld+json\" class=\"yoast-schema-graph\">{\"@context\":\"https:\\\/\\\/schema.org\",\"@graph\":[{\"@type\":\"Article\",\"@id\":\"https:\\\/\\\/practicapadel.com\\\/no\\\/proffspiller-intervjuer\\\/fernando-belasteguin-tilpasning-forme-padel-global-fremtid\\\/#article\",\"isPartOf\":{\"@id\":\"https:\\\/\\\/practicapadel.com\\\/no\\\/proffspiller-intervjuer\\\/fernando-belasteguin-tilpasning-forme-padel-global-fremtid\\\/\"},\"author\":{\"name\":\"Practica Padel Team\",\"@id\":\"https:\\\/\\\/practicapadel.com\\\/no\\\/#\\\/schema\\\/person\\\/af64f7b6f369d9f8143409566a9a8666\"},\"headline\":\"Fernando Belastegu\u00edn om \u00e5 tilpasse seg og forme padelens globale fremtid\",\"datePublished\":\"2026-01-27T19:26:26+00:00\",\"dateModified\":\"2026-01-27T19:46:39+00:00\",\"mainEntityOfPage\":{\"@id\":\"https:\\\/\\\/practicapadel.com\\\/no\\\/proffspiller-intervjuer\\\/fernando-belasteguin-tilpasning-forme-padel-global-fremtid\\\/\"},\"wordCount\":1129,\"publisher\":{\"@id\":\"https:\\\/\\\/practicapadel.com\\\/no\\\/#organization\"},\"image\":{\"@id\":\"https:\\\/\\\/practicapadel.com\\\/no\\\/proffspiller-intervjuer\\\/fernando-belasteguin-tilpasning-forme-padel-global-fremtid\\\/#primaryimage\"},\"thumbnailUrl\":\"https:\\\/\\\/practicapadel.com\\\/wp-content\\\/uploads\\\/2026\\\/01\\\/fernando-belasteguin-padel-legende.png\",\"articleSection\":[\"Proffspiller-intervjuer\"],\"inLanguage\":\"nb-NO\"},{\"@type\":\"WebPage\",\"@id\":\"https:\\\/\\\/practicapadel.com\\\/no\\\/proffspiller-intervjuer\\\/fernando-belasteguin-tilpasning-forme-padel-global-fremtid\\\/\",\"url\":\"https:\\\/\\\/practicapadel.com\\\/no\\\/proffspiller-intervjuer\\\/fernando-belasteguin-tilpasning-forme-padel-global-fremtid\\\/\",\"name\":\"Fernando Belasteguin om padelens utvikling, global vekst og fremtid\",\"isPartOf\":{\"@id\":\"https:\\\/\\\/practicapadel.com\\\/no\\\/#website\"},\"primaryImageOfPage\":{\"@id\":\"https:\\\/\\\/practicapadel.com\\\/no\\\/proffspiller-intervjuer\\\/fernando-belasteguin-tilpasning-forme-padel-global-fremtid\\\/#primaryimage\"},\"image\":{\"@id\":\"https:\\\/\\\/practicapadel.com\\\/no\\\/proffspiller-intervjuer\\\/fernando-belasteguin-tilpasning-forme-padel-global-fremtid\\\/#primaryimage\"},\"thumbnailUrl\":\"https:\\\/\\\/practicapadel.com\\\/wp-content\\\/uploads\\\/2026\\\/01\\\/fernando-belasteguin-padel-legende.png\",\"datePublished\":\"2026-01-27T19:26:26+00:00\",\"dateModified\":\"2026-01-27T19:46:39+00:00\",\"description\":\"Oppdag Fernando Belastegu\u00edns unike innsikt om tilpasning til padelens utvikling, global vekst og hva som venter sporten i USA og internasjonalt.\",\"breadcrumb\":{\"@id\":\"https:\\\/\\\/practicapadel.com\\\/no\\\/proffspiller-intervjuer\\\/fernando-belasteguin-tilpasning-forme-padel-global-fremtid\\\/#breadcrumb\"},\"inLanguage\":\"nb-NO\",\"potentialAction\":[{\"@type\":\"ReadAction\",\"target\":[\"https:\\\/\\\/practicapadel.com\\\/no\\\/proffspiller-intervjuer\\\/fernando-belasteguin-tilpasning-forme-padel-global-fremtid\\\/\"]}]},{\"@type\":\"ImageObject\",\"inLanguage\":\"nb-NO\",\"@id\":\"https:\\\/\\\/practicapadel.com\\\/no\\\/proffspiller-intervjuer\\\/fernando-belasteguin-tilpasning-forme-padel-global-fremtid\\\/#primaryimage\",\"url\":\"https:\\\/\\\/practicapadel.com\\\/wp-content\\\/uploads\\\/2026\\\/01\\\/fernando-belasteguin-padel-legende.png\",\"contentUrl\":\"https:\\\/\\\/practicapadel.com\\\/wp-content\\\/uploads\\\/2026\\\/01\\\/fernando-belasteguin-padel-legende.png\",\"width\":1200,\"height\":900,\"caption\":\"fernando belasteguin padel legende\"},{\"@type\":\"BreadcrumbList\",\"@id\":\"https:\\\/\\\/practicapadel.com\\\/no\\\/proffspiller-intervjuer\\\/fernando-belasteguin-tilpasning-forme-padel-global-fremtid\\\/#breadcrumb\",\"itemListElement\":[{\"@type\":\"ListItem\",\"position\":1,\"name\":\"Hjem\",\"item\":\"https:\\\/\\\/practicapadel.com\\\/no\\\/\"},{\"@type\":\"ListItem\",\"position\":2,\"name\":\"Proffspiller-intervjuer\",\"item\":\"https:\\\/\\\/practicapadel.com\\\/no\\\/category\\\/proffspiller-intervjuer\\\/\"},{\"@type\":\"ListItem\",\"position\":3,\"name\":\"Fernando Belastegu\u00edn om \u00e5 tilpasse seg og forme padelens globale fremtid\"}]},{\"@type\":\"WebSite\",\"@id\":\"https:\\\/\\\/practicapadel.com\\\/no\\\/#website\",\"url\":\"https:\\\/\\\/practicapadel.com\\\/no\\\/\",\"name\":\"Practica Padel\",\"description\":\"Din komplette kilde for padelutstyr, trening og spillerinnsikt\",\"publisher\":{\"@id\":\"https:\\\/\\\/practicapadel.com\\\/no\\\/#organization\"},\"potentialAction\":[{\"@type\":\"SearchAction\",\"target\":{\"@type\":\"EntryPoint\",\"urlTemplate\":\"https:\\\/\\\/practicapadel.com\\\/no\\\/?s={search_term_string}\"},\"query-input\":{\"@type\":\"PropertyValueSpecification\",\"valueRequired\":true,\"valueName\":\"search_term_string\"}}],\"inLanguage\":\"nb-NO\"},{\"@type\":\"Organization\",\"@id\":\"https:\\\/\\\/practicapadel.com\\\/no\\\/#organization\",\"name\":\"Practica Padel\",\"url\":\"https:\\\/\\\/practicapadel.com\\\/no\\\/\",\"logo\":{\"@type\":\"ImageObject\",\"inLanguage\":\"nb-NO\",\"@id\":\"https:\\\/\\\/practicapadel.com\\\/no\\\/#\\\/schema\\\/logo\\\/image\\\/\",\"url\":\"https:\\\/\\\/practicapadel.com\\\/wp-content\\\/uploads\\\/2025\\\/08\\\/practica-padel-695x695-1.png\",\"contentUrl\":\"https:\\\/\\\/practicapadel.com\\\/wp-content\\\/uploads\\\/2025\\\/08\\\/practica-padel-695x695-1.png\",\"width\":695,\"height\":695,\"caption\":\"Practica Padel\"},\"image\":{\"@id\":\"https:\\\/\\\/practicapadel.com\\\/no\\\/#\\\/schema\\\/logo\\\/image\\\/\"},\"description\":\"Practica Padel er et ekspertbasert digitalt magasin dedikert til padel. Vi tilbyr p\u00e5litelige racketanmeldelser, trening og taktikk, slagguider, treningsinnsikt, turneringsdekning, livsstilsartikler og spillerhistorier for padelentusiaster over hele verden.\",\"email\":\"thepracticapadel@gmail.com\",\"foundingDate\":\"2025-05-30\",\"numberOfEmployees\":{\"@type\":\"QuantitativeValue\",\"minValue\":\"1\",\"maxValue\":\"10\"}},{\"@type\":\"Person\",\"@id\":\"https:\\\/\\\/practicapadel.com\\\/no\\\/#\\\/schema\\\/person\\\/af64f7b6f369d9f8143409566a9a8666\",\"name\":\"Practica Padel Team\",\"image\":{\"@type\":\"ImageObject\",\"inLanguage\":\"nb-NO\",\"@id\":\"https:\\\/\\\/secure.gravatar.com\\\/avatar\\\/5b00b8a0294a5ffc79b628cac1f1bedf7802f97bc10a75d3c2065bfb3e5d55d7?s=96&d=mm&r=g\",\"url\":\"https:\\\/\\\/secure.gravatar.com\\\/avatar\\\/5b00b8a0294a5ffc79b628cac1f1bedf7802f97bc10a75d3c2065bfb3e5d55d7?s=96&d=mm&r=g\",\"contentUrl\":\"https:\\\/\\\/secure.gravatar.com\\\/avatar\\\/5b00b8a0294a5ffc79b628cac1f1bedf7802f97bc10a75d3c2065bfb3e5d55d7?s=96&d=mm&r=g\",\"caption\":\"Practica Padel Team\"},\"description\":\"Specialists in curating insights from padel coaches, professional players, and trusted reviewers. Our goal is to make expert knowledge easy to understand and accessible for every player.\",\"sameAs\":[\"http:\\\/\\\/practicapadel.com\"],\"knowsAbout\":[\"Padel racket reviews\",\"Padel training\",\"Sports journalism\",\"Equipment analysis\",\"Data structuring\",\"Knowledge curation\",\"PHP\",\"Javascript\",\"Webdesign\"],\"knowsLanguage\":[\"Danish\",\"English\",\"French\",\"German\",\"Italian\",\"Spanish\",\"Swedish\",\"Dutch\",\"Greek\",\"Norwegian (Bokm\u00e5l)\",\"Polish\",\"Portuguese\",\"Estonian\",\"Finnish\"],\"jobTitle\":\"Editorial Team\",\"worksFor\":\"Practica Padel\",\"url\":\"https:\\\/\\\/practicapadel.com\\\/no\\\/author\\\/practica-padel-team\\\/\"}]}<\/script>\n<!-- \/ Yoast SEO Premium plugin. -->","yoast_head_json":{"title":"Fernando Belasteguin om padelens utvikling, global vekst og fremtid","description":"Oppdag Fernando Belastegu\u00edns unike innsikt om tilpasning til padelens utvikling, global vekst og hva som venter sporten i USA og internasjonalt.","robots":{"index":"index","follow":"follow","max-snippet":"max-snippet:-1","max-image-preview":"max-image-preview:large","max-video-preview":"max-video-preview:-1"},"canonical":"https:\/\/practicapadel.com\/no\/proffspiller-intervjuer\/fernando-belasteguin-tilpasning-forme-padel-global-fremtid\/","og_locale":"nb_NO","og_type":"article","og_title":"Fernando Belastegu\u00edn om \u00e5 tilpasse seg og forme padelens globale fremtid","og_description":"Oppdag Fernando Belastegu\u00edns unike innsikt om tilpasning til padelens utvikling, global vekst og hva som venter sporten i USA og internasjonalt.","og_url":"https:\/\/practicapadel.com\/no\/proffspiller-intervjuer\/fernando-belasteguin-tilpasning-forme-padel-global-fremtid\/","og_site_name":"Practica Padel","article_published_time":"2026-01-27T19:26:26+00:00","article_modified_time":"2026-01-27T19:46:39+00:00","og_image":[{"width":1200,"height":900,"url":"https:\/\/practicapadel.com\/wp-content\/uploads\/2026\/01\/fernando-belasteguin-padel-legende.png","type":"image\/png"}],"author":"Practica Padel Team","twitter_card":"summary_large_image","twitter_misc":{"Skrevet av":"Practica Padel Team","Ansl. lesetid":"6 minutter"},"schema":{"@context":"https:\/\/schema.org","@graph":[{"@type":"Article","@id":"https:\/\/practicapadel.com\/no\/proffspiller-intervjuer\/fernando-belasteguin-tilpasning-forme-padel-global-fremtid\/#article","isPartOf":{"@id":"https:\/\/practicapadel.com\/no\/proffspiller-intervjuer\/fernando-belasteguin-tilpasning-forme-padel-global-fremtid\/"},"author":{"name":"Practica Padel Team","@id":"https:\/\/practicapadel.com\/no\/#\/schema\/person\/af64f7b6f369d9f8143409566a9a8666"},"headline":"Fernando Belastegu\u00edn om \u00e5 tilpasse seg og forme padelens globale fremtid","datePublished":"2026-01-27T19:26:26+00:00","dateModified":"2026-01-27T19:46:39+00:00","mainEntityOfPage":{"@id":"https:\/\/practicapadel.com\/no\/proffspiller-intervjuer\/fernando-belasteguin-tilpasning-forme-padel-global-fremtid\/"},"wordCount":1129,"publisher":{"@id":"https:\/\/practicapadel.com\/no\/#organization"},"image":{"@id":"https:\/\/practicapadel.com\/no\/proffspiller-intervjuer\/fernando-belasteguin-tilpasning-forme-padel-global-fremtid\/#primaryimage"},"thumbnailUrl":"https:\/\/practicapadel.com\/wp-content\/uploads\/2026\/01\/fernando-belasteguin-padel-legende.png","articleSection":["Proffspiller-intervjuer"],"inLanguage":"nb-NO"},{"@type":"WebPage","@id":"https:\/\/practicapadel.com\/no\/proffspiller-intervjuer\/fernando-belasteguin-tilpasning-forme-padel-global-fremtid\/","url":"https:\/\/practicapadel.com\/no\/proffspiller-intervjuer\/fernando-belasteguin-tilpasning-forme-padel-global-fremtid\/","name":"Fernando Belasteguin om padelens utvikling, global vekst og fremtid","isPartOf":{"@id":"https:\/\/practicapadel.com\/no\/#website"},"primaryImageOfPage":{"@id":"https:\/\/practicapadel.com\/no\/proffspiller-intervjuer\/fernando-belasteguin-tilpasning-forme-padel-global-fremtid\/#primaryimage"},"image":{"@id":"https:\/\/practicapadel.com\/no\/proffspiller-intervjuer\/fernando-belasteguin-tilpasning-forme-padel-global-fremtid\/#primaryimage"},"thumbnailUrl":"https:\/\/practicapadel.com\/wp-content\/uploads\/2026\/01\/fernando-belasteguin-padel-legende.png","datePublished":"2026-01-27T19:26:26+00:00","dateModified":"2026-01-27T19:46:39+00:00","description":"Oppdag Fernando Belastegu\u00edns unike innsikt om tilpasning til padelens utvikling, global vekst og hva som venter sporten i USA og internasjonalt.","breadcrumb":{"@id":"https:\/\/practicapadel.com\/no\/proffspiller-intervjuer\/fernando-belasteguin-tilpasning-forme-padel-global-fremtid\/#breadcrumb"},"inLanguage":"nb-NO","potentialAction":[{"@type":"ReadAction","target":["https:\/\/practicapadel.com\/no\/proffspiller-intervjuer\/fernando-belasteguin-tilpasning-forme-padel-global-fremtid\/"]}]},{"@type":"ImageObject","inLanguage":"nb-NO","@id":"https:\/\/practicapadel.com\/no\/proffspiller-intervjuer\/fernando-belasteguin-tilpasning-forme-padel-global-fremtid\/#primaryimage","url":"https:\/\/practicapadel.com\/wp-content\/uploads\/2026\/01\/fernando-belasteguin-padel-legende.png","contentUrl":"https:\/\/practicapadel.com\/wp-content\/uploads\/2026\/01\/fernando-belasteguin-padel-legende.png","width":1200,"height":900,"caption":"fernando belasteguin padel legende"},{"@type":"BreadcrumbList","@id":"https:\/\/practicapadel.com\/no\/proffspiller-intervjuer\/fernando-belasteguin-tilpasning-forme-padel-global-fremtid\/#breadcrumb","itemListElement":[{"@type":"ListItem","position":1,"name":"Hjem","item":"https:\/\/practicapadel.com\/no\/"},{"@type":"ListItem","position":2,"name":"Proffspiller-intervjuer","item":"https:\/\/practicapadel.com\/no\/category\/proffspiller-intervjuer\/"},{"@type":"ListItem","position":3,"name":"Fernando Belastegu\u00edn om \u00e5 tilpasse seg og forme padelens globale fremtid"}]},{"@type":"WebSite","@id":"https:\/\/practicapadel.com\/no\/#website","url":"https:\/\/practicapadel.com\/no\/","name":"Practica Padel","description":"Din komplette kilde for padelutstyr, trening og spillerinnsikt","publisher":{"@id":"https:\/\/practicapadel.com\/no\/#organization"},"potentialAction":[{"@type":"SearchAction","target":{"@type":"EntryPoint","urlTemplate":"https:\/\/practicapadel.com\/no\/?s={search_term_string}"},"query-input":{"@type":"PropertyValueSpecification","valueRequired":true,"valueName":"search_term_string"}}],"inLanguage":"nb-NO"},{"@type":"Organization","@id":"https:\/\/practicapadel.com\/no\/#organization","name":"Practica Padel","url":"https:\/\/practicapadel.com\/no\/","logo":{"@type":"ImageObject","inLanguage":"nb-NO","@id":"https:\/\/practicapadel.com\/no\/#\/schema\/logo\/image\/","url":"https:\/\/practicapadel.com\/wp-content\/uploads\/2025\/08\/practica-padel-695x695-1.png","contentUrl":"https:\/\/practicapadel.com\/wp-content\/uploads\/2025\/08\/practica-padel-695x695-1.png","width":695,"height":695,"caption":"Practica Padel"},"image":{"@id":"https:\/\/practicapadel.com\/no\/#\/schema\/logo\/image\/"},"description":"Practica Padel er et ekspertbasert digitalt magasin dedikert til padel. Vi tilbyr p\u00e5litelige racketanmeldelser, trening og taktikk, slagguider, treningsinnsikt, turneringsdekning, livsstilsartikler og spillerhistorier for padelentusiaster over hele verden.","email":"thepracticapadel@gmail.com","foundingDate":"2025-05-30","numberOfEmployees":{"@type":"QuantitativeValue","minValue":"1","maxValue":"10"}},{"@type":"Person","@id":"https:\/\/practicapadel.com\/no\/#\/schema\/person\/af64f7b6f369d9f8143409566a9a8666","name":"Practica Padel Team","image":{"@type":"ImageObject","inLanguage":"nb-NO","@id":"https:\/\/secure.gravatar.com\/avatar\/5b00b8a0294a5ffc79b628cac1f1bedf7802f97bc10a75d3c2065bfb3e5d55d7?s=96&d=mm&r=g","url":"https:\/\/secure.gravatar.com\/avatar\/5b00b8a0294a5ffc79b628cac1f1bedf7802f97bc10a75d3c2065bfb3e5d55d7?s=96&d=mm&r=g","contentUrl":"https:\/\/secure.gravatar.com\/avatar\/5b00b8a0294a5ffc79b628cac1f1bedf7802f97bc10a75d3c2065bfb3e5d55d7?s=96&d=mm&r=g","caption":"Practica Padel Team"},"description":"Specialists in curating insights from padel coaches, professional players, and trusted reviewers. Our goal is to make expert knowledge easy to understand and accessible for every player.","sameAs":["http:\/\/practicapadel.com"],"knowsAbout":["Padel racket reviews","Padel training","Sports journalism","Equipment analysis","Data structuring","Knowledge curation","PHP","Javascript","Webdesign"],"knowsLanguage":["Danish","English","French","German","Italian","Spanish","Swedish","Dutch","Greek","Norwegian (Bokm\u00e5l)","Polish","Portuguese","Estonian","Finnish"],"jobTitle":"Editorial Team","worksFor":"Practica Padel","url":"https:\/\/practicapadel.com\/no\/author\/practica-padel-team\/"}]}},"_links":{"self":[{"href":"https:\/\/practicapadel.com\/no\/wp-json\/wp\/v2\/posts\/226271","targetHints":{"allow":["GET"]}}],"collection":[{"href":"https:\/\/practicapadel.com\/no\/wp-json\/wp\/v2\/posts"}],"about":[{"href":"https:\/\/practicapadel.com\/no\/wp-json\/wp\/v2\/types\/post"}],"author":[{"embeddable":true,"href":"https:\/\/practicapadel.com\/no\/wp-json\/wp\/v2\/users\/1"}],"replies":[{"embeddable":true,"href":"https:\/\/practicapadel.com\/no\/wp-json\/wp\/v2\/comments?post=226271"}],"version-history":[{"count":2,"href":"https:\/\/practicapadel.com\/no\/wp-json\/wp\/v2\/posts\/226271\/revisions"}],"predecessor-version":[{"id":226414,"href":"https:\/\/practicapadel.com\/no\/wp-json\/wp\/v2\/posts\/226271\/revisions\/226414"}],"wp:featuredmedia":[{"embeddable":true,"href":"https:\/\/practicapadel.com\/no\/wp-json\/wp\/v2\/media\/226415"}],"wp:attachment":[{"href":"https:\/\/practicapadel.com\/no\/wp-json\/wp\/v2\/media?parent=226271"}],"wp:term":[{"taxonomy":"category","embeddable":true,"href":"https:\/\/practicapadel.com\/no\/wp-json\/wp\/v2\/categories?post=226271"},{"taxonomy":"post_tag","embeddable":true,"href":"https:\/\/practicapadel.com\/no\/wp-json\/wp\/v2\/tags?post=226271"},{"taxonomy":"youtube-channel","embeddable":true,"href":"https:\/\/practicapadel.com\/no\/wp-json\/wp\/v2\/youtube-channel?post=226271"}],"curies":[{"name":"wp","href":"https:\/\/api.w.org\/{rel}","templated":true}]}}