{"id":226273,"date":"2026-01-27T19:26:26","date_gmt":"2026-01-27T19:26:26","guid":{"rendered":"https:\/\/practicapadel.com\/artykuly-padel\/fernando-belasteguin-on-adapting-and-shaping-padels-global-future\/"},"modified":"2026-01-27T19:49:03","modified_gmt":"2026-01-27T19:49:03","slug":"fernando-belasteguin-adaptacja-ksztaltowanie-globalnej-przyszlosci-padla","status":"publish","type":"post","link":"https:\/\/practicapadel.com\/pl\/wywiady-zawodnicy-padel\/fernando-belasteguin-adaptacja-ksztaltowanie-globalnej-przyszlosci-padla\/","title":{"rendered":"Fernando Belastegu\u00edn o adaptacji i kszta\u0142towaniu globalnej przysz\u0142o\u015bci padla"},"content":{"rendered":"<h2>Fernando 'Bela&#8217; Belastegu\u00edn wspomina legendarn\u0105 karier\u0119 i ewolucj\u0119 padla<\/h2>\n<p>Wywiad kana\u0142u z <strong>Fernando 'Bela&#8217; Belastegu\u00ednem<\/strong> to rzadka, dog\u0142\u0119bna okazja, by pozna\u0107 spos\u00f3b my\u015blenia i drog\u0119 najbardziej utytu\u0142owanego zawodnika w historii padla. Z <strong>16 latami jako numer jeden na \u015bwiecie<\/strong> i ponad <strong>230 tytu\u0142ami<\/strong>, historia Beli to przyk\u0142ad organicznego rozwoju, nieustannej adaptacji i g\u0142\u0119bokiej pasji do padla. Zacz\u0105\u0142 gra\u0107 w wieku 10 lat w rodzinnym mie\u015bcie, szybko przechodz\u0105c z pi\u0142ki no\u017cnej na padel, gdy pojawi\u0142y si\u0119 pierwsze lokalne korty. Ju\u017c w wieku 15 lat rywalizowa\u0142 zawodowo, cho\u0107 wczesne lata opisuje jako naturalny rozw\u00f3j, a nie \u015bwiadome d\u0105\u017cenie do wielko\u015bci.<\/p>\n<p>Przeprowadzka Beli z Argentyny do Hiszpanii by\u0142a punktem zwrotnym, podyktowanym ch\u0119ci\u0105 rywalizacji z najlepszymi, gdy scena zawodowa przenios\u0142a si\u0119 do Europy. Podkre\u015bla, \u017ce utrzymanie si\u0119 na szczycie by\u0142o mo\u017cliwe tylko dzi\u0119ki ci\u0105g\u0142ej adaptacji \u2014 zar\u00f3wno do zmieniaj\u0105cych si\u0119 wymaga\u0144 sportu, jak i w\u0142asnych mo\u017cliwo\u015bci fizycznych.<\/p>\n<h2>Dostosowanie do zmian: korty, sprz\u0119t i nowoczesna gra<\/h2>\n<p>Przez trzy dekady na najwy\u017cszym poziomie Bela by\u0142 \u015bwiadkiem \u2014 i uczestnikiem \u2014 znacz\u0105cych zmian w padlu. Wspomina pocz\u0105tki na <strong>kortach cementowych<\/strong> i konieczno\u015b\u0107 adaptacji, gdy zmienia\u0142y si\u0119 nawierzchnie, sprz\u0119t i tempo gry. Recenzent podkre\u015bla filozofi\u0119 Beli: aby pozosta\u0107 konkurencyjnym, zawodowiec musi przewidywa\u0107 i dostosowywa\u0107 si\u0119 do ka\u017cdej zmiany w sporcie \u2014 od technologii kort\u00f3w po pr\u0119dko\u015b\u0107 pi\u0142ki.<\/p>\n<p>W ostatnich latach Bela zauwa\u017ca, \u017ce gra sta\u0142a si\u0119 znacznie szybsza, wymaga szybszych pi\u0142ek i bardziej dynamicznego ruchu. Przyznaje, \u017ce ten przyspieszony rozw\u00f3j zbieg\u0142 si\u0119 z naturalnym spowolnieniem jego w\u0142asnych refleks\u00f3w i szybko\u015bci, co sprawia\u0142o, \u017ce utrzymanie si\u0119 w pierwszej dziesi\u0105tce by\u0142o coraz trudniejsze. Jednak traktuje te zmiany jako nieuniknione i wr\u0119cz korzystne dla rozwoju dyscypliny.<\/p>\n<h2>Globalny rozw\u00f3j padla i szansa w Stanach Zjednoczonych<\/h2>\n<p>Tw\u00f3rca rozmawia z Bel\u0105 o gwa\u0142townym rozwoju padla na \u015bwiecie. Dawniej skoncentrowany w <strong>Argentynie<\/strong> i <strong>Hiszpanii<\/strong>, dzi\u015b sport ten ma znacznie szerszy zasi\u0119g. Bela przypisuje wzrost popularno\u015bci <strong>mediom spo\u0142eczno\u015bciowym<\/strong>, ale zauwa\u017ca, \u017ce mimo post\u0119p\u00f3w padel wci\u0105\u017c jest w powijakach w wielu regionach.<\/p>\n<p>Skupiaj\u0105c si\u0119 na <strong>Stanach Zjednoczonych<\/strong>, Bela dostrzega ogromny potencja\u0142, zw\u0142aszcza na <strong>po\u0142udniu Florydy<\/strong>, gdzie sport zyskuje na popularno\u015bci. Por\u00f3wnuje obecny etap padla do dziecka, kt\u00f3re dopiero zaczyna raczkowa\u0107 i ma jeszcze d\u0142ug\u0105 drog\u0119, zanim 'przebiegnie sto metr\u00f3w&#8217;. Bela jest jednak przekonany, \u017ce padel stanie si\u0119 w ci\u0105gu dekady jednym z g\u0142\u00f3wnych sport\u00f3w na \u015bwiecie.<\/p>\n<p>Co ciekawe, wzrost popularno\u015bci <strong>pickleballa<\/strong> w USA postrzega jako pozytywny czynnik, przewiduj\u0105c, \u017ce wielu graczy pickleballa z czasem przejdzie do padla, co jeszcze bardziej przyspieszy jego rozw\u00f3j. Popiera ide\u0119 klub\u00f3w hybrydowych, oferuj\u0105cych oba sporty, podkre\u015blaj\u0105c ich komplementarno\u015b\u0107, a nie konkurencj\u0119.<\/p>\n<h2>Marka Bela Padel i mi\u0119dzynarodowa ekspansja klub\u00f3w<\/h2>\n<p>Bela przedstawia swoj\u0105 wizj\u0119 marki <strong>Bela Padel Center<\/strong>, kt\u00f3ra narodzi\u0142a si\u0119 jako koncepcja podczas pandemii i zmaterializowa\u0142a si\u0119 wraz z otwarciem flagowego klubu w Alicante. Projekt ten pe\u0142ni rol\u0119 'laboratorium&#8217; dla jego metodyki i filozofii, a plany zak\u0142adaj\u0105 globaln\u0105 ekspansj\u0119 po otwarciu g\u0142\u00f3wnego o\u015brodka w <strong>Barcelonie<\/strong>.<\/p>\n<p>Podkre\u015bla znaczenie nauki przez do\u015bwiadczenie \u2014 testowania pomys\u0142\u00f3w, pope\u0142niania b\u0142\u0119d\u00f3w i udoskonalania modelu przed skalowaniem. Ostatecznym celem jest uczynienie Barcelony siedzib\u0105 g\u0142\u00f3wn\u0105, a nast\u0119pnie wprowadzenie koncepcji Bela Padel Center na rynki takie jak Stany Zjednoczone, zawsze stawiaj\u0105c na pierwszym miejscu zr\u00f3wnowa\u017cony rozw\u00f3j dyscypliny.<\/p>\n<h2>Turnieje pokazowe, Premier Padel League i presti\u017c zawodnik\u00f3w<\/h2>\n<p>Przechodz\u0105c do rywalizacji, Bela dzieli si\u0119 opini\u0105 na temat pojawienia si\u0119 nowych format\u00f3w, takich jak <strong>Premier Padel League (PPL)<\/strong>, <strong>Hexagon Cup<\/strong> i innych wydarze\u0144 pokazowych. Uwa\u017ca, \u017ce te turnieje s\u0105 cenne dla promocji padla i przyci\u0105gania nowych odbiorc\u00f3w, zw\u0142aszcza na rynkach rozwijaj\u0105cych si\u0119, takich jak USA i Indie.<\/p>\n<p>Jednak Bela rozr\u00f3\u017cnia presti\u017c rozgrywek opartych na rankingach, takich jak <strong>Premier Padel<\/strong>, od finansowych korzy\u015bci z wydarze\u0144 pokazowych. Dla niego prawdziwy status wynika z bycia numerem jeden w oficjalnych rankingach, a nie z pojedynczych zwyci\u0119stw w eventach. Popiera zr\u00f3wnowa\u017cone podej\u015bcie, w kt\u00f3rym zar\u00f3wno turnieje pokazowe, jak i rankingowe wsp\u00f3\u0142istniej\u0105, maksymalizuj\u0105c widoczno\u015b\u0107 i wiarygodno\u015b\u0107 sportu.<\/p>\n<h2>Finansowa rzeczywisto\u015b\u0107 i ekosystem zawodowego padla<\/h2>\n<p>Kana\u0142 zag\u0142\u0119bia si\u0119 w ekonomi\u0119 zawodowego padla, a Bela szczerze przedstawia zarobki graczy:<\/p>\n<ul>\n<li><strong>Miejsce 1:<\/strong> Do 4 milion\u00f3w dolar\u00f3w rocznie<\/li>\n<li><strong>Miejsce 10:<\/strong> Oko\u0142o 1,5 miliona dolar\u00f3w<\/li>\n<li><strong>Miejsca 11\u201320:<\/strong> Od 1,5 miliona do 800 tysi\u0119cy dolar\u00f3w<\/li>\n<li><strong>Ni\u017csze miejsca (20+):<\/strong> Malej\u0105ce kwoty, m\u0142odzi zawodnicy cz\u0119sto zarabiaj\u0105 du\u017co mniej<\/li>\n<\/ul>\n<p>Zauwa\u017ca, \u017ce nagrody pieni\u0119\u017cne wzros\u0142y wyk\u0142adniczo w ci\u0105gu ostatnich trzech lat dzi\u0119ki Premier Padel, ale podkre\u015bla potrzeb\u0119 dalszego rozwoju i sprawiedliwego podzia\u0142u \u015brodk\u00f3w mi\u0119dzy graczy i organizator\u00f3w. Bela odnosi si\u0119 te\u017c do roli sponsor\u00f3w i medi\u00f3w spo\u0142eczno\u015bciowych, twierdz\u0105c, \u017ce obecno\u015b\u0107 online mo\u017ce pom\u00f3c, ale nic nie zast\u0105pi warto\u015bci zwyci\u0119stw na korcie. Zach\u0119ca aspiruj\u0105cych zawodowc\u00f3w, by skupiali si\u0119 na treningu i wynikach, a nie liczbie obserwuj\u0105cych.<\/p>\n<h2>Turniej Premier Padel w Miami i znaczenie halowych obiekt\u00f3w<\/h2>\n<p>Bela z entuzjazmem opowiada o organizacji pierwszego <strong>turnieju Premier Padel w Miami<\/strong>, traktuj\u0105c to jako prze\u0142omowy moment dla rozwoju padla w Ameryce P\u00f3\u0142nocnej. Wydarzenie odb\u0119dzie si\u0119 w <strong>Miami Beach Convention Center<\/strong> i pomie\u015bci oko\u0142o <strong>1700 widz\u00f3w<\/strong> (1300 na trybunach i 400 w lo\u017cach). Wyja\u015bnia decyzj\u0119 o utrzymaniu 'butikowej&#8217; skali turnieju przez pierwsze lata, stawiaj\u0105c na jako\u015b\u0107 i zaanga\u017cowanie spo\u0142eczno\u015bci zamiast szybkiej ekspansji.<\/p>\n<p>Zwraca te\u017c uwag\u0119 na zalety organizacji wydarzenia pod dachem \u2014 eliminuj\u0105c problemy z wiatrem, deszczem i wilgoci\u0105, kt\u00f3re dotyka\u0142y poprzednie turnieje na zewn\u0105trz w Miami. Wierzy, \u017ce taka kontrolowana atmosfera zapewni lepsze do\u015bwiadczenie zar\u00f3wno zawodnikom, jak i kibicom, ustanawiaj\u0105c standard dla przysz\u0142ych wydarze\u0144 w regionie.<\/p>\n<h2>Wsp\u00f3\u0142praca z Wilsonem i przysz\u0142o\u015b\u0107 sprz\u0119tu do padla<\/h2>\n<p>Wywiad ko\u0144czy si\u0119 refleksj\u0105 Beli na temat wsp\u00f3\u0142pracy z <strong>Wilsonem<\/strong>, mark\u0105, kt\u00f3r\u0105 podziwia za pozycj\u0119 lidera w sportach rakietowych. Jest mocno zaanga\u017cowany w rozw\u00f3j w\u0142asnej linii produkt\u00f3w w ramach marki Wilson, d\u0105\u017c\u0105c do tego, by sta\u0142a si\u0119 ona numerem jeden na \u015bwiecie w padlu. Po zako\u0144czeniu kariery zamierza jeszcze bli\u017cej wsp\u00f3\u0142pracowa\u0107 z in\u017cynierami, by udoskonala\u0107 i rozbudowywa\u0107 kolekcj\u0119 produkt\u00f3w, dostosowuj\u0105c j\u0105 do zmieniaj\u0105cych si\u0119 potrzeb graczy na ca\u0142ym \u015bwiecie.<\/p>\n<h2>Najwa\u017cniejsze wnioski z przemy\u015ble\u0144 Beli o przysz\u0142o\u015bci padla<\/h2>\n<ul>\n<li><strong>Adaptacja jest kluczowa<\/strong>: Sport i zawodnicy musz\u0105 si\u0119 stale rozwija\u0107, by pozosta\u0107 konkurencyjnymi.<\/li>\n<li><strong>Globalny rozw\u00f3j przyspiesza<\/strong>, ale padel wci\u0105\u017c jest na wczesnym etapie w wielu krajach, zw\u0142aszcza w USA.<\/li>\n<li><strong>Kluby hybrydowe i sporty komplementarne<\/strong>, takie jak pickleball, mog\u0105 zwi\u0119ksza\u0107 udzia\u0142 i \u015bwiadomo\u015b\u0107.<\/li>\n<li><strong>Presti\u017c wynika z ranking\u00f3w<\/strong>, nie tylko z wygranych event\u00f3w czy obecno\u015bci w mediach spo\u0142eczno\u015bciowych.<\/li>\n<li><strong>Inwestycje w infrastruktur\u0119 i wysokiej jako\u015bci wydarzenia<\/strong> b\u0119d\u0105 kluczowe dla trwa\u0142ego rozwoju padla.<\/li>\n<\/ul>\n<p>Wizja, do\u015bwiadczenie i nieustanne zaanga\u017cowanie Beli czyni\u0105 go nie tylko legendarnym zawodnikiem, ale i si\u0142\u0105 nap\u0119dow\u0105 globalnej przysz\u0142o\u015bci padla.<\/p>\n","protected":false},"excerpt":{"rendered":"<p>Fernando 'Bela&#8217; Belastegu\u00edn dzieli si\u0119 swoim unikalnym spojrzeniem na ewolucj\u0119 padla, czerpi\u0105c z dekad sp\u0119dzonych na szczycie tego sportu. Omawia znaczenie adaptacji, szybki globalny rozw\u00f3j dyscypliny oraz swoj\u0105 wizj\u0119 przysz\u0142o\u015bci padla. Przeczytaj, aby pozna\u0107 przemy\u015blenia Beli na temat tego, co jest potrzebne, by pozosta\u0107 wa\u017cnym i nap\u0119dza\u0107 rozw\u00f3j padla na \u015bwiecie.<\/p>\n","protected":false},"author":1,"featured_media":226430,"comment_status":"closed","ping_status":"closed","sticky":false,"template":"","format":"standard","meta":{"_acf_changed":false,"footnotes":""},"categories":[544],"tags":[],"youtube-channel":[285],"class_list":["post-226273","post","type-post","status-publish","format-standard","has-post-thumbnail","hentry","category-wywiady-zawodnicy-padel","generate-columns","tablet-grid-50","mobile-grid-100","grid-parent","grid-33"],"acf":[],"yoast_head":"<!-- This site is optimized with the Yoast SEO Premium plugin v27.4 (Yoast SEO v27.4) - https:\/\/yoast.com\/product\/yoast-seo-premium-wordpress\/ -->\n<title>Fernando Belasteguin: ewolucja, rozw\u00f3j i przysz\u0142o\u015b\u0107 padla<\/title>\n<meta name=\"description\" content=\"Poznaj wyj\u0105tkowe spojrzenie Fernando Belastegu\u00edna na ewolucj\u0119, globalny rozw\u00f3j i przysz\u0142o\u015b\u0107 padla w USA i na \u015bwiecie.\" \/>\n<meta name=\"robots\" content=\"index, follow, max-snippet:-1, max-image-preview:large, max-video-preview:-1\" \/>\n<link rel=\"canonical\" href=\"https:\/\/practicapadel.com\/pl\/wywiady-zawodnicy-padel\/fernando-belasteguin-adaptacja-ksztaltowanie-globalnej-przyszlosci-padla\/\" \/>\n<meta property=\"og:locale\" content=\"pl_PL\" \/>\n<meta property=\"og:type\" content=\"article\" \/>\n<meta property=\"og:title\" content=\"Fernando Belastegu\u00edn o adaptacji i kszta\u0142towaniu globalnej przysz\u0142o\u015bci padla\" \/>\n<meta property=\"og:description\" content=\"Poznaj wyj\u0105tkowe spojrzenie Fernando Belastegu\u00edna na ewolucj\u0119, globalny rozw\u00f3j i przysz\u0142o\u015b\u0107 padla w USA i na \u015bwiecie.\" \/>\n<meta property=\"og:url\" content=\"https:\/\/practicapadel.com\/pl\/wywiady-zawodnicy-padel\/fernando-belasteguin-adaptacja-ksztaltowanie-globalnej-przyszlosci-padla\/\" \/>\n<meta property=\"og:site_name\" content=\"Practica Padel\" \/>\n<meta property=\"article:published_time\" content=\"2026-01-27T19:26:26+00:00\" \/>\n<meta property=\"article:modified_time\" content=\"2026-01-27T19:49:03+00:00\" \/>\n<meta property=\"og:image\" content=\"https:\/\/practicapadel.com\/wp-content\/uploads\/2026\/01\/fernando-belasteguin-legenda-padla.png\" \/>\n\t<meta property=\"og:image:width\" content=\"1200\" \/>\n\t<meta property=\"og:image:height\" content=\"900\" \/>\n\t<meta property=\"og:image:type\" content=\"image\/png\" \/>\n<meta name=\"author\" content=\"Practica Padel Team\" \/>\n<meta name=\"twitter:card\" content=\"summary_large_image\" \/>\n<meta name=\"twitter:label1\" content=\"Napisane przez\" \/>\n\t<meta name=\"twitter:data1\" content=\"Practica Padel Team\" \/>\n\t<meta name=\"twitter:label2\" content=\"Szacowany czas czytania\" \/>\n\t<meta name=\"twitter:data2\" content=\"6 minut\" \/>\n<script type=\"application\/ld+json\" class=\"yoast-schema-graph\">{\"@context\":\"https:\\\/\\\/schema.org\",\"@graph\":[{\"@type\":\"Article\",\"@id\":\"https:\\\/\\\/practicapadel.com\\\/pl\\\/wywiady-zawodnicy-padel\\\/fernando-belasteguin-adaptacja-ksztaltowanie-globalnej-przyszlosci-padla\\\/#article\",\"isPartOf\":{\"@id\":\"https:\\\/\\\/practicapadel.com\\\/pl\\\/wywiady-zawodnicy-padel\\\/fernando-belasteguin-adaptacja-ksztaltowanie-globalnej-przyszlosci-padla\\\/\"},\"author\":{\"name\":\"Practica Padel Team\",\"@id\":\"https:\\\/\\\/practicapadel.com\\\/pl\\\/#\\\/schema\\\/person\\\/af64f7b6f369d9f8143409566a9a8666\"},\"headline\":\"Fernando Belastegu\u00edn o adaptacji i kszta\u0142towaniu globalnej przysz\u0142o\u015bci padla\",\"datePublished\":\"2026-01-27T19:26:26+00:00\",\"dateModified\":\"2026-01-27T19:49:03+00:00\",\"mainEntityOfPage\":{\"@id\":\"https:\\\/\\\/practicapadel.com\\\/pl\\\/wywiady-zawodnicy-padel\\\/fernando-belasteguin-adaptacja-ksztaltowanie-globalnej-przyszlosci-padla\\\/\"},\"wordCount\":1233,\"publisher\":{\"@id\":\"https:\\\/\\\/practicapadel.com\\\/pl\\\/#organization\"},\"image\":{\"@id\":\"https:\\\/\\\/practicapadel.com\\\/pl\\\/wywiady-zawodnicy-padel\\\/fernando-belasteguin-adaptacja-ksztaltowanie-globalnej-przyszlosci-padla\\\/#primaryimage\"},\"thumbnailUrl\":\"https:\\\/\\\/practicapadel.com\\\/wp-content\\\/uploads\\\/2026\\\/01\\\/fernando-belasteguin-legenda-padla.png\",\"articleSection\":[\"Wywiady z zawodnikami padla\"],\"inLanguage\":\"pl-PL\"},{\"@type\":\"WebPage\",\"@id\":\"https:\\\/\\\/practicapadel.com\\\/pl\\\/wywiady-zawodnicy-padel\\\/fernando-belasteguin-adaptacja-ksztaltowanie-globalnej-przyszlosci-padla\\\/\",\"url\":\"https:\\\/\\\/practicapadel.com\\\/pl\\\/wywiady-zawodnicy-padel\\\/fernando-belasteguin-adaptacja-ksztaltowanie-globalnej-przyszlosci-padla\\\/\",\"name\":\"Fernando Belasteguin: ewolucja, rozw\u00f3j i przysz\u0142o\u015b\u0107 padla\",\"isPartOf\":{\"@id\":\"https:\\\/\\\/practicapadel.com\\\/pl\\\/#website\"},\"primaryImageOfPage\":{\"@id\":\"https:\\\/\\\/practicapadel.com\\\/pl\\\/wywiady-zawodnicy-padel\\\/fernando-belasteguin-adaptacja-ksztaltowanie-globalnej-przyszlosci-padla\\\/#primaryimage\"},\"image\":{\"@id\":\"https:\\\/\\\/practicapadel.com\\\/pl\\\/wywiady-zawodnicy-padel\\\/fernando-belasteguin-adaptacja-ksztaltowanie-globalnej-przyszlosci-padla\\\/#primaryimage\"},\"thumbnailUrl\":\"https:\\\/\\\/practicapadel.com\\\/wp-content\\\/uploads\\\/2026\\\/01\\\/fernando-belasteguin-legenda-padla.png\",\"datePublished\":\"2026-01-27T19:26:26+00:00\",\"dateModified\":\"2026-01-27T19:49:03+00:00\",\"description\":\"Poznaj wyj\u0105tkowe spojrzenie Fernando Belastegu\u00edna na ewolucj\u0119, globalny rozw\u00f3j i przysz\u0142o\u015b\u0107 padla w USA i na \u015bwiecie.\",\"breadcrumb\":{\"@id\":\"https:\\\/\\\/practicapadel.com\\\/pl\\\/wywiady-zawodnicy-padel\\\/fernando-belasteguin-adaptacja-ksztaltowanie-globalnej-przyszlosci-padla\\\/#breadcrumb\"},\"inLanguage\":\"pl-PL\",\"potentialAction\":[{\"@type\":\"ReadAction\",\"target\":[\"https:\\\/\\\/practicapadel.com\\\/pl\\\/wywiady-zawodnicy-padel\\\/fernando-belasteguin-adaptacja-ksztaltowanie-globalnej-przyszlosci-padla\\\/\"]}]},{\"@type\":\"ImageObject\",\"inLanguage\":\"pl-PL\",\"@id\":\"https:\\\/\\\/practicapadel.com\\\/pl\\\/wywiady-zawodnicy-padel\\\/fernando-belasteguin-adaptacja-ksztaltowanie-globalnej-przyszlosci-padla\\\/#primaryimage\",\"url\":\"https:\\\/\\\/practicapadel.com\\\/wp-content\\\/uploads\\\/2026\\\/01\\\/fernando-belasteguin-legenda-padla.png\",\"contentUrl\":\"https:\\\/\\\/practicapadel.com\\\/wp-content\\\/uploads\\\/2026\\\/01\\\/fernando-belasteguin-legenda-padla.png\",\"width\":1200,\"height\":900,\"caption\":\"fernando belasteguin legenda padla\"},{\"@type\":\"BreadcrumbList\",\"@id\":\"https:\\\/\\\/practicapadel.com\\\/pl\\\/wywiady-zawodnicy-padel\\\/fernando-belasteguin-adaptacja-ksztaltowanie-globalnej-przyszlosci-padla\\\/#breadcrumb\",\"itemListElement\":[{\"@type\":\"ListItem\",\"position\":1,\"name\":\"Strona g\u0142\u00f3wna\",\"item\":\"https:\\\/\\\/practicapadel.com\\\/pl\\\/\"},{\"@type\":\"ListItem\",\"position\":2,\"name\":\"Wywiady z zawodnikami padla\",\"item\":\"https:\\\/\\\/practicapadel.com\\\/pl\\\/category\\\/wywiady-zawodnicy-padel\\\/\"},{\"@type\":\"ListItem\",\"position\":3,\"name\":\"Fernando Belastegu\u00edn o adaptacji i kszta\u0142towaniu globalnej przysz\u0142o\u015bci padla\"}]},{\"@type\":\"WebSite\",\"@id\":\"https:\\\/\\\/practicapadel.com\\\/pl\\\/#website\",\"url\":\"https:\\\/\\\/practicapadel.com\\\/pl\\\/\",\"name\":\"Practica Padel\",\"description\":\"Twoje kompletne \u017ar\u00f3d\u0142o sprz\u0119tu do padla, treningu i wiedzy o graczach\",\"publisher\":{\"@id\":\"https:\\\/\\\/practicapadel.com\\\/pl\\\/#organization\"},\"potentialAction\":[{\"@type\":\"SearchAction\",\"target\":{\"@type\":\"EntryPoint\",\"urlTemplate\":\"https:\\\/\\\/practicapadel.com\\\/pl\\\/?s={search_term_string}\"},\"query-input\":{\"@type\":\"PropertyValueSpecification\",\"valueRequired\":true,\"valueName\":\"search_term_string\"}}],\"inLanguage\":\"pl-PL\"},{\"@type\":\"Organization\",\"@id\":\"https:\\\/\\\/practicapadel.com\\\/pl\\\/#organization\",\"name\":\"Practica Padel\",\"url\":\"https:\\\/\\\/practicapadel.com\\\/pl\\\/\",\"logo\":{\"@type\":\"ImageObject\",\"inLanguage\":\"pl-PL\",\"@id\":\"https:\\\/\\\/practicapadel.com\\\/pl\\\/#\\\/schema\\\/logo\\\/image\\\/\",\"url\":\"https:\\\/\\\/practicapadel.com\\\/wp-content\\\/uploads\\\/2025\\\/08\\\/practica-padel-695x695-1.png\",\"contentUrl\":\"https:\\\/\\\/practicapadel.com\\\/wp-content\\\/uploads\\\/2025\\\/08\\\/practica-padel-695x695-1.png\",\"width\":695,\"height\":695,\"caption\":\"Practica Padel\"},\"image\":{\"@id\":\"https:\\\/\\\/practicapadel.com\\\/pl\\\/#\\\/schema\\\/logo\\\/image\\\/\"},\"description\":\"Practica Padel to oparte na ekspertach cyfrowe czasopismo po\u015bwi\u0119cone padlowi. Dostarczamy wiarygodne recenzje rakiet, porady treningowe i taktyczne, przewodniki po uderzeniach, wskaz\u00f3wki fitness, relacje z turniej\u00f3w, artyku\u0142y o stylu \u017cycia oraz historie graczy dla entuzjast\u00f3w padla na ca\u0142ym \u015bwiecie.\",\"email\":\"thepracticapadel@gmail.com\",\"foundingDate\":\"2025-05-30\",\"numberOfEmployees\":{\"@type\":\"QuantitativeValue\",\"minValue\":\"1\",\"maxValue\":\"10\"}},{\"@type\":\"Person\",\"@id\":\"https:\\\/\\\/practicapadel.com\\\/pl\\\/#\\\/schema\\\/person\\\/af64f7b6f369d9f8143409566a9a8666\",\"name\":\"Practica Padel Team\",\"image\":{\"@type\":\"ImageObject\",\"inLanguage\":\"pl-PL\",\"@id\":\"https:\\\/\\\/secure.gravatar.com\\\/avatar\\\/5b00b8a0294a5ffc79b628cac1f1bedf7802f97bc10a75d3c2065bfb3e5d55d7?s=96&d=mm&r=g\",\"url\":\"https:\\\/\\\/secure.gravatar.com\\\/avatar\\\/5b00b8a0294a5ffc79b628cac1f1bedf7802f97bc10a75d3c2065bfb3e5d55d7?s=96&d=mm&r=g\",\"contentUrl\":\"https:\\\/\\\/secure.gravatar.com\\\/avatar\\\/5b00b8a0294a5ffc79b628cac1f1bedf7802f97bc10a75d3c2065bfb3e5d55d7?s=96&d=mm&r=g\",\"caption\":\"Practica Padel Team\"},\"description\":\"Specialists in curating insights from padel coaches, professional players, and trusted reviewers. Our goal is to make expert knowledge easy to understand and accessible for every player.\",\"sameAs\":[\"http:\\\/\\\/practicapadel.com\"],\"knowsAbout\":[\"Padel racket reviews\",\"Padel training\",\"Sports journalism\",\"Equipment analysis\",\"Data structuring\",\"Knowledge curation\",\"PHP\",\"Javascript\",\"Webdesign\"],\"knowsLanguage\":[\"Danish\",\"English\",\"French\",\"German\",\"Italian\",\"Spanish\",\"Swedish\",\"Dutch\",\"Greek\",\"Norwegian (Bokm\u00e5l)\",\"Polish\",\"Portuguese\",\"Estonian\",\"Finnish\"],\"jobTitle\":\"Editorial Team\",\"worksFor\":\"Practica Padel\",\"url\":\"https:\\\/\\\/practicapadel.com\\\/pl\\\/author\\\/practica-padel-team\\\/\"}]}<\/script>\n<!-- \/ Yoast SEO Premium plugin. -->","yoast_head_json":{"title":"Fernando Belasteguin: ewolucja, rozw\u00f3j i przysz\u0142o\u015b\u0107 padla","description":"Poznaj wyj\u0105tkowe spojrzenie Fernando Belastegu\u00edna na ewolucj\u0119, globalny rozw\u00f3j i przysz\u0142o\u015b\u0107 padla w USA i na \u015bwiecie.","robots":{"index":"index","follow":"follow","max-snippet":"max-snippet:-1","max-image-preview":"max-image-preview:large","max-video-preview":"max-video-preview:-1"},"canonical":"https:\/\/practicapadel.com\/pl\/wywiady-zawodnicy-padel\/fernando-belasteguin-adaptacja-ksztaltowanie-globalnej-przyszlosci-padla\/","og_locale":"pl_PL","og_type":"article","og_title":"Fernando Belastegu\u00edn o adaptacji i kszta\u0142towaniu globalnej przysz\u0142o\u015bci padla","og_description":"Poznaj wyj\u0105tkowe spojrzenie Fernando Belastegu\u00edna na ewolucj\u0119, globalny rozw\u00f3j i przysz\u0142o\u015b\u0107 padla w USA i na \u015bwiecie.","og_url":"https:\/\/practicapadel.com\/pl\/wywiady-zawodnicy-padel\/fernando-belasteguin-adaptacja-ksztaltowanie-globalnej-przyszlosci-padla\/","og_site_name":"Practica Padel","article_published_time":"2026-01-27T19:26:26+00:00","article_modified_time":"2026-01-27T19:49:03+00:00","og_image":[{"width":1200,"height":900,"url":"https:\/\/practicapadel.com\/wp-content\/uploads\/2026\/01\/fernando-belasteguin-legenda-padla.png","type":"image\/png"}],"author":"Practica Padel Team","twitter_card":"summary_large_image","twitter_misc":{"Napisane przez":"Practica Padel Team","Szacowany czas czytania":"6 minut"},"schema":{"@context":"https:\/\/schema.org","@graph":[{"@type":"Article","@id":"https:\/\/practicapadel.com\/pl\/wywiady-zawodnicy-padel\/fernando-belasteguin-adaptacja-ksztaltowanie-globalnej-przyszlosci-padla\/#article","isPartOf":{"@id":"https:\/\/practicapadel.com\/pl\/wywiady-zawodnicy-padel\/fernando-belasteguin-adaptacja-ksztaltowanie-globalnej-przyszlosci-padla\/"},"author":{"name":"Practica Padel Team","@id":"https:\/\/practicapadel.com\/pl\/#\/schema\/person\/af64f7b6f369d9f8143409566a9a8666"},"headline":"Fernando Belastegu\u00edn o adaptacji i kszta\u0142towaniu globalnej przysz\u0142o\u015bci padla","datePublished":"2026-01-27T19:26:26+00:00","dateModified":"2026-01-27T19:49:03+00:00","mainEntityOfPage":{"@id":"https:\/\/practicapadel.com\/pl\/wywiady-zawodnicy-padel\/fernando-belasteguin-adaptacja-ksztaltowanie-globalnej-przyszlosci-padla\/"},"wordCount":1233,"publisher":{"@id":"https:\/\/practicapadel.com\/pl\/#organization"},"image":{"@id":"https:\/\/practicapadel.com\/pl\/wywiady-zawodnicy-padel\/fernando-belasteguin-adaptacja-ksztaltowanie-globalnej-przyszlosci-padla\/#primaryimage"},"thumbnailUrl":"https:\/\/practicapadel.com\/wp-content\/uploads\/2026\/01\/fernando-belasteguin-legenda-padla.png","articleSection":["Wywiady z zawodnikami padla"],"inLanguage":"pl-PL"},{"@type":"WebPage","@id":"https:\/\/practicapadel.com\/pl\/wywiady-zawodnicy-padel\/fernando-belasteguin-adaptacja-ksztaltowanie-globalnej-przyszlosci-padla\/","url":"https:\/\/practicapadel.com\/pl\/wywiady-zawodnicy-padel\/fernando-belasteguin-adaptacja-ksztaltowanie-globalnej-przyszlosci-padla\/","name":"Fernando Belasteguin: ewolucja, rozw\u00f3j i przysz\u0142o\u015b\u0107 padla","isPartOf":{"@id":"https:\/\/practicapadel.com\/pl\/#website"},"primaryImageOfPage":{"@id":"https:\/\/practicapadel.com\/pl\/wywiady-zawodnicy-padel\/fernando-belasteguin-adaptacja-ksztaltowanie-globalnej-przyszlosci-padla\/#primaryimage"},"image":{"@id":"https:\/\/practicapadel.com\/pl\/wywiady-zawodnicy-padel\/fernando-belasteguin-adaptacja-ksztaltowanie-globalnej-przyszlosci-padla\/#primaryimage"},"thumbnailUrl":"https:\/\/practicapadel.com\/wp-content\/uploads\/2026\/01\/fernando-belasteguin-legenda-padla.png","datePublished":"2026-01-27T19:26:26+00:00","dateModified":"2026-01-27T19:49:03+00:00","description":"Poznaj wyj\u0105tkowe spojrzenie Fernando Belastegu\u00edna na ewolucj\u0119, globalny rozw\u00f3j i przysz\u0142o\u015b\u0107 padla w USA i na \u015bwiecie.","breadcrumb":{"@id":"https:\/\/practicapadel.com\/pl\/wywiady-zawodnicy-padel\/fernando-belasteguin-adaptacja-ksztaltowanie-globalnej-przyszlosci-padla\/#breadcrumb"},"inLanguage":"pl-PL","potentialAction":[{"@type":"ReadAction","target":["https:\/\/practicapadel.com\/pl\/wywiady-zawodnicy-padel\/fernando-belasteguin-adaptacja-ksztaltowanie-globalnej-przyszlosci-padla\/"]}]},{"@type":"ImageObject","inLanguage":"pl-PL","@id":"https:\/\/practicapadel.com\/pl\/wywiady-zawodnicy-padel\/fernando-belasteguin-adaptacja-ksztaltowanie-globalnej-przyszlosci-padla\/#primaryimage","url":"https:\/\/practicapadel.com\/wp-content\/uploads\/2026\/01\/fernando-belasteguin-legenda-padla.png","contentUrl":"https:\/\/practicapadel.com\/wp-content\/uploads\/2026\/01\/fernando-belasteguin-legenda-padla.png","width":1200,"height":900,"caption":"fernando belasteguin legenda padla"},{"@type":"BreadcrumbList","@id":"https:\/\/practicapadel.com\/pl\/wywiady-zawodnicy-padel\/fernando-belasteguin-adaptacja-ksztaltowanie-globalnej-przyszlosci-padla\/#breadcrumb","itemListElement":[{"@type":"ListItem","position":1,"name":"Strona g\u0142\u00f3wna","item":"https:\/\/practicapadel.com\/pl\/"},{"@type":"ListItem","position":2,"name":"Wywiady z zawodnikami padla","item":"https:\/\/practicapadel.com\/pl\/category\/wywiady-zawodnicy-padel\/"},{"@type":"ListItem","position":3,"name":"Fernando Belastegu\u00edn o adaptacji i kszta\u0142towaniu globalnej przysz\u0142o\u015bci padla"}]},{"@type":"WebSite","@id":"https:\/\/practicapadel.com\/pl\/#website","url":"https:\/\/practicapadel.com\/pl\/","name":"Practica Padel","description":"Twoje kompletne \u017ar\u00f3d\u0142o sprz\u0119tu do padla, treningu i wiedzy o graczach","publisher":{"@id":"https:\/\/practicapadel.com\/pl\/#organization"},"potentialAction":[{"@type":"SearchAction","target":{"@type":"EntryPoint","urlTemplate":"https:\/\/practicapadel.com\/pl\/?s={search_term_string}"},"query-input":{"@type":"PropertyValueSpecification","valueRequired":true,"valueName":"search_term_string"}}],"inLanguage":"pl-PL"},{"@type":"Organization","@id":"https:\/\/practicapadel.com\/pl\/#organization","name":"Practica Padel","url":"https:\/\/practicapadel.com\/pl\/","logo":{"@type":"ImageObject","inLanguage":"pl-PL","@id":"https:\/\/practicapadel.com\/pl\/#\/schema\/logo\/image\/","url":"https:\/\/practicapadel.com\/wp-content\/uploads\/2025\/08\/practica-padel-695x695-1.png","contentUrl":"https:\/\/practicapadel.com\/wp-content\/uploads\/2025\/08\/practica-padel-695x695-1.png","width":695,"height":695,"caption":"Practica Padel"},"image":{"@id":"https:\/\/practicapadel.com\/pl\/#\/schema\/logo\/image\/"},"description":"Practica Padel to oparte na ekspertach cyfrowe czasopismo po\u015bwi\u0119cone padlowi. Dostarczamy wiarygodne recenzje rakiet, porady treningowe i taktyczne, przewodniki po uderzeniach, wskaz\u00f3wki fitness, relacje z turniej\u00f3w, artyku\u0142y o stylu \u017cycia oraz historie graczy dla entuzjast\u00f3w padla na ca\u0142ym \u015bwiecie.","email":"thepracticapadel@gmail.com","foundingDate":"2025-05-30","numberOfEmployees":{"@type":"QuantitativeValue","minValue":"1","maxValue":"10"}},{"@type":"Person","@id":"https:\/\/practicapadel.com\/pl\/#\/schema\/person\/af64f7b6f369d9f8143409566a9a8666","name":"Practica Padel Team","image":{"@type":"ImageObject","inLanguage":"pl-PL","@id":"https:\/\/secure.gravatar.com\/avatar\/5b00b8a0294a5ffc79b628cac1f1bedf7802f97bc10a75d3c2065bfb3e5d55d7?s=96&d=mm&r=g","url":"https:\/\/secure.gravatar.com\/avatar\/5b00b8a0294a5ffc79b628cac1f1bedf7802f97bc10a75d3c2065bfb3e5d55d7?s=96&d=mm&r=g","contentUrl":"https:\/\/secure.gravatar.com\/avatar\/5b00b8a0294a5ffc79b628cac1f1bedf7802f97bc10a75d3c2065bfb3e5d55d7?s=96&d=mm&r=g","caption":"Practica Padel Team"},"description":"Specialists in curating insights from padel coaches, professional players, and trusted reviewers. Our goal is to make expert knowledge easy to understand and accessible for every player.","sameAs":["http:\/\/practicapadel.com"],"knowsAbout":["Padel racket reviews","Padel training","Sports journalism","Equipment analysis","Data structuring","Knowledge curation","PHP","Javascript","Webdesign"],"knowsLanguage":["Danish","English","French","German","Italian","Spanish","Swedish","Dutch","Greek","Norwegian (Bokm\u00e5l)","Polish","Portuguese","Estonian","Finnish"],"jobTitle":"Editorial Team","worksFor":"Practica Padel","url":"https:\/\/practicapadel.com\/pl\/author\/practica-padel-team\/"}]}},"_links":{"self":[{"href":"https:\/\/practicapadel.com\/pl\/wp-json\/wp\/v2\/posts\/226273","targetHints":{"allow":["GET"]}}],"collection":[{"href":"https:\/\/practicapadel.com\/pl\/wp-json\/wp\/v2\/posts"}],"about":[{"href":"https:\/\/practicapadel.com\/pl\/wp-json\/wp\/v2\/types\/post"}],"author":[{"embeddable":true,"href":"https:\/\/practicapadel.com\/pl\/wp-json\/wp\/v2\/users\/1"}],"replies":[{"embeddable":true,"href":"https:\/\/practicapadel.com\/pl\/wp-json\/wp\/v2\/comments?post=226273"}],"version-history":[{"count":2,"href":"https:\/\/practicapadel.com\/pl\/wp-json\/wp\/v2\/posts\/226273\/revisions"}],"predecessor-version":[{"id":226429,"href":"https:\/\/practicapadel.com\/pl\/wp-json\/wp\/v2\/posts\/226273\/revisions\/226429"}],"wp:featuredmedia":[{"embeddable":true,"href":"https:\/\/practicapadel.com\/pl\/wp-json\/wp\/v2\/media\/226430"}],"wp:attachment":[{"href":"https:\/\/practicapadel.com\/pl\/wp-json\/wp\/v2\/media?parent=226273"}],"wp:term":[{"taxonomy":"category","embeddable":true,"href":"https:\/\/practicapadel.com\/pl\/wp-json\/wp\/v2\/categories?post=226273"},{"taxonomy":"post_tag","embeddable":true,"href":"https:\/\/practicapadel.com\/pl\/wp-json\/wp\/v2\/tags?post=226273"},{"taxonomy":"youtube-channel","embeddable":true,"href":"https:\/\/practicapadel.com\/pl\/wp-json\/wp\/v2\/youtube-channel?post=226273"}],"curies":[{"name":"wp","href":"https:\/\/api.w.org\/{rel}","templated":true}]}}