{"id":216701,"date":"2026-01-19T05:02:02","date_gmt":"2026-01-19T05:02:02","guid":{"rendered":"https:\/\/practicapadel.com\/juan-tello-on-new-beginnings-and-tough-choices-in-pro-padel\/"},"modified":"2026-01-19T05:22:01","modified_gmt":"2026-01-19T05:22:01","slug":"juan-tello-novos-comecos-escolhas-dificeis-padel-profissional","status":"publish","type":"post","link":"https:\/\/practicapadel.com\/pt-pt\/entrevistas-jogadores-profissionais\/juan-tello-novos-comecos-escolhas-dificeis-padel-profissional\/","title":{"rendered":"Juan Tello sobre novos come\u00e7os e escolhas dif\u00edceis no padel profissional"},"content":{"rendered":"<h2>Juan Tello reflete sobre um ano desafiante e mudan\u00e7as de parceria<\/h2>\n<p>O entrevistador do the4Set senta-se com <strong>Juan \u201cEl Gato\u201d Tello<\/strong> para falar sobre um per\u00edodo turbulento na sua carreira profissional de padel, focando-se na recente parceria com <strong>Tino Libaak<\/strong> e a separa\u00e7\u00e3o que se seguiu. Tello partilha abertamente que o \u00faltimo ano foi dos mais dif\u00edceis, marcado por falta de confian\u00e7a e dificuldades dentro e fora do campo. Explica que, apesar dos esfor\u00e7os, teve dificuldade em encontrar harmonia com o parceiro, o que afetou o seu bem-estar e rendimento.<\/p>\n<p>Tello salienta a import\u00e2ncia do treino di\u00e1rio e do aspeto mental do desporto. Descreve como a incapacidade de &#8220;encaixar&#8221; com o parceiro levou a d\u00favidas e a uma quebra significativa de forma. O dia a dia, mais do que os pr\u00f3prios torneios, tornou-se uma fonte de frustra\u00e7\u00e3o e introspe\u00e7\u00e3o.<\/p>\n<h2>O entusiasmo e a promessa de jogar com Tino Libaak<\/h2>\n<p>Quando Tello se juntou a <strong>Tino Libaak<\/strong>, sentiu-se cheio de otimismo. Destaca o potencial not\u00e1vel de Libaak, referindo que, com apenas <strong>19 anos<\/strong>, j\u00e1 tinha as compet\u00eancias e mentalidade para desafiar os melhores do mundo. Tello j\u00e1 tinha enfrentado Libaak v\u00e1rias vezes como advers\u00e1rio e ficou sempre impressionado com as suas capacidades e resultados.<\/p>\n<p>O que mais destacou em Libaak foi a sua <strong>humildade<\/strong> e <strong>maturidade<\/strong>\u2014caracter\u00edsticas raras num atleta t\u00e3o jovem. O entrevistador do canal nota que Tello criou uma verdadeira amizade por Libaak, tornando a separa\u00e7\u00e3o ainda mais dif\u00edcil. Tello acredita claramente que Libaak tem tudo para ser o n\u00famero um mundial no futuro.<\/p>\n<h2>Avaliar o potencial: ser\u00e1 que Tello e Libaak podem chegar ao n\u00famero um mundial?<\/h2>\n<p>O entrevistador questiona se Tello se v\u00ea a si ou a Libaak a chegar ao topo do ranking do padel. Tello mostra-se confiante de que ambos t\u00eam potencial, desde que mantenham consist\u00eancia e controlo emocional durante os jogos. Salienta a import\u00e2ncia da <strong>regularidade<\/strong> e <strong>gest\u00e3o emocional<\/strong>\u2014qualidades que continua a trabalhar.<\/p>\n<p>No entanto, Tello reconhece tamb\u00e9m o papel fundamental do parceiro para atingir esses objetivos. Acredita que, com o colega certo e se ambos partilharem a mesma ambi\u00e7\u00e3o e estabilidade, chegar ao n\u00famero um \u00e9 perfeitamente poss\u00edvel.<\/p>\n<h2>A dif\u00edcil decis\u00e3o de mudar de parceiro e juntar-se a Mart\u00edn Di Nenno<\/h2>\n<p>O canal detalha o momento de viragem quando <strong>Mart\u00edn Di Nenno<\/strong> contactou Tello com a proposta de formar uma nova dupla. Tello descreve o momento como agridoce: ele e Libaak tinham come\u00e7ado a obter bons resultados, chegando a quartos-de-final e meias-finais em torneios recentes. Apesar deste progresso, a oportunidade de jogar com Di Nenno\u2014que traz muita experi\u00eancia e pontos de ranking\u2014foi demasiado importante para ignorar.<\/p>\n<p>Tello admite que a decis\u00e3o n\u00e3o foi apenas desportiva. O la\u00e7o pessoal que criou com Libaak tornou a separa\u00e7\u00e3o emocionalmente dif\u00edcil. No entanto, as vantagens pr\u00e1ticas de se juntar a Di Nenno, como garantir um lugar entre as oito melhores duplas e a possibilidade de competir como cabe\u00e7a de s\u00e9rie, acabaram por pesar mais.<\/p>\n<ul>\n<li><strong>Resultados recentes com Libaak:<\/strong> Quartos-de-final e meias-finais em torneios importantes<\/li>\n<li><strong>Nova parceria:<\/strong> Mart\u00edn Di Nenno, com mais ranking e experi\u00eancia<\/li>\n<li><strong>Motiva\u00e7\u00e3o principal:<\/strong> Manter-se entre as oito melhores duplas de elite<\/li>\n<\/ul>\n<h2>Comparar din\u00e2micas: Tello\u2013Libaak versus Tello\u2013Di Nenno<\/h2>\n<p>O entrevistador do The4Set pede a Tello para comparar as experi\u00eancias com Libaak e Di Nenno. Tello descreve Libaak como algu\u00e9m que traz \u201cenergia e imprevisibilidade\u201d ao campo, reflexo da sua juventude e estilo destemido. Isto por vezes resultava em exibi\u00e7\u00f5es irregulares, com momentos de brilhantismo misturados com alguma inconsist\u00eancia. Tello via o seu papel como uma influ\u00eancia calmante, ajudando a estabilizar a dupla em situa\u00e7\u00f5es tensas.<\/p>\n<p>Por outro lado, Di Nenno, com <strong>28 anos<\/strong>, oferece maior estabilidade e muita experi\u00eancia competitiva. Tello espera que a maturidade de ambos resulte numa abordagem mais serena e estrat\u00e9gica aos jogos. Outra vantagem \u00e9 que agora ambos vivem em Madrid, podendo treinar juntos diariamente\u2014algo que n\u00e3o era poss\u00edvel com Libaak.<\/p>\n<ul>\n<li><strong>Pontos fortes de Libaak:<\/strong> Energia jovem, imprevisibilidade, capacidade ofensiva<\/li>\n<li><strong>Pontos fortes de Di Nenno:<\/strong> Experi\u00eancia, consist\u00eancia, maturidade estrat\u00e9gica<\/li>\n<li><strong>Benef\u00edcios do treino:<\/strong> Sess\u00f5es di\u00e1rias em Madrid para adapta\u00e7\u00e3o mais r\u00e1pida<\/li>\n<\/ul>\n<h2>A import\u00e2ncia das rela\u00e7\u00f5es pessoais no padel profissional<\/h2>\n<p>Tello destaca a import\u00e2ncia das rela\u00e7\u00f5es fora do campo para construir uma parceria de sucesso. Acredita que, embora seja teoricamente poss\u00edvel separar sentimentos pessoais da colabora\u00e7\u00e3o profissional, ter uma boa rela\u00e7\u00e3o com o parceiro \u00e9 uma grande vantagem. Comunica\u00e7\u00e3o aberta e capacidade de discutir assuntos de forma franca s\u00e3o, na sua opini\u00e3o, essenciais para o sucesso a longo prazo.<\/p>\n<p>Esta abordagem madura, sugere Tello, \u00e9 algo que partilha com Di Nenno, o que o deixa otimista para o futuro da dupla. O entrevistador nota que as reflex\u00f5es de Tello revelam um jogador que valoriza tanto o lado desportivo como o humano do padel profissional.<\/p>\n<h2>Pontos-chave da jornada de Tello e da entrevista ao the4Set<\/h2>\n<ul>\n<li><strong>Tello viveu um ano dif\u00edcil marcado por d\u00favidas e desafios nas parcerias.<\/strong><\/li>\n<li><strong>A parceria com Tino Libaak foi cheia de esperan\u00e7a e acredita que Libaak pode ser n\u00famero um mundial.<\/strong><\/li>\n<li><strong>A decis\u00e3o de se juntar a Mart\u00edn Di Nenno foi motivada tanto pela ambi\u00e7\u00e3o desportiva como por raz\u00f5es pr\u00e1ticas.<\/strong><\/li>\n<li><strong>Tello valoriza estabilidade emocional, comunica\u00e7\u00e3o aberta e treino di\u00e1rio como chaves para o sucesso.<\/strong><\/li>\n<li><strong>A nova parceria com Di Nenno oferece experi\u00eancia, consist\u00eancia e a oportunidade de competir ao mais alto n\u00edvel.<\/strong><\/li>\n<\/ul>\n<p>A entrevista no the4Set oferece um olhar raro e honesto sobre os fatores emocionais e estrat\u00e9gicos que influenciam as decis\u00f5es de parceria no topo do padel profissional. A jornada de Tello sublinha a complexidade do desporto, onde o crescimento pessoal e a din\u00e2mica de equipa s\u00e3o t\u00e3o importantes como a t\u00e9cnica.<\/p>\n","protected":false},"excerpt":{"rendered":"<p>Juan Tello partilha os desafios emocionais e profissionais de mudar de parceiro no padel de elite. Entre momentos de d\u00favida e o entusiasmo de novas colabora\u00e7\u00f5es, revela os fatores pessoais e desportivos que influenciaram as suas decis\u00f5es recentes. Descobre como Tello gere a complexidade do trabalho em equipa, ambi\u00e7\u00e3o e crescimento pessoal na sua jornada pelo circuito profissional.<\/p>\n","protected":false},"author":1,"featured_media":216871,"comment_status":"closed","ping_status":"closed","sticky":false,"template":"","format":"standard","meta":{"_acf_changed":false,"footnotes":""},"categories":[545],"tags":[],"youtube-channel":[435],"class_list":["post-216701","post","type-post","status-publish","format-standard","has-post-thumbnail","hentry","category-entrevistas-jogadores-profissionais","generate-columns","tablet-grid-50","mobile-grid-100","grid-parent","grid-33"],"acf":[],"yoast_head":"<!-- This site is optimized with the Yoast SEO Premium plugin v27.4 (Yoast SEO v27.4) - https:\/\/yoast.com\/product\/yoast-seo-premium-wordpress\/ -->\n<title>Entrevista a Juan Tello: novas parcerias e escolhas de carreira no padel<\/title>\n<meta name=\"description\" content=\"Descobre as opini\u00f5es de Juan Tello sobre mudan\u00e7as de parceiro, desafios mentais e as chaves do sucesso no padel profissional ap\u00f3s um ano de decis\u00f5es dif\u00edceis.\" \/>\n<meta name=\"robots\" content=\"index, follow, max-snippet:-1, max-image-preview:large, max-video-preview:-1\" \/>\n<link rel=\"canonical\" href=\"https:\/\/practicapadel.com\/pt-pt\/entrevistas-jogadores-profissionais\/juan-tello-novos-comecos-escolhas-dificeis-padel-profissional\/\" \/>\n<meta property=\"og:locale\" content=\"pt_PT\" \/>\n<meta property=\"og:type\" content=\"article\" \/>\n<meta property=\"og:title\" content=\"Juan Tello sobre novos come\u00e7os e escolhas dif\u00edceis no padel profissional\" \/>\n<meta property=\"og:description\" content=\"Descobre as opini\u00f5es de Juan Tello sobre mudan\u00e7as de parceiro, desafios mentais e as chaves do sucesso no padel profissional ap\u00f3s um ano de decis\u00f5es dif\u00edceis.\" \/>\n<meta property=\"og:url\" content=\"https:\/\/practicapadel.com\/pt-pt\/entrevistas-jogadores-profissionais\/juan-tello-novos-comecos-escolhas-dificeis-padel-profissional\/\" \/>\n<meta property=\"og:site_name\" content=\"Practica Padel\" \/>\n<meta property=\"article:published_time\" content=\"2026-01-19T05:02:02+00:00\" \/>\n<meta property=\"article:modified_time\" content=\"2026-01-19T05:22:01+00:00\" \/>\n<meta property=\"og:image\" content=\"https:\/\/practicapadel.com\/wp-content\/uploads\/2026\/01\/juan-tello-parcerias-padel.png\" \/>\n\t<meta property=\"og:image:width\" content=\"1200\" \/>\n\t<meta property=\"og:image:height\" content=\"900\" \/>\n\t<meta property=\"og:image:type\" content=\"image\/png\" \/>\n<meta name=\"author\" content=\"Practica Padel Team\" \/>\n<meta name=\"twitter:card\" content=\"summary_large_image\" \/>\n<meta name=\"twitter:label1\" content=\"Escrito por\" \/>\n\t<meta name=\"twitter:data1\" content=\"Practica Padel Team\" \/>\n\t<meta name=\"twitter:label2\" content=\"Tempo estimado de leitura\" \/>\n\t<meta name=\"twitter:data2\" content=\"5 minutos\" \/>\n<script type=\"application\/ld+json\" class=\"yoast-schema-graph\">{\"@context\":\"https:\\\/\\\/schema.org\",\"@graph\":[{\"@type\":\"Article\",\"@id\":\"https:\\\/\\\/practicapadel.com\\\/pt-pt\\\/entrevistas-jogadores-profissionais\\\/juan-tello-novos-comecos-escolhas-dificeis-padel-profissional\\\/#article\",\"isPartOf\":{\"@id\":\"https:\\\/\\\/practicapadel.com\\\/pt-pt\\\/entrevistas-jogadores-profissionais\\\/juan-tello-novos-comecos-escolhas-dificeis-padel-profissional\\\/\"},\"author\":{\"name\":\"Practica Padel Team\",\"@id\":\"https:\\\/\\\/practicapadel.com\\\/pt-pt\\\/#\\\/schema\\\/person\\\/af64f7b6f369d9f8143409566a9a8666\"},\"headline\":\"Juan Tello sobre novos come\u00e7os e escolhas dif\u00edceis no padel profissional\",\"datePublished\":\"2026-01-19T05:02:02+00:00\",\"dateModified\":\"2026-01-19T05:22:01+00:00\",\"mainEntityOfPage\":{\"@id\":\"https:\\\/\\\/practicapadel.com\\\/pt-pt\\\/entrevistas-jogadores-profissionais\\\/juan-tello-novos-comecos-escolhas-dificeis-padel-profissional\\\/\"},\"wordCount\":1037,\"publisher\":{\"@id\":\"https:\\\/\\\/practicapadel.com\\\/pt-pt\\\/#organization\"},\"image\":{\"@id\":\"https:\\\/\\\/practicapadel.com\\\/pt-pt\\\/entrevistas-jogadores-profissionais\\\/juan-tello-novos-comecos-escolhas-dificeis-padel-profissional\\\/#primaryimage\"},\"thumbnailUrl\":\"https:\\\/\\\/practicapadel.com\\\/wp-content\\\/uploads\\\/2026\\\/01\\\/juan-tello-parcerias-padel.png\",\"articleSection\":[\"Entrevistas a Jogadores Profissionais\"],\"inLanguage\":\"pt-PT\"},{\"@type\":\"WebPage\",\"@id\":\"https:\\\/\\\/practicapadel.com\\\/pt-pt\\\/entrevistas-jogadores-profissionais\\\/juan-tello-novos-comecos-escolhas-dificeis-padel-profissional\\\/\",\"url\":\"https:\\\/\\\/practicapadel.com\\\/pt-pt\\\/entrevistas-jogadores-profissionais\\\/juan-tello-novos-comecos-escolhas-dificeis-padel-profissional\\\/\",\"name\":\"Entrevista a Juan Tello: novas parcerias e escolhas de carreira no padel\",\"isPartOf\":{\"@id\":\"https:\\\/\\\/practicapadel.com\\\/pt-pt\\\/#website\"},\"primaryImageOfPage\":{\"@id\":\"https:\\\/\\\/practicapadel.com\\\/pt-pt\\\/entrevistas-jogadores-profissionais\\\/juan-tello-novos-comecos-escolhas-dificeis-padel-profissional\\\/#primaryimage\"},\"image\":{\"@id\":\"https:\\\/\\\/practicapadel.com\\\/pt-pt\\\/entrevistas-jogadores-profissionais\\\/juan-tello-novos-comecos-escolhas-dificeis-padel-profissional\\\/#primaryimage\"},\"thumbnailUrl\":\"https:\\\/\\\/practicapadel.com\\\/wp-content\\\/uploads\\\/2026\\\/01\\\/juan-tello-parcerias-padel.png\",\"datePublished\":\"2026-01-19T05:02:02+00:00\",\"dateModified\":\"2026-01-19T05:22:01+00:00\",\"description\":\"Descobre as opini\u00f5es de Juan Tello sobre mudan\u00e7as de parceiro, desafios mentais e as chaves do sucesso no padel profissional ap\u00f3s um ano de decis\u00f5es dif\u00edceis.\",\"breadcrumb\":{\"@id\":\"https:\\\/\\\/practicapadel.com\\\/pt-pt\\\/entrevistas-jogadores-profissionais\\\/juan-tello-novos-comecos-escolhas-dificeis-padel-profissional\\\/#breadcrumb\"},\"inLanguage\":\"pt-PT\",\"potentialAction\":[{\"@type\":\"ReadAction\",\"target\":[\"https:\\\/\\\/practicapadel.com\\\/pt-pt\\\/entrevistas-jogadores-profissionais\\\/juan-tello-novos-comecos-escolhas-dificeis-padel-profissional\\\/\"]}]},{\"@type\":\"ImageObject\",\"inLanguage\":\"pt-PT\",\"@id\":\"https:\\\/\\\/practicapadel.com\\\/pt-pt\\\/entrevistas-jogadores-profissionais\\\/juan-tello-novos-comecos-escolhas-dificeis-padel-profissional\\\/#primaryimage\",\"url\":\"https:\\\/\\\/practicapadel.com\\\/wp-content\\\/uploads\\\/2026\\\/01\\\/juan-tello-parcerias-padel.png\",\"contentUrl\":\"https:\\\/\\\/practicapadel.com\\\/wp-content\\\/uploads\\\/2026\\\/01\\\/juan-tello-parcerias-padel.png\",\"width\":1200,\"height\":900,\"caption\":\"juan tello parcerias padel\"},{\"@type\":\"BreadcrumbList\",\"@id\":\"https:\\\/\\\/practicapadel.com\\\/pt-pt\\\/entrevistas-jogadores-profissionais\\\/juan-tello-novos-comecos-escolhas-dificeis-padel-profissional\\\/#breadcrumb\",\"itemListElement\":[{\"@type\":\"ListItem\",\"position\":1,\"name\":\"In\u00edcio\",\"item\":\"https:\\\/\\\/practicapadel.com\\\/pt-pt\\\/\"},{\"@type\":\"ListItem\",\"position\":2,\"name\":\"Entrevistas a Jogadores Profissionais\",\"item\":\"https:\\\/\\\/practicapadel.com\\\/pt-pt\\\/category\\\/entrevistas-jogadores-profissionais\\\/\"},{\"@type\":\"ListItem\",\"position\":3,\"name\":\"Juan Tello sobre novos come\u00e7os e escolhas dif\u00edceis no padel profissional\"}]},{\"@type\":\"WebSite\",\"@id\":\"https:\\\/\\\/practicapadel.com\\\/pt-pt\\\/#website\",\"url\":\"https:\\\/\\\/practicapadel.com\\\/pt-pt\\\/\",\"name\":\"Practica Padel\",\"description\":\"A sua fonte completa de equipamento de padel, treino e insights de jogadoresA sua fonte completa de equipamento de padel, treino e insights de jogadores\",\"publisher\":{\"@id\":\"https:\\\/\\\/practicapadel.com\\\/pt-pt\\\/#organization\"},\"potentialAction\":[{\"@type\":\"SearchAction\",\"target\":{\"@type\":\"EntryPoint\",\"urlTemplate\":\"https:\\\/\\\/practicapadel.com\\\/pt-pt\\\/?s={search_term_string}\"},\"query-input\":{\"@type\":\"PropertyValueSpecification\",\"valueRequired\":true,\"valueName\":\"search_term_string\"}}],\"inLanguage\":\"pt-PT\"},{\"@type\":\"Organization\",\"@id\":\"https:\\\/\\\/practicapadel.com\\\/pt-pt\\\/#organization\",\"name\":\"Practica Padel\",\"url\":\"https:\\\/\\\/practicapadel.com\\\/pt-pt\\\/\",\"logo\":{\"@type\":\"ImageObject\",\"inLanguage\":\"pt-PT\",\"@id\":\"https:\\\/\\\/practicapadel.com\\\/pt-pt\\\/#\\\/schema\\\/logo\\\/image\\\/\",\"url\":\"https:\\\/\\\/practicapadel.com\\\/wp-content\\\/uploads\\\/2025\\\/08\\\/practica-padel-695x695-1.png\",\"contentUrl\":\"https:\\\/\\\/practicapadel.com\\\/wp-content\\\/uploads\\\/2025\\\/08\\\/practica-padel-695x695-1.png\",\"width\":695,\"height\":695,\"caption\":\"Practica Padel\"},\"image\":{\"@id\":\"https:\\\/\\\/practicapadel.com\\\/pt-pt\\\/#\\\/schema\\\/logo\\\/image\\\/\"},\"description\":\"A Practica Padel \u00e9 uma revista digital baseada em especialistas e dedicada ao padel. Fornecemos an\u00e1lises fi\u00e1veis de raquetes, treino e t\u00e1tica, guias de pancadas, dicas de fitness, cobertura de torneios, artigos de lifestyle e hist\u00f3rias de jogadores para entusiastas de padel em todo o mundo.\",\"email\":\"thepracticapadel@gmail.com\",\"foundingDate\":\"2025-05-30\",\"numberOfEmployees\":{\"@type\":\"QuantitativeValue\",\"minValue\":\"1\",\"maxValue\":\"10\"}},{\"@type\":\"Person\",\"@id\":\"https:\\\/\\\/practicapadel.com\\\/pt-pt\\\/#\\\/schema\\\/person\\\/af64f7b6f369d9f8143409566a9a8666\",\"name\":\"Practica Padel Team\",\"image\":{\"@type\":\"ImageObject\",\"inLanguage\":\"pt-PT\",\"@id\":\"https:\\\/\\\/secure.gravatar.com\\\/avatar\\\/5b00b8a0294a5ffc79b628cac1f1bedf7802f97bc10a75d3c2065bfb3e5d55d7?s=96&d=mm&r=g\",\"url\":\"https:\\\/\\\/secure.gravatar.com\\\/avatar\\\/5b00b8a0294a5ffc79b628cac1f1bedf7802f97bc10a75d3c2065bfb3e5d55d7?s=96&d=mm&r=g\",\"contentUrl\":\"https:\\\/\\\/secure.gravatar.com\\\/avatar\\\/5b00b8a0294a5ffc79b628cac1f1bedf7802f97bc10a75d3c2065bfb3e5d55d7?s=96&d=mm&r=g\",\"caption\":\"Practica Padel Team\"},\"description\":\"Specialists in curating insights from padel coaches, professional players, and trusted reviewers. Our goal is to make expert knowledge easy to understand and accessible for every player.\",\"sameAs\":[\"http:\\\/\\\/practicapadel.com\"],\"knowsAbout\":[\"Padel racket reviews\",\"Padel training\",\"Sports journalism\",\"Equipment analysis\",\"Data structuring\",\"Knowledge curation\",\"PHP\",\"Javascript\",\"Webdesign\"],\"knowsLanguage\":[\"Danish\",\"English\",\"French\",\"German\",\"Italian\",\"Spanish\",\"Swedish\",\"Dutch\",\"Greek\",\"Norwegian (Bokm\u00e5l)\",\"Polish\",\"Portuguese\",\"Estonian\",\"Finnish\"],\"jobTitle\":\"Editorial Team\",\"worksFor\":\"Practica Padel\",\"url\":\"https:\\\/\\\/practicapadel.com\\\/pt-pt\\\/author\\\/practica-padel-team\\\/\"}]}<\/script>\n<!-- \/ Yoast SEO Premium plugin. -->","yoast_head_json":{"title":"Entrevista a Juan Tello: novas parcerias e escolhas de carreira no padel","description":"Descobre as opini\u00f5es de Juan Tello sobre mudan\u00e7as de parceiro, desafios mentais e as chaves do sucesso no padel profissional ap\u00f3s um ano de decis\u00f5es dif\u00edceis.","robots":{"index":"index","follow":"follow","max-snippet":"max-snippet:-1","max-image-preview":"max-image-preview:large","max-video-preview":"max-video-preview:-1"},"canonical":"https:\/\/practicapadel.com\/pt-pt\/entrevistas-jogadores-profissionais\/juan-tello-novos-comecos-escolhas-dificeis-padel-profissional\/","og_locale":"pt_PT","og_type":"article","og_title":"Juan Tello sobre novos come\u00e7os e escolhas dif\u00edceis no padel profissional","og_description":"Descobre as opini\u00f5es de Juan Tello sobre mudan\u00e7as de parceiro, desafios mentais e as chaves do sucesso no padel profissional ap\u00f3s um ano de decis\u00f5es dif\u00edceis.","og_url":"https:\/\/practicapadel.com\/pt-pt\/entrevistas-jogadores-profissionais\/juan-tello-novos-comecos-escolhas-dificeis-padel-profissional\/","og_site_name":"Practica Padel","article_published_time":"2026-01-19T05:02:02+00:00","article_modified_time":"2026-01-19T05:22:01+00:00","og_image":[{"width":1200,"height":900,"url":"https:\/\/practicapadel.com\/wp-content\/uploads\/2026\/01\/juan-tello-parcerias-padel.png","type":"image\/png"}],"author":"Practica Padel Team","twitter_card":"summary_large_image","twitter_misc":{"Escrito por":"Practica Padel Team","Tempo estimado de leitura":"5 minutos"},"schema":{"@context":"https:\/\/schema.org","@graph":[{"@type":"Article","@id":"https:\/\/practicapadel.com\/pt-pt\/entrevistas-jogadores-profissionais\/juan-tello-novos-comecos-escolhas-dificeis-padel-profissional\/#article","isPartOf":{"@id":"https:\/\/practicapadel.com\/pt-pt\/entrevistas-jogadores-profissionais\/juan-tello-novos-comecos-escolhas-dificeis-padel-profissional\/"},"author":{"name":"Practica Padel Team","@id":"https:\/\/practicapadel.com\/pt-pt\/#\/schema\/person\/af64f7b6f369d9f8143409566a9a8666"},"headline":"Juan Tello sobre novos come\u00e7os e escolhas dif\u00edceis no padel profissional","datePublished":"2026-01-19T05:02:02+00:00","dateModified":"2026-01-19T05:22:01+00:00","mainEntityOfPage":{"@id":"https:\/\/practicapadel.com\/pt-pt\/entrevistas-jogadores-profissionais\/juan-tello-novos-comecos-escolhas-dificeis-padel-profissional\/"},"wordCount":1037,"publisher":{"@id":"https:\/\/practicapadel.com\/pt-pt\/#organization"},"image":{"@id":"https:\/\/practicapadel.com\/pt-pt\/entrevistas-jogadores-profissionais\/juan-tello-novos-comecos-escolhas-dificeis-padel-profissional\/#primaryimage"},"thumbnailUrl":"https:\/\/practicapadel.com\/wp-content\/uploads\/2026\/01\/juan-tello-parcerias-padel.png","articleSection":["Entrevistas a Jogadores Profissionais"],"inLanguage":"pt-PT"},{"@type":"WebPage","@id":"https:\/\/practicapadel.com\/pt-pt\/entrevistas-jogadores-profissionais\/juan-tello-novos-comecos-escolhas-dificeis-padel-profissional\/","url":"https:\/\/practicapadel.com\/pt-pt\/entrevistas-jogadores-profissionais\/juan-tello-novos-comecos-escolhas-dificeis-padel-profissional\/","name":"Entrevista a Juan Tello: novas parcerias e escolhas de carreira no padel","isPartOf":{"@id":"https:\/\/practicapadel.com\/pt-pt\/#website"},"primaryImageOfPage":{"@id":"https:\/\/practicapadel.com\/pt-pt\/entrevistas-jogadores-profissionais\/juan-tello-novos-comecos-escolhas-dificeis-padel-profissional\/#primaryimage"},"image":{"@id":"https:\/\/practicapadel.com\/pt-pt\/entrevistas-jogadores-profissionais\/juan-tello-novos-comecos-escolhas-dificeis-padel-profissional\/#primaryimage"},"thumbnailUrl":"https:\/\/practicapadel.com\/wp-content\/uploads\/2026\/01\/juan-tello-parcerias-padel.png","datePublished":"2026-01-19T05:02:02+00:00","dateModified":"2026-01-19T05:22:01+00:00","description":"Descobre as opini\u00f5es de Juan Tello sobre mudan\u00e7as de parceiro, desafios mentais e as chaves do sucesso no padel profissional ap\u00f3s um ano de decis\u00f5es dif\u00edceis.","breadcrumb":{"@id":"https:\/\/practicapadel.com\/pt-pt\/entrevistas-jogadores-profissionais\/juan-tello-novos-comecos-escolhas-dificeis-padel-profissional\/#breadcrumb"},"inLanguage":"pt-PT","potentialAction":[{"@type":"ReadAction","target":["https:\/\/practicapadel.com\/pt-pt\/entrevistas-jogadores-profissionais\/juan-tello-novos-comecos-escolhas-dificeis-padel-profissional\/"]}]},{"@type":"ImageObject","inLanguage":"pt-PT","@id":"https:\/\/practicapadel.com\/pt-pt\/entrevistas-jogadores-profissionais\/juan-tello-novos-comecos-escolhas-dificeis-padel-profissional\/#primaryimage","url":"https:\/\/practicapadel.com\/wp-content\/uploads\/2026\/01\/juan-tello-parcerias-padel.png","contentUrl":"https:\/\/practicapadel.com\/wp-content\/uploads\/2026\/01\/juan-tello-parcerias-padel.png","width":1200,"height":900,"caption":"juan tello parcerias padel"},{"@type":"BreadcrumbList","@id":"https:\/\/practicapadel.com\/pt-pt\/entrevistas-jogadores-profissionais\/juan-tello-novos-comecos-escolhas-dificeis-padel-profissional\/#breadcrumb","itemListElement":[{"@type":"ListItem","position":1,"name":"In\u00edcio","item":"https:\/\/practicapadel.com\/pt-pt\/"},{"@type":"ListItem","position":2,"name":"Entrevistas a Jogadores Profissionais","item":"https:\/\/practicapadel.com\/pt-pt\/category\/entrevistas-jogadores-profissionais\/"},{"@type":"ListItem","position":3,"name":"Juan Tello sobre novos come\u00e7os e escolhas dif\u00edceis no padel profissional"}]},{"@type":"WebSite","@id":"https:\/\/practicapadel.com\/pt-pt\/#website","url":"https:\/\/practicapadel.com\/pt-pt\/","name":"Practica Padel","description":"A sua fonte completa de equipamento de padel, treino e insights de jogadoresA sua fonte completa de equipamento de padel, treino e insights de jogadores","publisher":{"@id":"https:\/\/practicapadel.com\/pt-pt\/#organization"},"potentialAction":[{"@type":"SearchAction","target":{"@type":"EntryPoint","urlTemplate":"https:\/\/practicapadel.com\/pt-pt\/?s={search_term_string}"},"query-input":{"@type":"PropertyValueSpecification","valueRequired":true,"valueName":"search_term_string"}}],"inLanguage":"pt-PT"},{"@type":"Organization","@id":"https:\/\/practicapadel.com\/pt-pt\/#organization","name":"Practica Padel","url":"https:\/\/practicapadel.com\/pt-pt\/","logo":{"@type":"ImageObject","inLanguage":"pt-PT","@id":"https:\/\/practicapadel.com\/pt-pt\/#\/schema\/logo\/image\/","url":"https:\/\/practicapadel.com\/wp-content\/uploads\/2025\/08\/practica-padel-695x695-1.png","contentUrl":"https:\/\/practicapadel.com\/wp-content\/uploads\/2025\/08\/practica-padel-695x695-1.png","width":695,"height":695,"caption":"Practica Padel"},"image":{"@id":"https:\/\/practicapadel.com\/pt-pt\/#\/schema\/logo\/image\/"},"description":"A Practica Padel \u00e9 uma revista digital baseada em especialistas e dedicada ao padel. Fornecemos an\u00e1lises fi\u00e1veis de raquetes, treino e t\u00e1tica, guias de pancadas, dicas de fitness, cobertura de torneios, artigos de lifestyle e hist\u00f3rias de jogadores para entusiastas de padel em todo o mundo.","email":"thepracticapadel@gmail.com","foundingDate":"2025-05-30","numberOfEmployees":{"@type":"QuantitativeValue","minValue":"1","maxValue":"10"}},{"@type":"Person","@id":"https:\/\/practicapadel.com\/pt-pt\/#\/schema\/person\/af64f7b6f369d9f8143409566a9a8666","name":"Practica Padel Team","image":{"@type":"ImageObject","inLanguage":"pt-PT","@id":"https:\/\/secure.gravatar.com\/avatar\/5b00b8a0294a5ffc79b628cac1f1bedf7802f97bc10a75d3c2065bfb3e5d55d7?s=96&d=mm&r=g","url":"https:\/\/secure.gravatar.com\/avatar\/5b00b8a0294a5ffc79b628cac1f1bedf7802f97bc10a75d3c2065bfb3e5d55d7?s=96&d=mm&r=g","contentUrl":"https:\/\/secure.gravatar.com\/avatar\/5b00b8a0294a5ffc79b628cac1f1bedf7802f97bc10a75d3c2065bfb3e5d55d7?s=96&d=mm&r=g","caption":"Practica Padel Team"},"description":"Specialists in curating insights from padel coaches, professional players, and trusted reviewers. Our goal is to make expert knowledge easy to understand and accessible for every player.","sameAs":["http:\/\/practicapadel.com"],"knowsAbout":["Padel racket reviews","Padel training","Sports journalism","Equipment analysis","Data structuring","Knowledge curation","PHP","Javascript","Webdesign"],"knowsLanguage":["Danish","English","French","German","Italian","Spanish","Swedish","Dutch","Greek","Norwegian (Bokm\u00e5l)","Polish","Portuguese","Estonian","Finnish"],"jobTitle":"Editorial Team","worksFor":"Practica Padel","url":"https:\/\/practicapadel.com\/pt-pt\/author\/practica-padel-team\/"}]}},"_links":{"self":[{"href":"https:\/\/practicapadel.com\/pt-pt\/wp-json\/wp\/v2\/posts\/216701","targetHints":{"allow":["GET"]}}],"collection":[{"href":"https:\/\/practicapadel.com\/pt-pt\/wp-json\/wp\/v2\/posts"}],"about":[{"href":"https:\/\/practicapadel.com\/pt-pt\/wp-json\/wp\/v2\/types\/post"}],"author":[{"embeddable":true,"href":"https:\/\/practicapadel.com\/pt-pt\/wp-json\/wp\/v2\/users\/1"}],"replies":[{"embeddable":true,"href":"https:\/\/practicapadel.com\/pt-pt\/wp-json\/wp\/v2\/comments?post=216701"}],"version-history":[{"count":2,"href":"https:\/\/practicapadel.com\/pt-pt\/wp-json\/wp\/v2\/posts\/216701\/revisions"}],"predecessor-version":[{"id":216870,"href":"https:\/\/practicapadel.com\/pt-pt\/wp-json\/wp\/v2\/posts\/216701\/revisions\/216870"}],"wp:featuredmedia":[{"embeddable":true,"href":"https:\/\/practicapadel.com\/pt-pt\/wp-json\/wp\/v2\/media\/216871"}],"wp:attachment":[{"href":"https:\/\/practicapadel.com\/pt-pt\/wp-json\/wp\/v2\/media?parent=216701"}],"wp:term":[{"taxonomy":"category","embeddable":true,"href":"https:\/\/practicapadel.com\/pt-pt\/wp-json\/wp\/v2\/categories?post=216701"},{"taxonomy":"post_tag","embeddable":true,"href":"https:\/\/practicapadel.com\/pt-pt\/wp-json\/wp\/v2\/tags?post=216701"},{"taxonomy":"youtube-channel","embeddable":true,"href":"https:\/\/practicapadel.com\/pt-pt\/wp-json\/wp\/v2\/youtube-channel?post=216701"}],"curies":[{"name":"wp","href":"https:\/\/api.w.org\/{rel}","templated":true}]}}