{"id":226275,"date":"2026-01-27T19:26:26","date_gmt":"2026-01-27T19:26:26","guid":{"rendered":"https:\/\/practicapadel.com\/fernando-belasteguin-on-adapting-and-shaping-padels-global-future\/"},"modified":"2026-01-27T19:50:13","modified_gmt":"2026-01-27T19:50:13","slug":"fernando-belasteguin-adaptar-moldar-futuro-global-padel","status":"publish","type":"post","link":"https:\/\/practicapadel.com\/pt-pt\/entrevistas-jogadores-profissionais\/fernando-belasteguin-adaptar-moldar-futuro-global-padel\/","title":{"rendered":"Fernando Belastegu\u00edn sobre adaptar-se e moldar o futuro global do padel"},"content":{"rendered":"<h2>Fernando \u201cBela\u201d Belastegu\u00edn reflete sobre uma carreira lend\u00e1ria e a evolu\u00e7\u00e3o do padel<\/h2>\n<p>A entrevista do canal com <strong>Fernando \u201cBela\u201d Belastegu\u00edn<\/strong> oferece uma vis\u00e3o rara e aprofundada sobre a mentalidade e o percurso do jogador mais premiado do desporto. Com <strong>16 anos como n\u00famero um do mundo<\/strong> e mais de <strong>230 t\u00edtulos de carreira<\/strong>, a hist\u00f3ria de Bela \u00e9 de crescimento org\u00e2nico, adapta\u00e7\u00e3o constante e uma paix\u00e3o profunda pelo padel. Come\u00e7ou a jogar aos 10 anos na sua cidade natal, passando rapidamente do futebol para o padel quando surgiram os primeiros campos locais. Aos 15 anos j\u00e1 competia profissionalmente, embora descreva esses primeiros anos como uma progress\u00e3o natural e n\u00e3o uma busca calculada pela grandeza.<\/p>\n<p>A mudan\u00e7a de Bela da Argentina para Espanha marcou um ponto de viragem, impulsionada pelo desejo de competir contra os melhores \u00e0 medida que o cen\u00e1rio profissional se deslocava para a Europa. Salienta que a sua longevidade no topo s\u00f3 foi poss\u00edvel gra\u00e7as \u00e0 adapta\u00e7\u00e3o constante \u2014 tanto \u00e0s exig\u00eancias em evolu\u00e7\u00e3o do desporto como \u00e0s suas pr\u00f3prias capacidades f\u00edsicas em mudan\u00e7a.<\/p>\n<h2>Adaptar-se \u00e0 mudan\u00e7a: campos, equipamento e o jogo moderno<\/h2>\n<p>Ao longo de tr\u00eas d\u00e9cadas ao mais alto n\u00edvel, Bela testemunhou \u2014 e abra\u00e7ou \u2014 mudan\u00e7as significativas no padel. Recorda-se de come\u00e7ar em <strong>campos de cimento<\/strong> e de se adaptar \u00e0 medida que as superf\u00edcies, o equipamento e o ritmo do jogo evolu\u00edram. O entrevistador destaca a filosofia de Bela: para se manter competitivo, um profissional deve antecipar e adaptar-se a cada mudan\u00e7a no desporto, desde a tecnologia dos campos at\u00e9 \u00e0 velocidade das bolas.<\/p>\n<p>Nos \u00faltimos anos, Bela nota que o jogo se tornou muito mais r\u00e1pido, com bolas mais velozes e movimentos mais din\u00e2micos. Esta acelera\u00e7\u00e3o, admite, coincidiu com o abrandamento natural dos seus pr\u00f3prios reflexos e velocidade, tornando cada vez mais desafiante manter-se no top 10. No entanto, encara estas mudan\u00e7as como inevit\u00e1veis e at\u00e9 saud\u00e1veis para a evolu\u00e7\u00e3o do padel.<\/p>\n<h2>Crescimento global do padel e a oportunidade nos Estados Unidos<\/h2>\n<p>O entrevistador explora com Bela o crescimento explosivo do padel a n\u00edvel mundial. Antes concentrado na <strong>Argentina<\/strong> e em <strong>Espanha<\/strong>, o desporto tem agora um alcance muito mais amplo. Bela atribui \u00e0 ascens\u00e3o das <strong>redes sociais<\/strong> o aumento da notoriedade global, mas sublinha que, apesar dos avan\u00e7os, o padel ainda est\u00e1 na inf\u00e2ncia em muitas regi\u00f5es.<\/p>\n<p>Focando-se nos <strong>Estados Unidos<\/strong>, Bela v\u00ea um potencial enorme, especialmente no <strong>Sul da Fl\u00f3rida<\/strong>, onde o desporto est\u00e1 a ganhar for\u00e7a. Compara o est\u00e1gio atual do padel a um beb\u00e9 que est\u00e1 apenas a come\u00e7ar a gatinhar, com um longo caminho pela frente antes de \u201ccorrer os cem metros\u201d. Ainda assim, Bela est\u00e1 confiante de que o padel ser\u00e1 um grande desporto global na pr\u00f3xima d\u00e9cada.<\/p>\n<p>Curiosamente, v\u00ea o crescimento do <strong>pickleball<\/strong> nos EUA como algo positivo, prevendo que muitos jogadores de pickleball acabar\u00e3o por transitar para o padel, acelerando ainda mais o seu crescimento. Defende clubes h\u00edbridos que ofere\u00e7am ambas as modalidades, real\u00e7ando a sua natureza complementar em vez de concorrente.<\/p>\n<h2>A marca Bela Padel e a expans\u00e3o internacional de clubes<\/h2>\n<p>Bela partilha a sua vis\u00e3o para a marca <strong>Bela Padel Center<\/strong>, que come\u00e7ou como conceito durante a pandemia e se materializou com a abertura do clube principal em Alicante. O projeto serve como \u201claborat\u00f3rio\u201d para a sua metodologia e filosofia, com planos para expandir globalmente assim que um centro de refer\u00eancia abrir em <strong>Barcelona<\/strong>.<\/p>\n<p>Sublinha a import\u00e2ncia de aprender com a experi\u00eancia \u2014 testar ideias, cometer erros e aperfei\u00e7oar o modelo antes de escalar. O objetivo final \u00e9 estabelecer Barcelona como sede e depois levar o conceito Bela Padel Center a mercados como os Estados Unidos, priorizando sempre o que \u00e9 melhor para o crescimento sustent\u00e1vel do padel.<\/p>\n<h2>Eventos de exibi\u00e7\u00e3o, Premier Padel League e o prest\u00edgio dos jogadores<\/h2>\n<p>No que toca ao panorama competitivo, Bela partilha a sua perspetiva sobre a prolifera\u00e7\u00e3o de novos formatos como a <strong>Premier Padel League (PPL)<\/strong>, <strong>Hexagon Cup<\/strong> e outros eventos de exibi\u00e7\u00e3o. Acredita que estes torneios s\u00e3o valiosos para promover o padel e atrair novos p\u00fablicos, especialmente em mercados emergentes como os EUA e a \u00cdndia.<\/p>\n<p>No entanto, Bela distingue entre o prest\u00edgio dos circuitos baseados em ranking, como o <strong>Premier Padel<\/strong>, e os incentivos financeiros dos eventos de exibi\u00e7\u00e3o. Para ele, o verdadeiro estatuto vem de ser n\u00famero um no ranking oficial, n\u00e3o de vit\u00f3rias isoladas em eventos. Apoia uma abordagem equilibrada, onde eventos de exibi\u00e7\u00e3o e de ranking coexistem para maximizar a visibilidade e credibilidade do desporto.<\/p>\n<h2>Realidades financeiras e o ecossistema profissional do padel<\/h2>\n<p>O canal aborda a economia do padel profissional e Bela faz uma an\u00e1lise franca dos ganhos dos jogadores:<\/p>\n<ul>\n<li><strong>Rank 1:<\/strong> At\u00e9 4 milh\u00f5es de d\u00f3lares por ano<\/li>\n<li><strong>Rank 10:<\/strong> Cerca de 1,5 milh\u00f5es<\/li>\n<li><strong>Ranks 11\u201320:<\/strong> De 1,5 milh\u00f5es a 800 mil d\u00f3lares<\/li>\n<li><strong>Ranks inferiores (20+):<\/strong> Valores decrescentes, com jogadores jovens a ganharem muito menos<\/li>\n<\/ul>\n<p>Refere que os pr\u00e9mios monet\u00e1rios aumentaram exponencialmente nos \u00faltimos tr\u00eas anos com o advento do Premier Padel, mas sublinha a necessidade de continuar a crescer e de uma distribui\u00e7\u00e3o justa entre jogadores e organizadores. Bela tamb\u00e9m aborda o papel dos patroc\u00ednios e das redes sociais, afirmando que a presen\u00e7a online pode ajudar, mas nada substitui o valor de vencer em campo. Incentiva os aspirantes a profissionais a focarem-se no treino e nos resultados e n\u00e3o no n\u00famero de seguidores.<\/p>\n<h2>O torneio Premier Padel de Miami e a import\u00e2ncia dos recintos cobertos<\/h2>\n<p>Bela mostra-se entusiasmado por organizar o primeiro <strong>torneio Premier Padel em Miami<\/strong>, vendo-o como um momento crucial para a expans\u00e3o do padel na Am\u00e9rica do Norte. O evento ter\u00e1 lugar no <strong>Miami Beach Convention Center<\/strong>, com capacidade para cerca de <strong>1.700 espectadores<\/strong> (1.300 nas bancadas e 400 em camarotes). Explica a decis\u00e3o de manter o torneio \u201cboutique\u201d nos primeiros anos, priorizando a qualidade e o envolvimento da comunidade em vez de uma expans\u00e3o r\u00e1pida.<\/p>\n<p>Destaca ainda as vantagens de realizar o evento em recinto coberto \u2014 eliminando problemas com vento, chuva e humidade que afetaram torneios anteriores ao ar livre em Miami. Acredita que este ambiente controlado proporcionar\u00e1 uma melhor experi\u00eancia para jogadores e adeptos, estabelecendo um padr\u00e3o para futuros eventos na regi\u00e3o.<\/p>\n<h2>Parceria com a Wilson e o futuro do equipamento de padel<\/h2>\n<p>A entrevista termina com Bela a refletir sobre a sua parceria com a <strong>Wilson<\/strong>, uma marca que admira pela lideran\u00e7a nos desportos de raquete. Est\u00e1 profundamente envolvido no desenvolvimento da sua pr\u00f3pria linha dentro da Wilson, com o objetivo de a tornar a marca n\u00famero um de padel a n\u00edvel mundial. Com mais tempo dispon\u00edvel ap\u00f3s a reforma, Bela planeia trabalhar de perto com engenheiros para aperfei\u00e7oar e expandir a sua cole\u00e7\u00e3o de produtos, garantindo que responde \u00e0s necessidades em evolu\u00e7\u00e3o dos jogadores em todo o mundo.<\/p>\n<h2>Pontos-chave das ideias de Bela sobre o futuro do padel<\/h2>\n<ul>\n<li><strong>Adaptar-se \u00e9 essencial<\/strong>: O desporto e os seus jogadores devem evoluir continuamente para se manterem competitivos.<\/li>\n<li><strong>O crescimento global est\u00e1 a acelerar<\/strong>, mas o padel ainda est\u00e1 numa fase inicial em muitos mercados, especialmente nos EUA.<\/li>\n<li><strong>Clubes h\u00edbridos e desportos complementares<\/strong> como o pickleball podem impulsionar a participa\u00e7\u00e3o e a notoriedade.<\/li>\n<li><strong>O prest\u00edgio vem dos rankings<\/strong>, n\u00e3o apenas das vit\u00f3rias em eventos ou da presen\u00e7a nas redes sociais.<\/li>\n<li><strong>O investimento em infraestruturas e eventos de qualidade<\/strong> ser\u00e1 fundamental para a expans\u00e3o sustentada do padel.<\/li>\n<\/ul>\n<p>A vis\u00e3o, experi\u00eancia e compromisso cont\u00ednuo de Bela com o desporto posicionam-no como um jogador lend\u00e1rio e uma for\u00e7a motriz no futuro global do padel.<\/p>\n","protected":false},"excerpt":{"rendered":"<p>Fernando \u201cBela\u201d Belastegu\u00edn partilha a sua perspetiva \u00fanica sobre a evolu\u00e7\u00e3o do padel, baseada em d\u00e9cadas no topo do desporto. Fala sobre a import\u00e2ncia da adapta\u00e7\u00e3o, a r\u00e1pida expans\u00e3o global do padel e a sua vis\u00e3o para o futuro da modalidade. Descubra as ideias de Bela sobre o que \u00e9 preciso para manter a relev\u00e2ncia e impulsionar o crescimento do padel.<\/p>\n","protected":false},"author":1,"featured_media":226445,"comment_status":"closed","ping_status":"closed","sticky":false,"template":"","format":"standard","meta":{"_acf_changed":false,"footnotes":""},"categories":[545],"tags":[],"youtube-channel":[285],"class_list":["post-226275","post","type-post","status-publish","format-standard","has-post-thumbnail","hentry","category-entrevistas-jogadores-profissionais","generate-columns","tablet-grid-50","mobile-grid-100","grid-parent","grid-33"],"acf":[],"yoast_head":"<!-- This site is optimized with the Yoast SEO Premium plugin v27.4 (Yoast SEO v27.4) - https:\/\/yoast.com\/product\/yoast-seo-premium-wordpress\/ -->\n<title>Fernando Belastegu\u00edn: evolu\u00e7\u00e3o, crescimento global e futuro do padel<\/title>\n<meta name=\"description\" content=\"Descubra as ideias de Fernando Belastegu\u00edn sobre adapta\u00e7\u00e3o, evolu\u00e7\u00e3o, crescimento global e o futuro do padel nos EUA e no mundo.\" \/>\n<meta name=\"robots\" content=\"index, follow, max-snippet:-1, max-image-preview:large, max-video-preview:-1\" \/>\n<link rel=\"canonical\" href=\"https:\/\/practicapadel.com\/pt-pt\/entrevistas-jogadores-profissionais\/fernando-belasteguin-adaptar-moldar-futuro-global-padel\/\" \/>\n<meta property=\"og:locale\" content=\"pt_PT\" \/>\n<meta property=\"og:type\" content=\"article\" \/>\n<meta property=\"og:title\" content=\"Fernando Belastegu\u00edn sobre adaptar-se e moldar o futuro global do padel\" \/>\n<meta property=\"og:description\" content=\"Descubra as ideias de Fernando Belastegu\u00edn sobre adapta\u00e7\u00e3o, evolu\u00e7\u00e3o, crescimento global e o futuro do padel nos EUA e no mundo.\" \/>\n<meta property=\"og:url\" content=\"https:\/\/practicapadel.com\/pt-pt\/entrevistas-jogadores-profissionais\/fernando-belasteguin-adaptar-moldar-futuro-global-padel\/\" \/>\n<meta property=\"og:site_name\" content=\"Practica Padel\" \/>\n<meta property=\"article:published_time\" content=\"2026-01-27T19:26:26+00:00\" \/>\n<meta property=\"article:modified_time\" content=\"2026-01-27T19:50:13+00:00\" \/>\n<meta property=\"og:image\" content=\"https:\/\/practicapadel.com\/wp-content\/uploads\/2026\/01\/fernando-belasteguin-lenda-padel.png\" \/>\n\t<meta property=\"og:image:width\" content=\"1200\" \/>\n\t<meta property=\"og:image:height\" content=\"900\" \/>\n\t<meta property=\"og:image:type\" content=\"image\/png\" \/>\n<meta name=\"author\" content=\"Practica Padel Team\" \/>\n<meta name=\"twitter:card\" content=\"summary_large_image\" \/>\n<meta name=\"twitter:label1\" content=\"Escrito por\" \/>\n\t<meta name=\"twitter:data1\" content=\"Practica Padel Team\" \/>\n\t<meta name=\"twitter:label2\" content=\"Tempo estimado de leitura\" \/>\n\t<meta name=\"twitter:data2\" content=\"7 minutos\" \/>\n<script type=\"application\/ld+json\" class=\"yoast-schema-graph\">{\"@context\":\"https:\\\/\\\/schema.org\",\"@graph\":[{\"@type\":\"Article\",\"@id\":\"https:\\\/\\\/practicapadel.com\\\/pt-pt\\\/entrevistas-jogadores-profissionais\\\/fernando-belasteguin-adaptar-moldar-futuro-global-padel\\\/#article\",\"isPartOf\":{\"@id\":\"https:\\\/\\\/practicapadel.com\\\/pt-pt\\\/entrevistas-jogadores-profissionais\\\/fernando-belasteguin-adaptar-moldar-futuro-global-padel\\\/\"},\"author\":{\"name\":\"Practica Padel Team\",\"@id\":\"https:\\\/\\\/practicapadel.com\\\/pt-pt\\\/#\\\/schema\\\/person\\\/af64f7b6f369d9f8143409566a9a8666\"},\"headline\":\"Fernando Belastegu\u00edn sobre adaptar-se e moldar o futuro global do padel\",\"datePublished\":\"2026-01-27T19:26:26+00:00\",\"dateModified\":\"2026-01-27T19:50:13+00:00\",\"mainEntityOfPage\":{\"@id\":\"https:\\\/\\\/practicapadel.com\\\/pt-pt\\\/entrevistas-jogadores-profissionais\\\/fernando-belasteguin-adaptar-moldar-futuro-global-padel\\\/\"},\"wordCount\":1341,\"publisher\":{\"@id\":\"https:\\\/\\\/practicapadel.com\\\/pt-pt\\\/#organization\"},\"image\":{\"@id\":\"https:\\\/\\\/practicapadel.com\\\/pt-pt\\\/entrevistas-jogadores-profissionais\\\/fernando-belasteguin-adaptar-moldar-futuro-global-padel\\\/#primaryimage\"},\"thumbnailUrl\":\"https:\\\/\\\/practicapadel.com\\\/wp-content\\\/uploads\\\/2026\\\/01\\\/fernando-belasteguin-lenda-padel.png\",\"articleSection\":[\"Entrevistas a Jogadores Profissionais\"],\"inLanguage\":\"pt-PT\"},{\"@type\":\"WebPage\",\"@id\":\"https:\\\/\\\/practicapadel.com\\\/pt-pt\\\/entrevistas-jogadores-profissionais\\\/fernando-belasteguin-adaptar-moldar-futuro-global-padel\\\/\",\"url\":\"https:\\\/\\\/practicapadel.com\\\/pt-pt\\\/entrevistas-jogadores-profissionais\\\/fernando-belasteguin-adaptar-moldar-futuro-global-padel\\\/\",\"name\":\"Fernando Belastegu\u00edn: evolu\u00e7\u00e3o, crescimento global e futuro do padel\",\"isPartOf\":{\"@id\":\"https:\\\/\\\/practicapadel.com\\\/pt-pt\\\/#website\"},\"primaryImageOfPage\":{\"@id\":\"https:\\\/\\\/practicapadel.com\\\/pt-pt\\\/entrevistas-jogadores-profissionais\\\/fernando-belasteguin-adaptar-moldar-futuro-global-padel\\\/#primaryimage\"},\"image\":{\"@id\":\"https:\\\/\\\/practicapadel.com\\\/pt-pt\\\/entrevistas-jogadores-profissionais\\\/fernando-belasteguin-adaptar-moldar-futuro-global-padel\\\/#primaryimage\"},\"thumbnailUrl\":\"https:\\\/\\\/practicapadel.com\\\/wp-content\\\/uploads\\\/2026\\\/01\\\/fernando-belasteguin-lenda-padel.png\",\"datePublished\":\"2026-01-27T19:26:26+00:00\",\"dateModified\":\"2026-01-27T19:50:13+00:00\",\"description\":\"Descubra as ideias de Fernando Belastegu\u00edn sobre adapta\u00e7\u00e3o, evolu\u00e7\u00e3o, crescimento global e o futuro do padel nos EUA e no mundo.\",\"breadcrumb\":{\"@id\":\"https:\\\/\\\/practicapadel.com\\\/pt-pt\\\/entrevistas-jogadores-profissionais\\\/fernando-belasteguin-adaptar-moldar-futuro-global-padel\\\/#breadcrumb\"},\"inLanguage\":\"pt-PT\",\"potentialAction\":[{\"@type\":\"ReadAction\",\"target\":[\"https:\\\/\\\/practicapadel.com\\\/pt-pt\\\/entrevistas-jogadores-profissionais\\\/fernando-belasteguin-adaptar-moldar-futuro-global-padel\\\/\"]}]},{\"@type\":\"ImageObject\",\"inLanguage\":\"pt-PT\",\"@id\":\"https:\\\/\\\/practicapadel.com\\\/pt-pt\\\/entrevistas-jogadores-profissionais\\\/fernando-belasteguin-adaptar-moldar-futuro-global-padel\\\/#primaryimage\",\"url\":\"https:\\\/\\\/practicapadel.com\\\/wp-content\\\/uploads\\\/2026\\\/01\\\/fernando-belasteguin-lenda-padel.png\",\"contentUrl\":\"https:\\\/\\\/practicapadel.com\\\/wp-content\\\/uploads\\\/2026\\\/01\\\/fernando-belasteguin-lenda-padel.png\",\"width\":1200,\"height\":900,\"caption\":\"fernando belasteguin lenda padel\"},{\"@type\":\"BreadcrumbList\",\"@id\":\"https:\\\/\\\/practicapadel.com\\\/pt-pt\\\/entrevistas-jogadores-profissionais\\\/fernando-belasteguin-adaptar-moldar-futuro-global-padel\\\/#breadcrumb\",\"itemListElement\":[{\"@type\":\"ListItem\",\"position\":1,\"name\":\"In\u00edcio\",\"item\":\"https:\\\/\\\/practicapadel.com\\\/pt-pt\\\/\"},{\"@type\":\"ListItem\",\"position\":2,\"name\":\"Entrevistas a Jogadores Profissionais\",\"item\":\"https:\\\/\\\/practicapadel.com\\\/pt-pt\\\/category\\\/entrevistas-jogadores-profissionais\\\/\"},{\"@type\":\"ListItem\",\"position\":3,\"name\":\"Fernando Belastegu\u00edn sobre adaptar-se e moldar o futuro global do padel\"}]},{\"@type\":\"WebSite\",\"@id\":\"https:\\\/\\\/practicapadel.com\\\/pt-pt\\\/#website\",\"url\":\"https:\\\/\\\/practicapadel.com\\\/pt-pt\\\/\",\"name\":\"Practica Padel\",\"description\":\"A sua fonte completa de equipamento de padel, treino e insights de jogadoresA sua fonte completa de equipamento de padel, treino e insights de jogadores\",\"publisher\":{\"@id\":\"https:\\\/\\\/practicapadel.com\\\/pt-pt\\\/#organization\"},\"potentialAction\":[{\"@type\":\"SearchAction\",\"target\":{\"@type\":\"EntryPoint\",\"urlTemplate\":\"https:\\\/\\\/practicapadel.com\\\/pt-pt\\\/?s={search_term_string}\"},\"query-input\":{\"@type\":\"PropertyValueSpecification\",\"valueRequired\":true,\"valueName\":\"search_term_string\"}}],\"inLanguage\":\"pt-PT\"},{\"@type\":\"Organization\",\"@id\":\"https:\\\/\\\/practicapadel.com\\\/pt-pt\\\/#organization\",\"name\":\"Practica Padel\",\"url\":\"https:\\\/\\\/practicapadel.com\\\/pt-pt\\\/\",\"logo\":{\"@type\":\"ImageObject\",\"inLanguage\":\"pt-PT\",\"@id\":\"https:\\\/\\\/practicapadel.com\\\/pt-pt\\\/#\\\/schema\\\/logo\\\/image\\\/\",\"url\":\"https:\\\/\\\/practicapadel.com\\\/wp-content\\\/uploads\\\/2025\\\/08\\\/practica-padel-695x695-1.png\",\"contentUrl\":\"https:\\\/\\\/practicapadel.com\\\/wp-content\\\/uploads\\\/2025\\\/08\\\/practica-padel-695x695-1.png\",\"width\":695,\"height\":695,\"caption\":\"Practica Padel\"},\"image\":{\"@id\":\"https:\\\/\\\/practicapadel.com\\\/pt-pt\\\/#\\\/schema\\\/logo\\\/image\\\/\"},\"description\":\"A Practica Padel \u00e9 uma revista digital baseada em especialistas e dedicada ao padel. Fornecemos an\u00e1lises fi\u00e1veis de raquetes, treino e t\u00e1tica, guias de pancadas, dicas de fitness, cobertura de torneios, artigos de lifestyle e hist\u00f3rias de jogadores para entusiastas de padel em todo o mundo.\",\"email\":\"thepracticapadel@gmail.com\",\"foundingDate\":\"2025-05-30\",\"numberOfEmployees\":{\"@type\":\"QuantitativeValue\",\"minValue\":\"1\",\"maxValue\":\"10\"}},{\"@type\":\"Person\",\"@id\":\"https:\\\/\\\/practicapadel.com\\\/pt-pt\\\/#\\\/schema\\\/person\\\/af64f7b6f369d9f8143409566a9a8666\",\"name\":\"Practica Padel Team\",\"image\":{\"@type\":\"ImageObject\",\"inLanguage\":\"pt-PT\",\"@id\":\"https:\\\/\\\/secure.gravatar.com\\\/avatar\\\/5b00b8a0294a5ffc79b628cac1f1bedf7802f97bc10a75d3c2065bfb3e5d55d7?s=96&d=mm&r=g\",\"url\":\"https:\\\/\\\/secure.gravatar.com\\\/avatar\\\/5b00b8a0294a5ffc79b628cac1f1bedf7802f97bc10a75d3c2065bfb3e5d55d7?s=96&d=mm&r=g\",\"contentUrl\":\"https:\\\/\\\/secure.gravatar.com\\\/avatar\\\/5b00b8a0294a5ffc79b628cac1f1bedf7802f97bc10a75d3c2065bfb3e5d55d7?s=96&d=mm&r=g\",\"caption\":\"Practica Padel Team\"},\"description\":\"Specialists in curating insights from padel coaches, professional players, and trusted reviewers. Our goal is to make expert knowledge easy to understand and accessible for every player.\",\"sameAs\":[\"http:\\\/\\\/practicapadel.com\"],\"knowsAbout\":[\"Padel racket reviews\",\"Padel training\",\"Sports journalism\",\"Equipment analysis\",\"Data structuring\",\"Knowledge curation\",\"PHP\",\"Javascript\",\"Webdesign\"],\"knowsLanguage\":[\"Danish\",\"English\",\"French\",\"German\",\"Italian\",\"Spanish\",\"Swedish\",\"Dutch\",\"Greek\",\"Norwegian (Bokm\u00e5l)\",\"Polish\",\"Portuguese\",\"Estonian\",\"Finnish\"],\"jobTitle\":\"Editorial Team\",\"worksFor\":\"Practica Padel\",\"url\":\"https:\\\/\\\/practicapadel.com\\\/pt-pt\\\/author\\\/practica-padel-team\\\/\"}]}<\/script>\n<!-- \/ Yoast SEO Premium plugin. -->","yoast_head_json":{"title":"Fernando Belastegu\u00edn: evolu\u00e7\u00e3o, crescimento global e futuro do padel","description":"Descubra as ideias de Fernando Belastegu\u00edn sobre adapta\u00e7\u00e3o, evolu\u00e7\u00e3o, crescimento global e o futuro do padel nos EUA e no mundo.","robots":{"index":"index","follow":"follow","max-snippet":"max-snippet:-1","max-image-preview":"max-image-preview:large","max-video-preview":"max-video-preview:-1"},"canonical":"https:\/\/practicapadel.com\/pt-pt\/entrevistas-jogadores-profissionais\/fernando-belasteguin-adaptar-moldar-futuro-global-padel\/","og_locale":"pt_PT","og_type":"article","og_title":"Fernando Belastegu\u00edn sobre adaptar-se e moldar o futuro global do padel","og_description":"Descubra as ideias de Fernando Belastegu\u00edn sobre adapta\u00e7\u00e3o, evolu\u00e7\u00e3o, crescimento global e o futuro do padel nos EUA e no mundo.","og_url":"https:\/\/practicapadel.com\/pt-pt\/entrevistas-jogadores-profissionais\/fernando-belasteguin-adaptar-moldar-futuro-global-padel\/","og_site_name":"Practica Padel","article_published_time":"2026-01-27T19:26:26+00:00","article_modified_time":"2026-01-27T19:50:13+00:00","og_image":[{"width":1200,"height":900,"url":"https:\/\/practicapadel.com\/wp-content\/uploads\/2026\/01\/fernando-belasteguin-lenda-padel.png","type":"image\/png"}],"author":"Practica Padel Team","twitter_card":"summary_large_image","twitter_misc":{"Escrito por":"Practica Padel Team","Tempo estimado de leitura":"7 minutos"},"schema":{"@context":"https:\/\/schema.org","@graph":[{"@type":"Article","@id":"https:\/\/practicapadel.com\/pt-pt\/entrevistas-jogadores-profissionais\/fernando-belasteguin-adaptar-moldar-futuro-global-padel\/#article","isPartOf":{"@id":"https:\/\/practicapadel.com\/pt-pt\/entrevistas-jogadores-profissionais\/fernando-belasteguin-adaptar-moldar-futuro-global-padel\/"},"author":{"name":"Practica Padel Team","@id":"https:\/\/practicapadel.com\/pt-pt\/#\/schema\/person\/af64f7b6f369d9f8143409566a9a8666"},"headline":"Fernando Belastegu\u00edn sobre adaptar-se e moldar o futuro global do padel","datePublished":"2026-01-27T19:26:26+00:00","dateModified":"2026-01-27T19:50:13+00:00","mainEntityOfPage":{"@id":"https:\/\/practicapadel.com\/pt-pt\/entrevistas-jogadores-profissionais\/fernando-belasteguin-adaptar-moldar-futuro-global-padel\/"},"wordCount":1341,"publisher":{"@id":"https:\/\/practicapadel.com\/pt-pt\/#organization"},"image":{"@id":"https:\/\/practicapadel.com\/pt-pt\/entrevistas-jogadores-profissionais\/fernando-belasteguin-adaptar-moldar-futuro-global-padel\/#primaryimage"},"thumbnailUrl":"https:\/\/practicapadel.com\/wp-content\/uploads\/2026\/01\/fernando-belasteguin-lenda-padel.png","articleSection":["Entrevistas a Jogadores Profissionais"],"inLanguage":"pt-PT"},{"@type":"WebPage","@id":"https:\/\/practicapadel.com\/pt-pt\/entrevistas-jogadores-profissionais\/fernando-belasteguin-adaptar-moldar-futuro-global-padel\/","url":"https:\/\/practicapadel.com\/pt-pt\/entrevistas-jogadores-profissionais\/fernando-belasteguin-adaptar-moldar-futuro-global-padel\/","name":"Fernando Belastegu\u00edn: evolu\u00e7\u00e3o, crescimento global e futuro do padel","isPartOf":{"@id":"https:\/\/practicapadel.com\/pt-pt\/#website"},"primaryImageOfPage":{"@id":"https:\/\/practicapadel.com\/pt-pt\/entrevistas-jogadores-profissionais\/fernando-belasteguin-adaptar-moldar-futuro-global-padel\/#primaryimage"},"image":{"@id":"https:\/\/practicapadel.com\/pt-pt\/entrevistas-jogadores-profissionais\/fernando-belasteguin-adaptar-moldar-futuro-global-padel\/#primaryimage"},"thumbnailUrl":"https:\/\/practicapadel.com\/wp-content\/uploads\/2026\/01\/fernando-belasteguin-lenda-padel.png","datePublished":"2026-01-27T19:26:26+00:00","dateModified":"2026-01-27T19:50:13+00:00","description":"Descubra as ideias de Fernando Belastegu\u00edn sobre adapta\u00e7\u00e3o, evolu\u00e7\u00e3o, crescimento global e o futuro do padel nos EUA e no mundo.","breadcrumb":{"@id":"https:\/\/practicapadel.com\/pt-pt\/entrevistas-jogadores-profissionais\/fernando-belasteguin-adaptar-moldar-futuro-global-padel\/#breadcrumb"},"inLanguage":"pt-PT","potentialAction":[{"@type":"ReadAction","target":["https:\/\/practicapadel.com\/pt-pt\/entrevistas-jogadores-profissionais\/fernando-belasteguin-adaptar-moldar-futuro-global-padel\/"]}]},{"@type":"ImageObject","inLanguage":"pt-PT","@id":"https:\/\/practicapadel.com\/pt-pt\/entrevistas-jogadores-profissionais\/fernando-belasteguin-adaptar-moldar-futuro-global-padel\/#primaryimage","url":"https:\/\/practicapadel.com\/wp-content\/uploads\/2026\/01\/fernando-belasteguin-lenda-padel.png","contentUrl":"https:\/\/practicapadel.com\/wp-content\/uploads\/2026\/01\/fernando-belasteguin-lenda-padel.png","width":1200,"height":900,"caption":"fernando belasteguin lenda padel"},{"@type":"BreadcrumbList","@id":"https:\/\/practicapadel.com\/pt-pt\/entrevistas-jogadores-profissionais\/fernando-belasteguin-adaptar-moldar-futuro-global-padel\/#breadcrumb","itemListElement":[{"@type":"ListItem","position":1,"name":"In\u00edcio","item":"https:\/\/practicapadel.com\/pt-pt\/"},{"@type":"ListItem","position":2,"name":"Entrevistas a Jogadores Profissionais","item":"https:\/\/practicapadel.com\/pt-pt\/category\/entrevistas-jogadores-profissionais\/"},{"@type":"ListItem","position":3,"name":"Fernando Belastegu\u00edn sobre adaptar-se e moldar o futuro global do padel"}]},{"@type":"WebSite","@id":"https:\/\/practicapadel.com\/pt-pt\/#website","url":"https:\/\/practicapadel.com\/pt-pt\/","name":"Practica Padel","description":"A sua fonte completa de equipamento de padel, treino e insights de jogadoresA sua fonte completa de equipamento de padel, treino e insights de jogadores","publisher":{"@id":"https:\/\/practicapadel.com\/pt-pt\/#organization"},"potentialAction":[{"@type":"SearchAction","target":{"@type":"EntryPoint","urlTemplate":"https:\/\/practicapadel.com\/pt-pt\/?s={search_term_string}"},"query-input":{"@type":"PropertyValueSpecification","valueRequired":true,"valueName":"search_term_string"}}],"inLanguage":"pt-PT"},{"@type":"Organization","@id":"https:\/\/practicapadel.com\/pt-pt\/#organization","name":"Practica Padel","url":"https:\/\/practicapadel.com\/pt-pt\/","logo":{"@type":"ImageObject","inLanguage":"pt-PT","@id":"https:\/\/practicapadel.com\/pt-pt\/#\/schema\/logo\/image\/","url":"https:\/\/practicapadel.com\/wp-content\/uploads\/2025\/08\/practica-padel-695x695-1.png","contentUrl":"https:\/\/practicapadel.com\/wp-content\/uploads\/2025\/08\/practica-padel-695x695-1.png","width":695,"height":695,"caption":"Practica Padel"},"image":{"@id":"https:\/\/practicapadel.com\/pt-pt\/#\/schema\/logo\/image\/"},"description":"A Practica Padel \u00e9 uma revista digital baseada em especialistas e dedicada ao padel. Fornecemos an\u00e1lises fi\u00e1veis de raquetes, treino e t\u00e1tica, guias de pancadas, dicas de fitness, cobertura de torneios, artigos de lifestyle e hist\u00f3rias de jogadores para entusiastas de padel em todo o mundo.","email":"thepracticapadel@gmail.com","foundingDate":"2025-05-30","numberOfEmployees":{"@type":"QuantitativeValue","minValue":"1","maxValue":"10"}},{"@type":"Person","@id":"https:\/\/practicapadel.com\/pt-pt\/#\/schema\/person\/af64f7b6f369d9f8143409566a9a8666","name":"Practica Padel Team","image":{"@type":"ImageObject","inLanguage":"pt-PT","@id":"https:\/\/secure.gravatar.com\/avatar\/5b00b8a0294a5ffc79b628cac1f1bedf7802f97bc10a75d3c2065bfb3e5d55d7?s=96&d=mm&r=g","url":"https:\/\/secure.gravatar.com\/avatar\/5b00b8a0294a5ffc79b628cac1f1bedf7802f97bc10a75d3c2065bfb3e5d55d7?s=96&d=mm&r=g","contentUrl":"https:\/\/secure.gravatar.com\/avatar\/5b00b8a0294a5ffc79b628cac1f1bedf7802f97bc10a75d3c2065bfb3e5d55d7?s=96&d=mm&r=g","caption":"Practica Padel Team"},"description":"Specialists in curating insights from padel coaches, professional players, and trusted reviewers. Our goal is to make expert knowledge easy to understand and accessible for every player.","sameAs":["http:\/\/practicapadel.com"],"knowsAbout":["Padel racket reviews","Padel training","Sports journalism","Equipment analysis","Data structuring","Knowledge curation","PHP","Javascript","Webdesign"],"knowsLanguage":["Danish","English","French","German","Italian","Spanish","Swedish","Dutch","Greek","Norwegian (Bokm\u00e5l)","Polish","Portuguese","Estonian","Finnish"],"jobTitle":"Editorial Team","worksFor":"Practica Padel","url":"https:\/\/practicapadel.com\/pt-pt\/author\/practica-padel-team\/"}]}},"_links":{"self":[{"href":"https:\/\/practicapadel.com\/pt-pt\/wp-json\/wp\/v2\/posts\/226275","targetHints":{"allow":["GET"]}}],"collection":[{"href":"https:\/\/practicapadel.com\/pt-pt\/wp-json\/wp\/v2\/posts"}],"about":[{"href":"https:\/\/practicapadel.com\/pt-pt\/wp-json\/wp\/v2\/types\/post"}],"author":[{"embeddable":true,"href":"https:\/\/practicapadel.com\/pt-pt\/wp-json\/wp\/v2\/users\/1"}],"replies":[{"embeddable":true,"href":"https:\/\/practicapadel.com\/pt-pt\/wp-json\/wp\/v2\/comments?post=226275"}],"version-history":[{"count":2,"href":"https:\/\/practicapadel.com\/pt-pt\/wp-json\/wp\/v2\/posts\/226275\/revisions"}],"predecessor-version":[{"id":226444,"href":"https:\/\/practicapadel.com\/pt-pt\/wp-json\/wp\/v2\/posts\/226275\/revisions\/226444"}],"wp:featuredmedia":[{"embeddable":true,"href":"https:\/\/practicapadel.com\/pt-pt\/wp-json\/wp\/v2\/media\/226445"}],"wp:attachment":[{"href":"https:\/\/practicapadel.com\/pt-pt\/wp-json\/wp\/v2\/media?parent=226275"}],"wp:term":[{"taxonomy":"category","embeddable":true,"href":"https:\/\/practicapadel.com\/pt-pt\/wp-json\/wp\/v2\/categories?post=226275"},{"taxonomy":"post_tag","embeddable":true,"href":"https:\/\/practicapadel.com\/pt-pt\/wp-json\/wp\/v2\/tags?post=226275"},{"taxonomy":"youtube-channel","embeddable":true,"href":"https:\/\/practicapadel.com\/pt-pt\/wp-json\/wp\/v2\/youtube-channel?post=226275"}],"curies":[{"name":"wp","href":"https:\/\/api.w.org\/{rel}","templated":true}]}}