{"id":213804,"date":"2026-01-16T14:39:02","date_gmt":"2026-01-16T14:39:02","guid":{"rendered":"https:\/\/practicapadel.com\/padel-artiklar\/how-the-deus-brothers-became-portugals-top-padel-duo\/"},"modified":"2026-01-16T15:01:59","modified_gmt":"2026-01-16T15:01:59","slug":"hur-broderna-deus-blev-portugals-basta-padelduo","status":"publish","type":"post","link":"https:\/\/practicapadel.com\/sv\/intervjuer-med-proffsspelare\/hur-broderna-deus-blev-portugals-basta-padelduo\/","title":{"rendered":"Hur br\u00f6derna Deus blev Portugals b\u00e4sta padelduo"},"content":{"rendered":"<h2>Br\u00f6derna Deus uppg\u00e5ng inom portugisisk padel<\/h2>\n<p>Br\u00f6derna Deus, <strong>Miguel<\/strong> och <strong>Nuno<\/strong>, har snabbt etablerat sig som de b\u00e4sta padelspelarna i Portugal. Deras resa b\u00f6rjade <strong>2018<\/strong> n\u00e4r b\u00e5da gick fr\u00e5n tennis till padel, f\u00f6rst som tr\u00e4nare och sedan som t\u00e4vlingsspelare. Skaparen fr\u00e5n kanalen the4Set lyfter fram deras imponerande framsteg och noterar att de nu \u00e4r erk\u00e4nda som Portugals fr\u00e4msta par och till och med har f\u00e5tt uppm\u00e4rksamhet fr\u00e5n <strong>Cristiano Ronaldo<\/strong>, som har st\u00f6ttat dem vid stora turneringar.<\/p>\n<p>Br\u00f6dernas snabba framg\u00e5ng k\u00e4nnetecknas av starka prestationer p\u00e5 den internationella scenen. De n\u00e5dde semifinal i v\u00e4rldsm\u00e4sterskapen, tog ett set mot det starka paret <strong>Stupa och Di Nenno<\/strong> och pressade <strong>Gal\u00e1n och Chingotto<\/strong> till ett tredje set i en annan h\u00f6gt profilerad match. Dessa resultat understryker deras v\u00e4xande rykte och den respekt de f\u00e5r bland v\u00e4rldseliten.<\/p>\n<h2>Fr\u00e5n tennis till professionell padel<\/h2>\n<p>B\u00e5de Miguel och Nuno b\u00f6rjade sina idrottskarri\u00e4rer inom tennis innan de bytte till padel. Miguel var f\u00f6rst med att byta, i jakt p\u00e5 b\u00e4ttre karri\u00e4rm\u00f6jligheter som padeltr\u00e4nare. Han drogs snart in i t\u00e4vlingsspel och b\u00f6rjade delta i lokala portugisiska turneringar p\u00e5 helgerna. Nuno f\u00f6ljde efter n\u00e5gra m\u00e5nader senare, \u00e4ven om han f\u00f6rst var tveksam p\u00e5 grund av utbr\u00e4ndhet fr\u00e5n tennist\u00e4vlingar. Gradvis fann han gl\u00e4dje i padel och b\u00f6rjade t\u00e4vla tillsammans med sin bror.<\/p>\n<p>Br\u00f6derna n\u00e4mner att deras satsning blev betydligt mer professionell runt <strong>2020<\/strong>, efter pandemin. Denna f\u00f6r\u00e4ndring innebar st\u00f6rre fokus p\u00e5 fysisk f\u00f6rberedelse och ett mer strukturerat tr\u00e4ningsuppl\u00e4gg. Deras gemensamma bakgrund inom tennis har bidragit till deras tekniska f\u00e4rdigheter och taktiska f\u00f6rst\u00e5else p\u00e5 padelbanan.<\/p>\n<h2>Dynamiken att spela som syskon p\u00e5 banan<\/h2>\n<p>Skaparen utforskar den unika dynamiken mellan br\u00f6derna Deus n\u00e4r de spelar tillsammans. B\u00e5da \u00e4r \u00f6verens om att \u00e4ven om det ibland finns utmaningar, \u00f6verv\u00e4ger f\u00f6rdelarna med att t\u00e4vla som syskon nackdelarna. De betonar att gemensamma m\u00e5l och f\u00f6rst\u00e5else f\u00f6r varandras tankes\u00e4tt g\u00f6r det l\u00e4ttare att planera och genomf\u00f6ra strategier. Kommunikation \u00e4r enklare och de kan pusha varandra till h\u00f6gre prestationer.<\/p>\n<p>Utanf\u00f6r banan lever de separata liv och pratar inte mycket om padel ut\u00f6ver planering av s\u00e4song och tr\u00e4ning. P\u00e5 banan \u00e4r dock deras samspel tydligt. Br\u00f6derna medger att de ibland \u00e4r h\u00e5rdare mot varandra \u00e4n de skulle vara mot andra partners, men denna intensitet leder ofta till b\u00e4ttre resultat.<\/p>\n<h2>Positionsval och taktiska justeringar<\/h2>\n<p>En intressant aspekt som diskuteras \u00e4r deras beslut kring positioner p\u00e5 banan. Miguel, som b\u00f6rjade spela padel n\u00e5gra m\u00e5nader f\u00f6re Nuno, spelade f\u00f6rst p\u00e5 backhandsidan men gick senare \u00f6ver till h\u00f6ger. Det var ett strategiskt val: Miguel hade mer erfarenhet och var villig att anpassa sig f\u00f6r lagets b\u00e4sta, medan Nunos l\u00e4ngre l\u00e4ngd och r\u00e4ckvidd gjorde honom till ett naturligt val f\u00f6r v\u00e4nstersidan d\u00e4r r\u00e4ckvidd och kraft \u00e4r avg\u00f6rande.<\/p>\n<p>Denna flexibilitet och vilja att offra egna preferenser f\u00f6r partnerskapets framg\u00e5ng har varit avg\u00f6rande f\u00f6r deras utveckling. Br\u00f6dernas f\u00f6rm\u00e5ga att anpassa roller och ansvar utifr\u00e5n sina styrkor \u00e4r ett k\u00e4nnetecken f\u00f6r deras lagarbete.<\/p>\n<h2>Utmaning p\u00e5 banan: testa f\u00e4rdigheter mot de b\u00e4sta<\/h2>\n<p>Under videon utmanar skaparen br\u00f6derna Deus i en serie \u00f6vningar p\u00e5 banan vid Gustavo Prato Academy. Uppl\u00e4gget inkluderar tv\u00e5-mot-en-\u00f6vningar, d\u00e4r skaparen v\u00e4xlar motst\u00e5ndare och fokuserar p\u00e5 specifika taktiska scenarier, som att bara spela l\u00e5ga bollar eller l\u00e4gga vikt vid volleys. Syftet \u00e4r att testa defensiva och offensiva f\u00e4rdigheter mot spelare av h\u00f6gsta klass.<\/p>\n<p>\u00d6vningarna visar br\u00f6dernas exceptionella j\u00e4mnhet, snabbhet och taktiska medvetenhet. Skaparen noterar hur sv\u00e5rt det \u00e4r att vinna po\u00e4ng mot dem, \u00e4ven n\u00e4r reglerna anpassas f\u00f6r att begr\u00e4nsa deras alternativ. Deras f\u00f6rm\u00e5ga att s\u00e4tta press med aggressiva volleys och beh\u00e5lla lugnet under press \u00e4r s\u00e4rskilt imponerande.<\/p>\n<ul>\n<li><strong>Stabilitet:<\/strong> G\u00f6r s\u00e4llan oprovocerade misstag, \u00e4ven under press<\/li>\n<li><strong>Volleystyrka:<\/strong> Aggressiva och precisa, s\u00e4rskilt p\u00e5 backhandsidan<\/li>\n<li><strong>Defensiva f\u00e4rdigheter:<\/strong> Utm\u00e4rkt f\u00f6rutseende och r\u00f6relse<\/li>\n<li><strong>Taktisk disciplin:<\/strong> F\u00f6ljer spelplaner och anpassar sig snabbt<\/li>\n<\/ul>\n<h2>Viktiga l\u00e4rdomar fr\u00e5n br\u00f6derna Deus spelstil<\/h2>\n<p>Skaparens erfarenhet mot br\u00f6derna Deus lyfter fram flera egenskaper som s\u00e4rskiljer dem:<\/p>\n<ul>\n<li><strong>H\u00f6g fysisk f\u00f6rberedelse<\/strong> sedan 2020, med fokus p\u00e5 kondition och uth\u00e5llighet<\/li>\n<li><strong>Stark syskonsynergi<\/strong> som f\u00f6rb\u00e4ttrar kommunikation och lagarbete<\/li>\n<li><strong>Anpassningsf\u00f6rm\u00e5ga<\/strong> i positioner och taktik, maximerar varje spelares styrkor<\/li>\n<li><strong>Mental styrka<\/strong> utvecklad genom \u00e5r av t\u00e4vling i b\u00e5de tennis och padel<\/li>\n<\/ul>\n<p>Dessa egenskaper, tillsammans med deras tekniska f\u00e4rdigheter och obevekliga arbetsmoral, har f\u00f6rt br\u00f6derna Deus till toppen av portugisisk padel och gjort dem till respekterade motst\u00e5ndare internationellt.<\/p>\n<h2>Cristiano Ronaldos inflytande och framtida ambitioner<\/h2>\n<p>St\u00f6det fr\u00e5n en global ikon som <strong>Cristiano Ronaldo<\/strong> har gett br\u00f6derna Deus extra motivation. De n\u00e4mner att Ronaldos uppmuntran \u00e4r inspirerande och hj\u00e4lper dem att ta sig igenom tuffa stunder och sikta \u00e4nnu h\u00f6gre. Med sina senaste resultat och \u00f6kande sj\u00e4lvf\u00f6rtroende \u00e4r br\u00f6derna redo att forts\u00e4tta kl\u00e4ttra p\u00e5 v\u00e4rldsrankingen och representera Portugal p\u00e5 h\u00f6gsta niv\u00e5.<\/p>\n<p>Skaparens m\u00f6te med br\u00f6derna Deus ger v\u00e4rdefulla insikter i vad som kr\u00e4vs f\u00f6r att t\u00e4vla p\u00e5 toppniv\u00e5 inom professionell padel. Deras resa fr\u00e5n tennis till padel, tillsammans med deras unika syskonrelation och obevekliga driv, fungerar som inspiration f\u00f6r blivande spelare i Portugal och utanf\u00f6r.<\/p>\n","protected":false},"excerpt":{"rendered":"<p>Miguel och Nuno Deus har snabbt kl\u00e4ttrat till toppen som Portugals ledande padelduo och imponerar b\u00e5de fans och internationella konkurrenter med sin skicklighet och beslutsamhet. Deras resa fr\u00e5n tennis till padel, tillsammans med ett starkt syskonsamarbete, har gjort dem unika p\u00e5 banan. Uppt\u00e4ck hur deras speciella dynamik, anpassningsf\u00f6rm\u00e5ga och st\u00f6d fr\u00e5n k\u00e4nda profiler har drivit deras framg\u00e5ng och framtidsambitioner.<\/p>\n","protected":false},"author":1,"featured_media":213987,"comment_status":"closed","ping_status":"closed","sticky":false,"template":"","format":"standard","meta":{"_acf_changed":false,"footnotes":""},"categories":[540],"tags":[],"youtube-channel":[435],"class_list":["post-213804","post","type-post","status-publish","format-standard","has-post-thumbnail","hentry","category-intervjuer-med-proffsspelare","generate-columns","tablet-grid-50","mobile-grid-100","grid-parent","grid-33"],"acf":[],"yoast_head":"<!-- This site is optimized with the Yoast SEO Premium plugin v27.4 (Yoast SEO v27.4) - https:\/\/yoast.com\/product\/yoast-seo-premium-wordpress\/ -->\n<title>Hur br\u00f6derna Deus blev Portugals b\u00e4sta padelspelare<\/title>\n<meta name=\"description\" content=\"Uppt\u00e4ck hur Miguel och Nuno Deus blev Portugals ledande padelduo, deras resa fr\u00e5n tennis, syskonsamspel och vad som s\u00e4rskiljer dem p\u00e5 banan.\" \/>\n<meta name=\"robots\" content=\"index, follow, max-snippet:-1, max-image-preview:large, max-video-preview:-1\" \/>\n<link rel=\"canonical\" href=\"https:\/\/practicapadel.com\/sv\/intervjuer-med-proffsspelare\/hur-broderna-deus-blev-portugals-basta-padelduo\/\" \/>\n<meta property=\"og:locale\" content=\"sv_SE\" \/>\n<meta property=\"og:type\" content=\"article\" \/>\n<meta property=\"og:title\" content=\"Hur br\u00f6derna Deus blev Portugals b\u00e4sta padelduo\" \/>\n<meta property=\"og:description\" content=\"Uppt\u00e4ck hur Miguel och Nuno Deus blev Portugals ledande padelduo, deras resa fr\u00e5n tennis, syskonsamspel och vad som s\u00e4rskiljer dem p\u00e5 banan.\" \/>\n<meta property=\"og:url\" content=\"https:\/\/practicapadel.com\/sv\/intervjuer-med-proffsspelare\/hur-broderna-deus-blev-portugals-basta-padelduo\/\" \/>\n<meta property=\"og:site_name\" content=\"Practica Padel\" \/>\n<meta property=\"article:published_time\" content=\"2026-01-16T14:39:02+00:00\" \/>\n<meta property=\"article:modified_time\" content=\"2026-01-16T15:01:59+00:00\" \/>\n<meta property=\"og:image\" content=\"https:\/\/practicapadel.com\/wp-content\/uploads\/2026\/01\/deus-broder-portugal-padel.png\" \/>\n\t<meta property=\"og:image:width\" content=\"1200\" \/>\n\t<meta property=\"og:image:height\" content=\"900\" \/>\n\t<meta property=\"og:image:type\" content=\"image\/png\" \/>\n<meta name=\"author\" content=\"Practica Padel Team\" \/>\n<meta name=\"twitter:card\" content=\"summary_large_image\" \/>\n<meta name=\"twitter:label1\" content=\"Skriven av\" \/>\n\t<meta name=\"twitter:data1\" content=\"Practica Padel Team\" \/>\n\t<meta name=\"twitter:label2\" content=\"Ber\u00e4knad l\u00e4stid\" \/>\n\t<meta name=\"twitter:data2\" content=\"5 minuter\" \/>\n<script type=\"application\/ld+json\" class=\"yoast-schema-graph\">{\"@context\":\"https:\\\/\\\/schema.org\",\"@graph\":[{\"@type\":\"Article\",\"@id\":\"https:\\\/\\\/practicapadel.com\\\/sv\\\/intervjuer-med-proffsspelare\\\/hur-broderna-deus-blev-portugals-basta-padelduo\\\/#article\",\"isPartOf\":{\"@id\":\"https:\\\/\\\/practicapadel.com\\\/sv\\\/intervjuer-med-proffsspelare\\\/hur-broderna-deus-blev-portugals-basta-padelduo\\\/\"},\"author\":{\"name\":\"Practica Padel Team\",\"@id\":\"https:\\\/\\\/practicapadel.com\\\/sv\\\/#\\\/schema\\\/person\\\/af64f7b6f369d9f8143409566a9a8666\"},\"headline\":\"Hur br\u00f6derna Deus blev Portugals b\u00e4sta padelduo\",\"datePublished\":\"2026-01-16T14:39:02+00:00\",\"dateModified\":\"2026-01-16T15:01:59+00:00\",\"mainEntityOfPage\":{\"@id\":\"https:\\\/\\\/practicapadel.com\\\/sv\\\/intervjuer-med-proffsspelare\\\/hur-broderna-deus-blev-portugals-basta-padelduo\\\/\"},\"wordCount\":985,\"publisher\":{\"@id\":\"https:\\\/\\\/practicapadel.com\\\/sv\\\/#organization\"},\"image\":{\"@id\":\"https:\\\/\\\/practicapadel.com\\\/sv\\\/intervjuer-med-proffsspelare\\\/hur-broderna-deus-blev-portugals-basta-padelduo\\\/#primaryimage\"},\"thumbnailUrl\":\"https:\\\/\\\/practicapadel.com\\\/wp-content\\\/uploads\\\/2026\\\/01\\\/deus-broder-portugal-padel.png\",\"articleSection\":[\"Intervjuer med proffsspelare\"],\"inLanguage\":\"sv-SE\"},{\"@type\":\"WebPage\",\"@id\":\"https:\\\/\\\/practicapadel.com\\\/sv\\\/intervjuer-med-proffsspelare\\\/hur-broderna-deus-blev-portugals-basta-padelduo\\\/\",\"url\":\"https:\\\/\\\/practicapadel.com\\\/sv\\\/intervjuer-med-proffsspelare\\\/hur-broderna-deus-blev-portugals-basta-padelduo\\\/\",\"name\":\"Hur br\u00f6derna Deus blev Portugals b\u00e4sta padelspelare\",\"isPartOf\":{\"@id\":\"https:\\\/\\\/practicapadel.com\\\/sv\\\/#website\"},\"primaryImageOfPage\":{\"@id\":\"https:\\\/\\\/practicapadel.com\\\/sv\\\/intervjuer-med-proffsspelare\\\/hur-broderna-deus-blev-portugals-basta-padelduo\\\/#primaryimage\"},\"image\":{\"@id\":\"https:\\\/\\\/practicapadel.com\\\/sv\\\/intervjuer-med-proffsspelare\\\/hur-broderna-deus-blev-portugals-basta-padelduo\\\/#primaryimage\"},\"thumbnailUrl\":\"https:\\\/\\\/practicapadel.com\\\/wp-content\\\/uploads\\\/2026\\\/01\\\/deus-broder-portugal-padel.png\",\"datePublished\":\"2026-01-16T14:39:02+00:00\",\"dateModified\":\"2026-01-16T15:01:59+00:00\",\"description\":\"Uppt\u00e4ck hur Miguel och Nuno Deus blev Portugals ledande padelduo, deras resa fr\u00e5n tennis, syskonsamspel och vad som s\u00e4rskiljer dem p\u00e5 banan.\",\"breadcrumb\":{\"@id\":\"https:\\\/\\\/practicapadel.com\\\/sv\\\/intervjuer-med-proffsspelare\\\/hur-broderna-deus-blev-portugals-basta-padelduo\\\/#breadcrumb\"},\"inLanguage\":\"sv-SE\",\"potentialAction\":[{\"@type\":\"ReadAction\",\"target\":[\"https:\\\/\\\/practicapadel.com\\\/sv\\\/intervjuer-med-proffsspelare\\\/hur-broderna-deus-blev-portugals-basta-padelduo\\\/\"]}]},{\"@type\":\"ImageObject\",\"inLanguage\":\"sv-SE\",\"@id\":\"https:\\\/\\\/practicapadel.com\\\/sv\\\/intervjuer-med-proffsspelare\\\/hur-broderna-deus-blev-portugals-basta-padelduo\\\/#primaryimage\",\"url\":\"https:\\\/\\\/practicapadel.com\\\/wp-content\\\/uploads\\\/2026\\\/01\\\/deus-broder-portugal-padel.png\",\"contentUrl\":\"https:\\\/\\\/practicapadel.com\\\/wp-content\\\/uploads\\\/2026\\\/01\\\/deus-broder-portugal-padel.png\",\"width\":1200,\"height\":900,\"caption\":\"deus broder portugal padel\"},{\"@type\":\"BreadcrumbList\",\"@id\":\"https:\\\/\\\/practicapadel.com\\\/sv\\\/intervjuer-med-proffsspelare\\\/hur-broderna-deus-blev-portugals-basta-padelduo\\\/#breadcrumb\",\"itemListElement\":[{\"@type\":\"ListItem\",\"position\":1,\"name\":\"Hem\",\"item\":\"https:\\\/\\\/practicapadel.com\\\/sv\\\/\"},{\"@type\":\"ListItem\",\"position\":2,\"name\":\"Intervjuer med proffsspelare\",\"item\":\"https:\\\/\\\/practicapadel.com\\\/sv\\\/kategori\\\/intervjuer-med-proffsspelare\\\/\"},{\"@type\":\"ListItem\",\"position\":3,\"name\":\"Hur br\u00f6derna Deus blev Portugals b\u00e4sta padelduo\"}]},{\"@type\":\"WebSite\",\"@id\":\"https:\\\/\\\/practicapadel.com\\\/sv\\\/#website\",\"url\":\"https:\\\/\\\/practicapadel.com\\\/sv\\\/\",\"name\":\"Practica Padel\",\"description\":\"Din kompletta k\u00e4lla f\u00f6r padelutrustning, tr\u00e4ning och spelarinsikterDin kompletta k\u00e4lla f\u00f6r padelutrustning, tr\u00e4ning och spelarinsikter\",\"publisher\":{\"@id\":\"https:\\\/\\\/practicapadel.com\\\/sv\\\/#organization\"},\"potentialAction\":[{\"@type\":\"SearchAction\",\"target\":{\"@type\":\"EntryPoint\",\"urlTemplate\":\"https:\\\/\\\/practicapadel.com\\\/sv\\\/?s={search_term_string}\"},\"query-input\":{\"@type\":\"PropertyValueSpecification\",\"valueRequired\":true,\"valueName\":\"search_term_string\"}}],\"inLanguage\":\"sv-SE\"},{\"@type\":\"Organization\",\"@id\":\"https:\\\/\\\/practicapadel.com\\\/sv\\\/#organization\",\"name\":\"Practica Padel\",\"url\":\"https:\\\/\\\/practicapadel.com\\\/sv\\\/\",\"logo\":{\"@type\":\"ImageObject\",\"inLanguage\":\"sv-SE\",\"@id\":\"https:\\\/\\\/practicapadel.com\\\/sv\\\/#\\\/schema\\\/logo\\\/image\\\/\",\"url\":\"https:\\\/\\\/practicapadel.com\\\/wp-content\\\/uploads\\\/2025\\\/08\\\/practica-padel-695x695-1.png\",\"contentUrl\":\"https:\\\/\\\/practicapadel.com\\\/wp-content\\\/uploads\\\/2025\\\/08\\\/practica-padel-695x695-1.png\",\"width\":695,\"height\":695,\"caption\":\"Practica Padel\"},\"image\":{\"@id\":\"https:\\\/\\\/practicapadel.com\\\/sv\\\/#\\\/schema\\\/logo\\\/image\\\/\"},\"description\":\"Practica Padel \u00e4r en expertbaserad digital tidning dedikerad till padel. Vi erbjuder p\u00e5litliga racketrecensioner, tr\u00e4ning och taktik, slagguider, fitnessinsikter, turneringsbevakning, livsstilsartiklar och spelarhistorier f\u00f6r padelentusiaster v\u00e4rlden \u00f6ver.\",\"email\":\"thepracticapadel@gmail.com\",\"foundingDate\":\"2025-05-30\",\"numberOfEmployees\":{\"@type\":\"QuantitativeValue\",\"minValue\":\"1\",\"maxValue\":\"10\"}},{\"@type\":\"Person\",\"@id\":\"https:\\\/\\\/practicapadel.com\\\/sv\\\/#\\\/schema\\\/person\\\/af64f7b6f369d9f8143409566a9a8666\",\"name\":\"Practica Padel Team\",\"image\":{\"@type\":\"ImageObject\",\"inLanguage\":\"sv-SE\",\"@id\":\"https:\\\/\\\/secure.gravatar.com\\\/avatar\\\/5b00b8a0294a5ffc79b628cac1f1bedf7802f97bc10a75d3c2065bfb3e5d55d7?s=96&d=mm&r=g\",\"url\":\"https:\\\/\\\/secure.gravatar.com\\\/avatar\\\/5b00b8a0294a5ffc79b628cac1f1bedf7802f97bc10a75d3c2065bfb3e5d55d7?s=96&d=mm&r=g\",\"contentUrl\":\"https:\\\/\\\/secure.gravatar.com\\\/avatar\\\/5b00b8a0294a5ffc79b628cac1f1bedf7802f97bc10a75d3c2065bfb3e5d55d7?s=96&d=mm&r=g\",\"caption\":\"Practica Padel Team\"},\"description\":\"Specialists in curating insights from padel coaches, professional players, and trusted reviewers. Our goal is to make expert knowledge easy to understand and accessible for every player.\",\"sameAs\":[\"http:\\\/\\\/practicapadel.com\"],\"knowsAbout\":[\"Padel racket reviews\",\"Padel training\",\"Sports journalism\",\"Equipment analysis\",\"Data structuring\",\"Knowledge curation\",\"PHP\",\"Javascript\",\"Webdesign\"],\"knowsLanguage\":[\"Danish\",\"English\",\"French\",\"German\",\"Italian\",\"Spanish\",\"Swedish\",\"Dutch\",\"Greek\",\"Norwegian (Bokm\u00e5l)\",\"Polish\",\"Portuguese\",\"Estonian\",\"Finnish\"],\"jobTitle\":\"Editorial Team\",\"worksFor\":\"Practica Padel\",\"url\":\"https:\\\/\\\/practicapadel.com\\\/sv\\\/author\\\/practica-padel-team\\\/\"}]}<\/script>\n<!-- \/ Yoast SEO Premium plugin. -->","yoast_head_json":{"title":"Hur br\u00f6derna Deus blev Portugals b\u00e4sta padelspelare","description":"Uppt\u00e4ck hur Miguel och Nuno Deus blev Portugals ledande padelduo, deras resa fr\u00e5n tennis, syskonsamspel och vad som s\u00e4rskiljer dem p\u00e5 banan.","robots":{"index":"index","follow":"follow","max-snippet":"max-snippet:-1","max-image-preview":"max-image-preview:large","max-video-preview":"max-video-preview:-1"},"canonical":"https:\/\/practicapadel.com\/sv\/intervjuer-med-proffsspelare\/hur-broderna-deus-blev-portugals-basta-padelduo\/","og_locale":"sv_SE","og_type":"article","og_title":"Hur br\u00f6derna Deus blev Portugals b\u00e4sta padelduo","og_description":"Uppt\u00e4ck hur Miguel och Nuno Deus blev Portugals ledande padelduo, deras resa fr\u00e5n tennis, syskonsamspel och vad som s\u00e4rskiljer dem p\u00e5 banan.","og_url":"https:\/\/practicapadel.com\/sv\/intervjuer-med-proffsspelare\/hur-broderna-deus-blev-portugals-basta-padelduo\/","og_site_name":"Practica Padel","article_published_time":"2026-01-16T14:39:02+00:00","article_modified_time":"2026-01-16T15:01:59+00:00","og_image":[{"width":1200,"height":900,"url":"https:\/\/practicapadel.com\/wp-content\/uploads\/2026\/01\/deus-broder-portugal-padel.png","type":"image\/png"}],"author":"Practica Padel Team","twitter_card":"summary_large_image","twitter_misc":{"Skriven av":"Practica Padel Team","Ber\u00e4knad l\u00e4stid":"5 minuter"},"schema":{"@context":"https:\/\/schema.org","@graph":[{"@type":"Article","@id":"https:\/\/practicapadel.com\/sv\/intervjuer-med-proffsspelare\/hur-broderna-deus-blev-portugals-basta-padelduo\/#article","isPartOf":{"@id":"https:\/\/practicapadel.com\/sv\/intervjuer-med-proffsspelare\/hur-broderna-deus-blev-portugals-basta-padelduo\/"},"author":{"name":"Practica Padel Team","@id":"https:\/\/practicapadel.com\/sv\/#\/schema\/person\/af64f7b6f369d9f8143409566a9a8666"},"headline":"Hur br\u00f6derna Deus blev Portugals b\u00e4sta padelduo","datePublished":"2026-01-16T14:39:02+00:00","dateModified":"2026-01-16T15:01:59+00:00","mainEntityOfPage":{"@id":"https:\/\/practicapadel.com\/sv\/intervjuer-med-proffsspelare\/hur-broderna-deus-blev-portugals-basta-padelduo\/"},"wordCount":985,"publisher":{"@id":"https:\/\/practicapadel.com\/sv\/#organization"},"image":{"@id":"https:\/\/practicapadel.com\/sv\/intervjuer-med-proffsspelare\/hur-broderna-deus-blev-portugals-basta-padelduo\/#primaryimage"},"thumbnailUrl":"https:\/\/practicapadel.com\/wp-content\/uploads\/2026\/01\/deus-broder-portugal-padel.png","articleSection":["Intervjuer med proffsspelare"],"inLanguage":"sv-SE"},{"@type":"WebPage","@id":"https:\/\/practicapadel.com\/sv\/intervjuer-med-proffsspelare\/hur-broderna-deus-blev-portugals-basta-padelduo\/","url":"https:\/\/practicapadel.com\/sv\/intervjuer-med-proffsspelare\/hur-broderna-deus-blev-portugals-basta-padelduo\/","name":"Hur br\u00f6derna Deus blev Portugals b\u00e4sta padelspelare","isPartOf":{"@id":"https:\/\/practicapadel.com\/sv\/#website"},"primaryImageOfPage":{"@id":"https:\/\/practicapadel.com\/sv\/intervjuer-med-proffsspelare\/hur-broderna-deus-blev-portugals-basta-padelduo\/#primaryimage"},"image":{"@id":"https:\/\/practicapadel.com\/sv\/intervjuer-med-proffsspelare\/hur-broderna-deus-blev-portugals-basta-padelduo\/#primaryimage"},"thumbnailUrl":"https:\/\/practicapadel.com\/wp-content\/uploads\/2026\/01\/deus-broder-portugal-padel.png","datePublished":"2026-01-16T14:39:02+00:00","dateModified":"2026-01-16T15:01:59+00:00","description":"Uppt\u00e4ck hur Miguel och Nuno Deus blev Portugals ledande padelduo, deras resa fr\u00e5n tennis, syskonsamspel och vad som s\u00e4rskiljer dem p\u00e5 banan.","breadcrumb":{"@id":"https:\/\/practicapadel.com\/sv\/intervjuer-med-proffsspelare\/hur-broderna-deus-blev-portugals-basta-padelduo\/#breadcrumb"},"inLanguage":"sv-SE","potentialAction":[{"@type":"ReadAction","target":["https:\/\/practicapadel.com\/sv\/intervjuer-med-proffsspelare\/hur-broderna-deus-blev-portugals-basta-padelduo\/"]}]},{"@type":"ImageObject","inLanguage":"sv-SE","@id":"https:\/\/practicapadel.com\/sv\/intervjuer-med-proffsspelare\/hur-broderna-deus-blev-portugals-basta-padelduo\/#primaryimage","url":"https:\/\/practicapadel.com\/wp-content\/uploads\/2026\/01\/deus-broder-portugal-padel.png","contentUrl":"https:\/\/practicapadel.com\/wp-content\/uploads\/2026\/01\/deus-broder-portugal-padel.png","width":1200,"height":900,"caption":"deus broder portugal padel"},{"@type":"BreadcrumbList","@id":"https:\/\/practicapadel.com\/sv\/intervjuer-med-proffsspelare\/hur-broderna-deus-blev-portugals-basta-padelduo\/#breadcrumb","itemListElement":[{"@type":"ListItem","position":1,"name":"Hem","item":"https:\/\/practicapadel.com\/sv\/"},{"@type":"ListItem","position":2,"name":"Intervjuer med proffsspelare","item":"https:\/\/practicapadel.com\/sv\/kategori\/intervjuer-med-proffsspelare\/"},{"@type":"ListItem","position":3,"name":"Hur br\u00f6derna Deus blev Portugals b\u00e4sta padelduo"}]},{"@type":"WebSite","@id":"https:\/\/practicapadel.com\/sv\/#website","url":"https:\/\/practicapadel.com\/sv\/","name":"Practica Padel","description":"Din kompletta k\u00e4lla f\u00f6r padelutrustning, tr\u00e4ning och spelarinsikterDin kompletta k\u00e4lla f\u00f6r padelutrustning, tr\u00e4ning och spelarinsikter","publisher":{"@id":"https:\/\/practicapadel.com\/sv\/#organization"},"potentialAction":[{"@type":"SearchAction","target":{"@type":"EntryPoint","urlTemplate":"https:\/\/practicapadel.com\/sv\/?s={search_term_string}"},"query-input":{"@type":"PropertyValueSpecification","valueRequired":true,"valueName":"search_term_string"}}],"inLanguage":"sv-SE"},{"@type":"Organization","@id":"https:\/\/practicapadel.com\/sv\/#organization","name":"Practica Padel","url":"https:\/\/practicapadel.com\/sv\/","logo":{"@type":"ImageObject","inLanguage":"sv-SE","@id":"https:\/\/practicapadel.com\/sv\/#\/schema\/logo\/image\/","url":"https:\/\/practicapadel.com\/wp-content\/uploads\/2025\/08\/practica-padel-695x695-1.png","contentUrl":"https:\/\/practicapadel.com\/wp-content\/uploads\/2025\/08\/practica-padel-695x695-1.png","width":695,"height":695,"caption":"Practica Padel"},"image":{"@id":"https:\/\/practicapadel.com\/sv\/#\/schema\/logo\/image\/"},"description":"Practica Padel \u00e4r en expertbaserad digital tidning dedikerad till padel. Vi erbjuder p\u00e5litliga racketrecensioner, tr\u00e4ning och taktik, slagguider, fitnessinsikter, turneringsbevakning, livsstilsartiklar och spelarhistorier f\u00f6r padelentusiaster v\u00e4rlden \u00f6ver.","email":"thepracticapadel@gmail.com","foundingDate":"2025-05-30","numberOfEmployees":{"@type":"QuantitativeValue","minValue":"1","maxValue":"10"}},{"@type":"Person","@id":"https:\/\/practicapadel.com\/sv\/#\/schema\/person\/af64f7b6f369d9f8143409566a9a8666","name":"Practica Padel Team","image":{"@type":"ImageObject","inLanguage":"sv-SE","@id":"https:\/\/secure.gravatar.com\/avatar\/5b00b8a0294a5ffc79b628cac1f1bedf7802f97bc10a75d3c2065bfb3e5d55d7?s=96&d=mm&r=g","url":"https:\/\/secure.gravatar.com\/avatar\/5b00b8a0294a5ffc79b628cac1f1bedf7802f97bc10a75d3c2065bfb3e5d55d7?s=96&d=mm&r=g","contentUrl":"https:\/\/secure.gravatar.com\/avatar\/5b00b8a0294a5ffc79b628cac1f1bedf7802f97bc10a75d3c2065bfb3e5d55d7?s=96&d=mm&r=g","caption":"Practica Padel Team"},"description":"Specialists in curating insights from padel coaches, professional players, and trusted reviewers. Our goal is to make expert knowledge easy to understand and accessible for every player.","sameAs":["http:\/\/practicapadel.com"],"knowsAbout":["Padel racket reviews","Padel training","Sports journalism","Equipment analysis","Data structuring","Knowledge curation","PHP","Javascript","Webdesign"],"knowsLanguage":["Danish","English","French","German","Italian","Spanish","Swedish","Dutch","Greek","Norwegian (Bokm\u00e5l)","Polish","Portuguese","Estonian","Finnish"],"jobTitle":"Editorial Team","worksFor":"Practica Padel","url":"https:\/\/practicapadel.com\/sv\/author\/practica-padel-team\/"}]}},"_links":{"self":[{"href":"https:\/\/practicapadel.com\/sv\/wp-json\/wp\/v2\/posts\/213804","targetHints":{"allow":["GET"]}}],"collection":[{"href":"https:\/\/practicapadel.com\/sv\/wp-json\/wp\/v2\/posts"}],"about":[{"href":"https:\/\/practicapadel.com\/sv\/wp-json\/wp\/v2\/types\/post"}],"author":[{"embeddable":true,"href":"https:\/\/practicapadel.com\/sv\/wp-json\/wp\/v2\/users\/1"}],"replies":[{"embeddable":true,"href":"https:\/\/practicapadel.com\/sv\/wp-json\/wp\/v2\/comments?post=213804"}],"version-history":[{"count":2,"href":"https:\/\/practicapadel.com\/sv\/wp-json\/wp\/v2\/posts\/213804\/revisions"}],"predecessor-version":[{"id":213986,"href":"https:\/\/practicapadel.com\/sv\/wp-json\/wp\/v2\/posts\/213804\/revisions\/213986"}],"wp:featuredmedia":[{"embeddable":true,"href":"https:\/\/practicapadel.com\/sv\/wp-json\/wp\/v2\/media\/213987"}],"wp:attachment":[{"href":"https:\/\/practicapadel.com\/sv\/wp-json\/wp\/v2\/media?parent=213804"}],"wp:term":[{"taxonomy":"category","embeddable":true,"href":"https:\/\/practicapadel.com\/sv\/wp-json\/wp\/v2\/categories?post=213804"},{"taxonomy":"post_tag","embeddable":true,"href":"https:\/\/practicapadel.com\/sv\/wp-json\/wp\/v2\/tags?post=213804"},{"taxonomy":"youtube-channel","embeddable":true,"href":"https:\/\/practicapadel.com\/sv\/wp-json\/wp\/v2\/youtube-channel?post=213804"}],"curies":[{"name":"wp","href":"https:\/\/api.w.org\/{rel}","templated":true}]}}