{"id":216703,"date":"2026-01-19T05:02:02","date_gmt":"2026-01-19T05:02:02","guid":{"rendered":"https:\/\/practicapadel.com\/padel-artiklar\/juan-tello-on-new-beginnings-and-tough-choices-in-pro-padel\/"},"modified":"2026-01-19T05:23:38","modified_gmt":"2026-01-19T05:23:38","slug":"juan-tello-nya-borjan-svara-val-proffspadel","status":"publish","type":"post","link":"https:\/\/practicapadel.com\/sv\/intervjuer-med-proffsspelare\/juan-tello-nya-borjan-svara-val-proffspadel\/","title":{"rendered":"Juan Tello om nya b\u00f6rjan och sv\u00e5ra val i proffspadel"},"content":{"rendered":"<h2>Juan Tello reflekterar \u00f6ver ett utmanande \u00e5r och partnerbyten<\/h2>\n<p>Recensenten fr\u00e5n the4Set s\u00e4tter sig ner med <strong>Juan \u201cEl Gato\u201d Tello<\/strong> f\u00f6r att diskutera en turbulent period i hans professionella padelkarri\u00e4r, med fokus p\u00e5 hans senaste partnerskap med <strong>Tino Libaak<\/strong> och det efterf\u00f6ljande uppbrottet. Tello ber\u00e4ttar \u00f6ppet att det g\u00e5ngna \u00e5ret var ett av de tuffaste, pr\u00e4glat av bristande sj\u00e4lvf\u00f6rtroende och sv\u00e5righeter b\u00e5de p\u00e5 och utanf\u00f6r banan. Han f\u00f6rklarar att han, trots sina anstr\u00e4ngningar, hade sv\u00e5rt att hitta harmoni med sin partner, vilket p\u00e5verkade hans v\u00e4lm\u00e5ende och prestation.<\/p>\n<p>Tello betonar vikten av daglig tr\u00e4ning och den mentala aspekten av sporten. Han beskriver hur of\u00f6rm\u00e5gan att &#8221;klicka&#8221; med sin partner ledde till tvivel och en tydlig formsvacka. Den dagliga kampen, snarare \u00e4n sj\u00e4lva turneringarna, blev en k\u00e4lla till frustration och sj\u00e4lvrannsakan.<\/p>\n<h2>Sp\u00e4nningen och l\u00f6ftet i att spela med Tino Libaak<\/h2>\n<p>N\u00e4r Tello f\u00f6rst slog sig ihop med <strong>Tino Libaak<\/strong> fylldes han av optimism. Han lyfter fram Libaaks imponerande potential och noterar att han redan vid <strong>19 \u00e5rs \u00e5lder<\/strong> hade f\u00e4rdigheter och mentalitet f\u00f6r att utmana de b\u00e4sta i v\u00e4rlden. Tello hade m\u00f6tt Libaak flera g\u00e5nger som motst\u00e5ndare och var st\u00e4ndigt imponerad av hans f\u00f6rm\u00e5ga och resultat.<\/p>\n<p>Det som utm\u00e4rkte Libaak mest f\u00f6r Tello var hans <strong>\u00f6dmjukhet<\/strong> och <strong>mognad<\/strong>\u2014egenskaper som inte alltid finns hos s\u00e5 unga idrottare. Kanalens recensent noterar att Tello utvecklade en genuin uppskattning f\u00f6r Libaak, vilket gjorde det slutliga uppbrottet \u00e4nnu sv\u00e5rare. Tello \u00e4r tydlig med att han tror att Libaak har allt som kr\u00e4vs f\u00f6r att bli v\u00e4rldsetta i framtiden.<\/p>\n<h2>Bed\u00f6ma potentialen: kan Tello och Libaak n\u00e5 v\u00e4rldsettan?<\/h2>\n<p>Intervjuaren fr\u00e5gar om Tello ser sig sj\u00e4lv eller Libaak n\u00e5 toppen av padelrankingen. Tello \u00e4r \u00f6vertygad om att b\u00e5da har potentialen, f\u00f6rutsatt att de beh\u00e5ller j\u00e4mnhet och k\u00e4nslom\u00e4ssig kontroll under matcherna. Han understryker vikten av <strong>regelbundenhet<\/strong> och <strong>emotionell kontroll<\/strong>\u2014egenskaper han forts\u00e4tter att arbeta med.<\/p>\n<p>Tello erk\u00e4nner dock ocks\u00e5 partnerns avg\u00f6rande roll f\u00f6r att n\u00e5 s\u00e5dana m\u00e5l. Han tror att med r\u00e4tt lagkamrat, och om b\u00e5da delar samma driv och stabilitet, \u00e4r det fullt m\u00f6jligt att n\u00e5 f\u00f6rstaplatsen.<\/p>\n<h2>Det sv\u00e5ra beslutet att byta partner och spela med Mart\u00edn Di Nenno<\/h2>\n<p>Kanalen beskriver v\u00e4ndpunkten n\u00e4r <strong>Mart\u00edn Di Nenno<\/strong> kontaktade Tello med ett f\u00f6rslag om att bilda ett nytt partnerskap. Tello beskriver tidpunkten som bitters\u00f6t: han och Libaak hade precis b\u00f6rjat se lovande resultat, med kvartsfinaler och semifinaler i de senaste turneringarna. Trots framstegen var m\u00f6jligheten att spela med Di Nenno\u2014som har stor erfarenhet och rankingpo\u00e4ng\u2014f\u00f6r betydelsefull f\u00f6r att ignorera.<\/p>\n<p>Tello medger att beslutet inte enbart grundades p\u00e5 sportsliga sk\u00e4l. Den personliga relation han byggt upp med Libaak gjorde uppbrottet k\u00e4nslom\u00e4ssigt tungt. Men de praktiska f\u00f6rdelarna med att spela med Di Nenno, s\u00e5som att s\u00e4kra en plats bland de \u00e5tta b\u00e4sta paren och m\u00f6jligheten att t\u00e4vla som ett h\u00f6gre seedat lag, avgjorde till slut.<\/p>\n<ul>\n<li><strong>Senaste resultaten med Libaak:<\/strong> Kvartsfinaler och semifinaler i viktiga turneringar<\/li>\n<li><strong>Nytt partnerskap:<\/strong> Mart\u00edn Di Nenno, med h\u00f6gre ranking och erfarenhet<\/li>\n<li><strong>Huvudmotivation:<\/strong> Att stanna kvar bland de \u00e5tta b\u00e4sta elitparen<\/li>\n<\/ul>\n<h2>J\u00e4mf\u00f6relse av dynamiken: Tello\u2013Libaak kontra Tello\u2013Di Nenno<\/h2>\n<p>The4Sets intervjuare ber Tello j\u00e4mf\u00f6ra sina erfarenheter med Libaak och Di Nenno. Tello beskriver Libaak som en spelare som tillf\u00f6r &#8221;energi och of\u00f6ruts\u00e4gbarhet&#8221; p\u00e5 banan, vilket speglar hans ungdom och or\u00e4dda spelstil. Detta ledde ibland till oj\u00e4mna prestationer, med glimtar av briljans blandat med inkonsekvens. Tello s\u00e5g sin roll som en lugnande kraft, som hj\u00e4lpte till att stabilisera partnerskapet i pressade situationer.<\/p>\n<p>Di Nenno, d\u00e4remot, \u00e4r <strong>28 \u00e5r<\/strong> och erbjuder en stadigare hand och stor t\u00e4vlingserfarenhet. Tello f\u00f6rv\u00e4ntar sig att deras gemensamma mognad ska leda till ett mer samlat och strategiskt matchspel. En annan f\u00f6rdel \u00e4r att b\u00e5da nu bor i Madrid, vilket g\u00f6r att de kan tr\u00e4na tillsammans dagligen\u2014n\u00e5got som inte var m\u00f6jligt med Libaak.<\/p>\n<ul>\n<li><strong>Libaaks styrkor:<\/strong> Ung energi, of\u00f6ruts\u00e4gbarhet, offensiv spelstil<\/li>\n<li><strong>Di Nennos styrkor:<\/strong> Erfarenhet, j\u00e4mnhet, strategisk mognad<\/li>\n<li><strong>Tr\u00e4ningsf\u00f6rdelar:<\/strong> Dagliga pass i Madrid f\u00f6r snabbare anpassning<\/li>\n<\/ul>\n<h2>Betydelsen av personliga relationer i professionell padel<\/h2>\n<p>Tello lyfter fram vikten av relationer utanf\u00f6r banan f\u00f6r att bygga ett framg\u00e5ngsrikt partnerskap. Han anser att det i teorin \u00e4r m\u00f6jligt att skilja p\u00e5 personliga k\u00e4nslor och professionellt samarbete, men att en god relation med sin partner \u00e4r en stor f\u00f6rdel. \u00d6ppen kommunikation och f\u00f6rm\u00e5gan att diskutera problem \u00e4r enligt honom avg\u00f6rande f\u00f6r l\u00e5ngsiktig framg\u00e5ng.<\/p>\n<p>Detta mogna syns\u00e4tt, menar Tello, delar han med Di Nenno, vilket g\u00f6r honom optimistisk inf\u00f6r deras framtid som lag. Recensenten noterar att Tellos reflektioner visar en spelare som v\u00e4rdes\u00e4tter b\u00e5de den sportsliga och m\u00e4nskliga sidan av proffspadel.<\/p>\n<h2>Viktiga l\u00e4rdomar fr\u00e5n Tellos resa och the4Sets intervju<\/h2>\n<ul>\n<li><strong>Tello upplevde ett sv\u00e5rt \u00e5r pr\u00e4glat av sj\u00e4lvtvivel och partnerskapsproblem.<\/strong><\/li>\n<li><strong>Hans partnerskap med Tino Libaak var fyllt av hopp, och han tror att Libaak kan bli v\u00e4rldsetta.<\/strong><\/li>\n<li><strong>Beslutet att spela med Mart\u00edn Di Nenno drevs av b\u00e5de sportsliga ambitioner och praktiska sk\u00e4l.<\/strong><\/li>\n<li><strong>Tello v\u00e4rdes\u00e4tter k\u00e4nslom\u00e4ssig stabilitet, \u00f6ppen kommunikation och daglig tr\u00e4ning som nycklar till framg\u00e5ng.<\/strong><\/li>\n<li><strong>Det nya partnerskapet med Di Nenno erbjuder erfarenhet, j\u00e4mnhet och m\u00f6jligheten att t\u00e4vla p\u00e5 h\u00f6gsta niv\u00e5.<\/strong><\/li>\n<\/ul>\n<p>Intervjun p\u00e5 the4Set ger en s\u00e4llsynt, \u00e4rlig inblick i de k\u00e4nslom\u00e4ssiga och strategiska faktorer som styr partnerbeslut i toppen av professionell padel. Tellos resa understryker sportens komplexitet, d\u00e4r personlig utveckling och lagdynamik \u00e4r minst lika viktiga som teknisk skicklighet.<\/p>\n","protected":false},"excerpt":{"rendered":"<p>Juan Tello ber\u00e4ttar \u00f6ppet om de k\u00e4nslom\u00e4ssiga och professionella utmaningar som f\u00f6ljer med att byta partner i elitpadelv\u00e4rlden. Fr\u00e5n stunder av sj\u00e4lvtvivel till sp\u00e4nningen i nya samarbeten delar han med sig av de personliga och idrottsliga faktorer som format hans senaste beslut. Uppt\u00e4ck hur Tello navigerar lagarbete, ambition och personlig utveckling p\u00e5 sin resa genom proffstouren.<\/p>\n","protected":false},"author":1,"featured_media":216886,"comment_status":"closed","ping_status":"closed","sticky":false,"template":"","format":"standard","meta":{"_acf_changed":false,"footnotes":""},"categories":[540],"tags":[],"youtube-channel":[435],"class_list":["post-216703","post","type-post","status-publish","format-standard","has-post-thumbnail","hentry","category-intervjuer-med-proffsspelare","generate-columns","tablet-grid-50","mobile-grid-100","grid-parent","grid-33"],"acf":[],"yoast_head":"<!-- This site is optimized with the Yoast SEO Premium plugin v27.4 (Yoast SEO v27.4) - https:\/\/yoast.com\/product\/yoast-seo-premium-wordpress\/ -->\n<title>Juan Tello intervju om nya padelpartnerskap och karri\u00e4rval<\/title>\n<meta name=\"description\" content=\"Uppt\u00e4ck Juan Tellos insikter om partnerbyten, mentala utmaningar och nycklar till framg\u00e5ng i proffspadel efter ett \u00e5r av sv\u00e5ra beslut.\" \/>\n<meta name=\"robots\" content=\"index, follow, max-snippet:-1, max-image-preview:large, max-video-preview:-1\" \/>\n<link rel=\"canonical\" href=\"https:\/\/practicapadel.com\/sv\/intervjuer-med-proffsspelare\/juan-tello-nya-borjan-svara-val-proffspadel\/\" \/>\n<meta property=\"og:locale\" content=\"sv_SE\" \/>\n<meta property=\"og:type\" content=\"article\" \/>\n<meta property=\"og:title\" content=\"Juan Tello om nya b\u00f6rjan och sv\u00e5ra val i proffspadel\" \/>\n<meta property=\"og:description\" content=\"Uppt\u00e4ck Juan Tellos insikter om partnerbyten, mentala utmaningar och nycklar till framg\u00e5ng i proffspadel efter ett \u00e5r av sv\u00e5ra beslut.\" \/>\n<meta property=\"og:url\" content=\"https:\/\/practicapadel.com\/sv\/intervjuer-med-proffsspelare\/juan-tello-nya-borjan-svara-val-proffspadel\/\" \/>\n<meta property=\"og:site_name\" content=\"Practica Padel\" \/>\n<meta property=\"article:published_time\" content=\"2026-01-19T05:02:02+00:00\" \/>\n<meta property=\"article:modified_time\" content=\"2026-01-19T05:23:38+00:00\" \/>\n<meta property=\"og:image\" content=\"https:\/\/practicapadel.com\/wp-content\/uploads\/2026\/01\/juan-tello-padel-partnerskap.png\" \/>\n\t<meta property=\"og:image:width\" content=\"1200\" \/>\n\t<meta property=\"og:image:height\" content=\"900\" \/>\n\t<meta property=\"og:image:type\" content=\"image\/png\" \/>\n<meta name=\"author\" content=\"Practica Padel Team\" \/>\n<meta name=\"twitter:card\" content=\"summary_large_image\" \/>\n<meta name=\"twitter:label1\" content=\"Skriven av\" \/>\n\t<meta name=\"twitter:data1\" content=\"Practica Padel Team\" \/>\n\t<meta name=\"twitter:label2\" content=\"Ber\u00e4knad l\u00e4stid\" \/>\n\t<meta name=\"twitter:data2\" content=\"5 minuter\" \/>\n<script type=\"application\/ld+json\" class=\"yoast-schema-graph\">{\"@context\":\"https:\\\/\\\/schema.org\",\"@graph\":[{\"@type\":\"Article\",\"@id\":\"https:\\\/\\\/practicapadel.com\\\/sv\\\/intervjuer-med-proffsspelare\\\/juan-tello-nya-borjan-svara-val-proffspadel\\\/#article\",\"isPartOf\":{\"@id\":\"https:\\\/\\\/practicapadel.com\\\/sv\\\/intervjuer-med-proffsspelare\\\/juan-tello-nya-borjan-svara-val-proffspadel\\\/\"},\"author\":{\"name\":\"Practica Padel Team\",\"@id\":\"https:\\\/\\\/practicapadel.com\\\/sv\\\/#\\\/schema\\\/person\\\/af64f7b6f369d9f8143409566a9a8666\"},\"headline\":\"Juan Tello om nya b\u00f6rjan och sv\u00e5ra val i proffspadel\",\"datePublished\":\"2026-01-19T05:02:02+00:00\",\"dateModified\":\"2026-01-19T05:23:38+00:00\",\"mainEntityOfPage\":{\"@id\":\"https:\\\/\\\/practicapadel.com\\\/sv\\\/intervjuer-med-proffsspelare\\\/juan-tello-nya-borjan-svara-val-proffspadel\\\/\"},\"wordCount\":1033,\"publisher\":{\"@id\":\"https:\\\/\\\/practicapadel.com\\\/sv\\\/#organization\"},\"image\":{\"@id\":\"https:\\\/\\\/practicapadel.com\\\/sv\\\/intervjuer-med-proffsspelare\\\/juan-tello-nya-borjan-svara-val-proffspadel\\\/#primaryimage\"},\"thumbnailUrl\":\"https:\\\/\\\/practicapadel.com\\\/wp-content\\\/uploads\\\/2026\\\/01\\\/juan-tello-padel-partnerskap.png\",\"articleSection\":[\"Intervjuer med proffsspelare\"],\"inLanguage\":\"sv-SE\"},{\"@type\":\"WebPage\",\"@id\":\"https:\\\/\\\/practicapadel.com\\\/sv\\\/intervjuer-med-proffsspelare\\\/juan-tello-nya-borjan-svara-val-proffspadel\\\/\",\"url\":\"https:\\\/\\\/practicapadel.com\\\/sv\\\/intervjuer-med-proffsspelare\\\/juan-tello-nya-borjan-svara-val-proffspadel\\\/\",\"name\":\"Juan Tello intervju om nya padelpartnerskap och karri\u00e4rval\",\"isPartOf\":{\"@id\":\"https:\\\/\\\/practicapadel.com\\\/sv\\\/#website\"},\"primaryImageOfPage\":{\"@id\":\"https:\\\/\\\/practicapadel.com\\\/sv\\\/intervjuer-med-proffsspelare\\\/juan-tello-nya-borjan-svara-val-proffspadel\\\/#primaryimage\"},\"image\":{\"@id\":\"https:\\\/\\\/practicapadel.com\\\/sv\\\/intervjuer-med-proffsspelare\\\/juan-tello-nya-borjan-svara-val-proffspadel\\\/#primaryimage\"},\"thumbnailUrl\":\"https:\\\/\\\/practicapadel.com\\\/wp-content\\\/uploads\\\/2026\\\/01\\\/juan-tello-padel-partnerskap.png\",\"datePublished\":\"2026-01-19T05:02:02+00:00\",\"dateModified\":\"2026-01-19T05:23:38+00:00\",\"description\":\"Uppt\u00e4ck Juan Tellos insikter om partnerbyten, mentala utmaningar och nycklar till framg\u00e5ng i proffspadel efter ett \u00e5r av sv\u00e5ra beslut.\",\"breadcrumb\":{\"@id\":\"https:\\\/\\\/practicapadel.com\\\/sv\\\/intervjuer-med-proffsspelare\\\/juan-tello-nya-borjan-svara-val-proffspadel\\\/#breadcrumb\"},\"inLanguage\":\"sv-SE\",\"potentialAction\":[{\"@type\":\"ReadAction\",\"target\":[\"https:\\\/\\\/practicapadel.com\\\/sv\\\/intervjuer-med-proffsspelare\\\/juan-tello-nya-borjan-svara-val-proffspadel\\\/\"]}]},{\"@type\":\"ImageObject\",\"inLanguage\":\"sv-SE\",\"@id\":\"https:\\\/\\\/practicapadel.com\\\/sv\\\/intervjuer-med-proffsspelare\\\/juan-tello-nya-borjan-svara-val-proffspadel\\\/#primaryimage\",\"url\":\"https:\\\/\\\/practicapadel.com\\\/wp-content\\\/uploads\\\/2026\\\/01\\\/juan-tello-padel-partnerskap.png\",\"contentUrl\":\"https:\\\/\\\/practicapadel.com\\\/wp-content\\\/uploads\\\/2026\\\/01\\\/juan-tello-padel-partnerskap.png\",\"width\":1200,\"height\":900,\"caption\":\"juan tello padel partnerskap\"},{\"@type\":\"BreadcrumbList\",\"@id\":\"https:\\\/\\\/practicapadel.com\\\/sv\\\/intervjuer-med-proffsspelare\\\/juan-tello-nya-borjan-svara-val-proffspadel\\\/#breadcrumb\",\"itemListElement\":[{\"@type\":\"ListItem\",\"position\":1,\"name\":\"Hem\",\"item\":\"https:\\\/\\\/practicapadel.com\\\/sv\\\/\"},{\"@type\":\"ListItem\",\"position\":2,\"name\":\"Intervjuer med proffsspelare\",\"item\":\"https:\\\/\\\/practicapadel.com\\\/sv\\\/kategori\\\/intervjuer-med-proffsspelare\\\/\"},{\"@type\":\"ListItem\",\"position\":3,\"name\":\"Juan Tello om nya b\u00f6rjan och sv\u00e5ra val i proffspadel\"}]},{\"@type\":\"WebSite\",\"@id\":\"https:\\\/\\\/practicapadel.com\\\/sv\\\/#website\",\"url\":\"https:\\\/\\\/practicapadel.com\\\/sv\\\/\",\"name\":\"Practica Padel\",\"description\":\"Din kompletta k\u00e4lla f\u00f6r padelutrustning, tr\u00e4ning och spelarinsikterDin kompletta k\u00e4lla f\u00f6r padelutrustning, tr\u00e4ning och spelarinsikter\",\"publisher\":{\"@id\":\"https:\\\/\\\/practicapadel.com\\\/sv\\\/#organization\"},\"potentialAction\":[{\"@type\":\"SearchAction\",\"target\":{\"@type\":\"EntryPoint\",\"urlTemplate\":\"https:\\\/\\\/practicapadel.com\\\/sv\\\/?s={search_term_string}\"},\"query-input\":{\"@type\":\"PropertyValueSpecification\",\"valueRequired\":true,\"valueName\":\"search_term_string\"}}],\"inLanguage\":\"sv-SE\"},{\"@type\":\"Organization\",\"@id\":\"https:\\\/\\\/practicapadel.com\\\/sv\\\/#organization\",\"name\":\"Practica Padel\",\"url\":\"https:\\\/\\\/practicapadel.com\\\/sv\\\/\",\"logo\":{\"@type\":\"ImageObject\",\"inLanguage\":\"sv-SE\",\"@id\":\"https:\\\/\\\/practicapadel.com\\\/sv\\\/#\\\/schema\\\/logo\\\/image\\\/\",\"url\":\"https:\\\/\\\/practicapadel.com\\\/wp-content\\\/uploads\\\/2025\\\/08\\\/practica-padel-695x695-1.png\",\"contentUrl\":\"https:\\\/\\\/practicapadel.com\\\/wp-content\\\/uploads\\\/2025\\\/08\\\/practica-padel-695x695-1.png\",\"width\":695,\"height\":695,\"caption\":\"Practica Padel\"},\"image\":{\"@id\":\"https:\\\/\\\/practicapadel.com\\\/sv\\\/#\\\/schema\\\/logo\\\/image\\\/\"},\"description\":\"Practica Padel \u00e4r en expertbaserad digital tidning dedikerad till padel. Vi erbjuder p\u00e5litliga racketrecensioner, tr\u00e4ning och taktik, slagguider, fitnessinsikter, turneringsbevakning, livsstilsartiklar och spelarhistorier f\u00f6r padelentusiaster v\u00e4rlden \u00f6ver.\",\"email\":\"thepracticapadel@gmail.com\",\"foundingDate\":\"2025-05-30\",\"numberOfEmployees\":{\"@type\":\"QuantitativeValue\",\"minValue\":\"1\",\"maxValue\":\"10\"}},{\"@type\":\"Person\",\"@id\":\"https:\\\/\\\/practicapadel.com\\\/sv\\\/#\\\/schema\\\/person\\\/af64f7b6f369d9f8143409566a9a8666\",\"name\":\"Practica Padel Team\",\"image\":{\"@type\":\"ImageObject\",\"inLanguage\":\"sv-SE\",\"@id\":\"https:\\\/\\\/secure.gravatar.com\\\/avatar\\\/5b00b8a0294a5ffc79b628cac1f1bedf7802f97bc10a75d3c2065bfb3e5d55d7?s=96&d=mm&r=g\",\"url\":\"https:\\\/\\\/secure.gravatar.com\\\/avatar\\\/5b00b8a0294a5ffc79b628cac1f1bedf7802f97bc10a75d3c2065bfb3e5d55d7?s=96&d=mm&r=g\",\"contentUrl\":\"https:\\\/\\\/secure.gravatar.com\\\/avatar\\\/5b00b8a0294a5ffc79b628cac1f1bedf7802f97bc10a75d3c2065bfb3e5d55d7?s=96&d=mm&r=g\",\"caption\":\"Practica Padel Team\"},\"description\":\"Specialists in curating insights from padel coaches, professional players, and trusted reviewers. Our goal is to make expert knowledge easy to understand and accessible for every player.\",\"sameAs\":[\"http:\\\/\\\/practicapadel.com\"],\"knowsAbout\":[\"Padel racket reviews\",\"Padel training\",\"Sports journalism\",\"Equipment analysis\",\"Data structuring\",\"Knowledge curation\",\"PHP\",\"Javascript\",\"Webdesign\"],\"knowsLanguage\":[\"Danish\",\"English\",\"French\",\"German\",\"Italian\",\"Spanish\",\"Swedish\",\"Dutch\",\"Greek\",\"Norwegian (Bokm\u00e5l)\",\"Polish\",\"Portuguese\",\"Estonian\",\"Finnish\"],\"jobTitle\":\"Editorial Team\",\"worksFor\":\"Practica Padel\",\"url\":\"https:\\\/\\\/practicapadel.com\\\/sv\\\/author\\\/practica-padel-team\\\/\"}]}<\/script>\n<!-- \/ Yoast SEO Premium plugin. -->","yoast_head_json":{"title":"Juan Tello intervju om nya padelpartnerskap och karri\u00e4rval","description":"Uppt\u00e4ck Juan Tellos insikter om partnerbyten, mentala utmaningar och nycklar till framg\u00e5ng i proffspadel efter ett \u00e5r av sv\u00e5ra beslut.","robots":{"index":"index","follow":"follow","max-snippet":"max-snippet:-1","max-image-preview":"max-image-preview:large","max-video-preview":"max-video-preview:-1"},"canonical":"https:\/\/practicapadel.com\/sv\/intervjuer-med-proffsspelare\/juan-tello-nya-borjan-svara-val-proffspadel\/","og_locale":"sv_SE","og_type":"article","og_title":"Juan Tello om nya b\u00f6rjan och sv\u00e5ra val i proffspadel","og_description":"Uppt\u00e4ck Juan Tellos insikter om partnerbyten, mentala utmaningar och nycklar till framg\u00e5ng i proffspadel efter ett \u00e5r av sv\u00e5ra beslut.","og_url":"https:\/\/practicapadel.com\/sv\/intervjuer-med-proffsspelare\/juan-tello-nya-borjan-svara-val-proffspadel\/","og_site_name":"Practica Padel","article_published_time":"2026-01-19T05:02:02+00:00","article_modified_time":"2026-01-19T05:23:38+00:00","og_image":[{"width":1200,"height":900,"url":"https:\/\/practicapadel.com\/wp-content\/uploads\/2026\/01\/juan-tello-padel-partnerskap.png","type":"image\/png"}],"author":"Practica Padel Team","twitter_card":"summary_large_image","twitter_misc":{"Skriven av":"Practica Padel Team","Ber\u00e4knad l\u00e4stid":"5 minuter"},"schema":{"@context":"https:\/\/schema.org","@graph":[{"@type":"Article","@id":"https:\/\/practicapadel.com\/sv\/intervjuer-med-proffsspelare\/juan-tello-nya-borjan-svara-val-proffspadel\/#article","isPartOf":{"@id":"https:\/\/practicapadel.com\/sv\/intervjuer-med-proffsspelare\/juan-tello-nya-borjan-svara-val-proffspadel\/"},"author":{"name":"Practica Padel Team","@id":"https:\/\/practicapadel.com\/sv\/#\/schema\/person\/af64f7b6f369d9f8143409566a9a8666"},"headline":"Juan Tello om nya b\u00f6rjan och sv\u00e5ra val i proffspadel","datePublished":"2026-01-19T05:02:02+00:00","dateModified":"2026-01-19T05:23:38+00:00","mainEntityOfPage":{"@id":"https:\/\/practicapadel.com\/sv\/intervjuer-med-proffsspelare\/juan-tello-nya-borjan-svara-val-proffspadel\/"},"wordCount":1033,"publisher":{"@id":"https:\/\/practicapadel.com\/sv\/#organization"},"image":{"@id":"https:\/\/practicapadel.com\/sv\/intervjuer-med-proffsspelare\/juan-tello-nya-borjan-svara-val-proffspadel\/#primaryimage"},"thumbnailUrl":"https:\/\/practicapadel.com\/wp-content\/uploads\/2026\/01\/juan-tello-padel-partnerskap.png","articleSection":["Intervjuer med proffsspelare"],"inLanguage":"sv-SE"},{"@type":"WebPage","@id":"https:\/\/practicapadel.com\/sv\/intervjuer-med-proffsspelare\/juan-tello-nya-borjan-svara-val-proffspadel\/","url":"https:\/\/practicapadel.com\/sv\/intervjuer-med-proffsspelare\/juan-tello-nya-borjan-svara-val-proffspadel\/","name":"Juan Tello intervju om nya padelpartnerskap och karri\u00e4rval","isPartOf":{"@id":"https:\/\/practicapadel.com\/sv\/#website"},"primaryImageOfPage":{"@id":"https:\/\/practicapadel.com\/sv\/intervjuer-med-proffsspelare\/juan-tello-nya-borjan-svara-val-proffspadel\/#primaryimage"},"image":{"@id":"https:\/\/practicapadel.com\/sv\/intervjuer-med-proffsspelare\/juan-tello-nya-borjan-svara-val-proffspadel\/#primaryimage"},"thumbnailUrl":"https:\/\/practicapadel.com\/wp-content\/uploads\/2026\/01\/juan-tello-padel-partnerskap.png","datePublished":"2026-01-19T05:02:02+00:00","dateModified":"2026-01-19T05:23:38+00:00","description":"Uppt\u00e4ck Juan Tellos insikter om partnerbyten, mentala utmaningar och nycklar till framg\u00e5ng i proffspadel efter ett \u00e5r av sv\u00e5ra beslut.","breadcrumb":{"@id":"https:\/\/practicapadel.com\/sv\/intervjuer-med-proffsspelare\/juan-tello-nya-borjan-svara-val-proffspadel\/#breadcrumb"},"inLanguage":"sv-SE","potentialAction":[{"@type":"ReadAction","target":["https:\/\/practicapadel.com\/sv\/intervjuer-med-proffsspelare\/juan-tello-nya-borjan-svara-val-proffspadel\/"]}]},{"@type":"ImageObject","inLanguage":"sv-SE","@id":"https:\/\/practicapadel.com\/sv\/intervjuer-med-proffsspelare\/juan-tello-nya-borjan-svara-val-proffspadel\/#primaryimage","url":"https:\/\/practicapadel.com\/wp-content\/uploads\/2026\/01\/juan-tello-padel-partnerskap.png","contentUrl":"https:\/\/practicapadel.com\/wp-content\/uploads\/2026\/01\/juan-tello-padel-partnerskap.png","width":1200,"height":900,"caption":"juan tello padel partnerskap"},{"@type":"BreadcrumbList","@id":"https:\/\/practicapadel.com\/sv\/intervjuer-med-proffsspelare\/juan-tello-nya-borjan-svara-val-proffspadel\/#breadcrumb","itemListElement":[{"@type":"ListItem","position":1,"name":"Hem","item":"https:\/\/practicapadel.com\/sv\/"},{"@type":"ListItem","position":2,"name":"Intervjuer med proffsspelare","item":"https:\/\/practicapadel.com\/sv\/kategori\/intervjuer-med-proffsspelare\/"},{"@type":"ListItem","position":3,"name":"Juan Tello om nya b\u00f6rjan och sv\u00e5ra val i proffspadel"}]},{"@type":"WebSite","@id":"https:\/\/practicapadel.com\/sv\/#website","url":"https:\/\/practicapadel.com\/sv\/","name":"Practica Padel","description":"Din kompletta k\u00e4lla f\u00f6r padelutrustning, tr\u00e4ning och spelarinsikterDin kompletta k\u00e4lla f\u00f6r padelutrustning, tr\u00e4ning och spelarinsikter","publisher":{"@id":"https:\/\/practicapadel.com\/sv\/#organization"},"potentialAction":[{"@type":"SearchAction","target":{"@type":"EntryPoint","urlTemplate":"https:\/\/practicapadel.com\/sv\/?s={search_term_string}"},"query-input":{"@type":"PropertyValueSpecification","valueRequired":true,"valueName":"search_term_string"}}],"inLanguage":"sv-SE"},{"@type":"Organization","@id":"https:\/\/practicapadel.com\/sv\/#organization","name":"Practica Padel","url":"https:\/\/practicapadel.com\/sv\/","logo":{"@type":"ImageObject","inLanguage":"sv-SE","@id":"https:\/\/practicapadel.com\/sv\/#\/schema\/logo\/image\/","url":"https:\/\/practicapadel.com\/wp-content\/uploads\/2025\/08\/practica-padel-695x695-1.png","contentUrl":"https:\/\/practicapadel.com\/wp-content\/uploads\/2025\/08\/practica-padel-695x695-1.png","width":695,"height":695,"caption":"Practica Padel"},"image":{"@id":"https:\/\/practicapadel.com\/sv\/#\/schema\/logo\/image\/"},"description":"Practica Padel \u00e4r en expertbaserad digital tidning dedikerad till padel. Vi erbjuder p\u00e5litliga racketrecensioner, tr\u00e4ning och taktik, slagguider, fitnessinsikter, turneringsbevakning, livsstilsartiklar och spelarhistorier f\u00f6r padelentusiaster v\u00e4rlden \u00f6ver.","email":"thepracticapadel@gmail.com","foundingDate":"2025-05-30","numberOfEmployees":{"@type":"QuantitativeValue","minValue":"1","maxValue":"10"}},{"@type":"Person","@id":"https:\/\/practicapadel.com\/sv\/#\/schema\/person\/af64f7b6f369d9f8143409566a9a8666","name":"Practica Padel Team","image":{"@type":"ImageObject","inLanguage":"sv-SE","@id":"https:\/\/secure.gravatar.com\/avatar\/5b00b8a0294a5ffc79b628cac1f1bedf7802f97bc10a75d3c2065bfb3e5d55d7?s=96&d=mm&r=g","url":"https:\/\/secure.gravatar.com\/avatar\/5b00b8a0294a5ffc79b628cac1f1bedf7802f97bc10a75d3c2065bfb3e5d55d7?s=96&d=mm&r=g","contentUrl":"https:\/\/secure.gravatar.com\/avatar\/5b00b8a0294a5ffc79b628cac1f1bedf7802f97bc10a75d3c2065bfb3e5d55d7?s=96&d=mm&r=g","caption":"Practica Padel Team"},"description":"Specialists in curating insights from padel coaches, professional players, and trusted reviewers. Our goal is to make expert knowledge easy to understand and accessible for every player.","sameAs":["http:\/\/practicapadel.com"],"knowsAbout":["Padel racket reviews","Padel training","Sports journalism","Equipment analysis","Data structuring","Knowledge curation","PHP","Javascript","Webdesign"],"knowsLanguage":["Danish","English","French","German","Italian","Spanish","Swedish","Dutch","Greek","Norwegian (Bokm\u00e5l)","Polish","Portuguese","Estonian","Finnish"],"jobTitle":"Editorial Team","worksFor":"Practica Padel","url":"https:\/\/practicapadel.com\/sv\/author\/practica-padel-team\/"}]}},"_links":{"self":[{"href":"https:\/\/practicapadel.com\/sv\/wp-json\/wp\/v2\/posts\/216703","targetHints":{"allow":["GET"]}}],"collection":[{"href":"https:\/\/practicapadel.com\/sv\/wp-json\/wp\/v2\/posts"}],"about":[{"href":"https:\/\/practicapadel.com\/sv\/wp-json\/wp\/v2\/types\/post"}],"author":[{"embeddable":true,"href":"https:\/\/practicapadel.com\/sv\/wp-json\/wp\/v2\/users\/1"}],"replies":[{"embeddable":true,"href":"https:\/\/practicapadel.com\/sv\/wp-json\/wp\/v2\/comments?post=216703"}],"version-history":[{"count":2,"href":"https:\/\/practicapadel.com\/sv\/wp-json\/wp\/v2\/posts\/216703\/revisions"}],"predecessor-version":[{"id":216885,"href":"https:\/\/practicapadel.com\/sv\/wp-json\/wp\/v2\/posts\/216703\/revisions\/216885"}],"wp:featuredmedia":[{"embeddable":true,"href":"https:\/\/practicapadel.com\/sv\/wp-json\/wp\/v2\/media\/216886"}],"wp:attachment":[{"href":"https:\/\/practicapadel.com\/sv\/wp-json\/wp\/v2\/media?parent=216703"}],"wp:term":[{"taxonomy":"category","embeddable":true,"href":"https:\/\/practicapadel.com\/sv\/wp-json\/wp\/v2\/categories?post=216703"},{"taxonomy":"post_tag","embeddable":true,"href":"https:\/\/practicapadel.com\/sv\/wp-json\/wp\/v2\/tags?post=216703"},{"taxonomy":"youtube-channel","embeddable":true,"href":"https:\/\/practicapadel.com\/sv\/wp-json\/wp\/v2\/youtube-channel?post=216703"}],"curies":[{"name":"wp","href":"https:\/\/api.w.org\/{rel}","templated":true}]}}