{"id":226277,"date":"2026-01-27T19:26:26","date_gmt":"2026-01-27T19:26:26","guid":{"rendered":"https:\/\/practicapadel.com\/padel-artiklar\/fernando-belasteguin-on-adapting-and-shaping-padels-global-future\/"},"modified":"2026-01-27T19:52:04","modified_gmt":"2026-01-27T19:52:04","slug":"fernando-belasteguin-anpassa-forma-padelns-globala-framtid","status":"publish","type":"post","link":"https:\/\/practicapadel.com\/sv\/intervjuer-med-proffsspelare\/fernando-belasteguin-anpassa-forma-padelns-globala-framtid\/","title":{"rendered":"Fernando Belastegu\u00edn om att anpassa sig och forma padelns globala framtid"},"content":{"rendered":"<h2>Fernando &#8217;Bela&#8217; Belastegu\u00edn reflekterar \u00f6ver en legendarisk padelkarri\u00e4r och sportens utveckling<\/h2>\n<p>Kanalens intervju med <strong>Fernando &#8217;Bela&#8217; Belastegu\u00edn<\/strong> ger en s\u00e4llsynt, djupg\u00e5ende inblick i tankes\u00e4ttet och resan hos sportens mest dekorerade spelare. Med <strong>16 \u00e5r som v\u00e4rldsetta<\/strong> och \u00f6ver <strong>230 titlar<\/strong> \u00e4r Belas ber\u00e4ttelse en om organisk tillv\u00e4xt, st\u00e4ndig anpassning och en djup passion f\u00f6r padel. Han b\u00f6rjade spela vid 10 \u00e5rs \u00e5lder i sin hemstad och gick snabbt fr\u00e5n fotboll till padel n\u00e4r de f\u00f6rsta banorna d\u00f6k upp lokalt. Vid 15 \u00e5rs \u00e5lder t\u00e4vlade han redan professionellt, \u00e4ven om han beskriver de tidiga \u00e5ren som en naturlig utveckling snarare \u00e4n en medveten jakt p\u00e5 storhet.<\/p>\n<p>Belas flytt fr\u00e5n Argentina till Spanien blev en v\u00e4ndpunkt, driven av hans \u00f6nskan att t\u00e4vla mot de allra b\u00e4sta n\u00e4r den professionella scenen flyttade till Europa. Han betonar att hans l\u00e5nga tid p\u00e5 toppen endast var m\u00f6jlig genom st\u00e4ndig anpassning \u2013 b\u00e5de till sportens f\u00f6r\u00e4nderliga krav och till hans egna fysiska f\u00f6ruts\u00e4ttningar.<\/p>\n<h2>Anpassning till f\u00f6r\u00e4ndring: banor, utrustning och det moderna spelet<\/h2>\n<p>Under tre decennier p\u00e5 elitniv\u00e5 har Bela bevittnat \u2013 och omfamnat \u2013 betydande f\u00f6r\u00e4ndringar inom padel. Han minns att han b\u00f6rjade p\u00e5 <strong>cementbanor<\/strong> och anpassade sig n\u00e4r underlag, utrustning och speltempo utvecklades. Recensenten lyfter fram Belas filosofi: f\u00f6r att f\u00f6rbli konkurrenskraftig m\u00e5ste en professionell spelare f\u00f6rutse och anpassa sig till varje f\u00f6r\u00e4ndring i sporten, fr\u00e5n banteknik till bollhastighet.<\/p>\n<p>Under de senaste \u00e5ren har Bela m\u00e4rkt att spelet blivit betydligt snabbare, med snabbare bollar och mer dynamiska r\u00f6relser. Denna acceleration, medger han, sammanf\u00f6ll med att hans egna reflexer och snabbhet naturligt blev l\u00e5ngsammare, vilket gjorde det allt sv\u00e5rare att beh\u00e5lla en topp-tio-placering. \u00c4nd\u00e5 ser han dessa f\u00f6r\u00e4ndringar som oundvikliga och till och med h\u00e4lsosamma f\u00f6r sportens utveckling.<\/p>\n<h2>Padelns globala tillv\u00e4xt och m\u00f6jligheten i USA<\/h2>\n<p>Skaparen utforskar tillsammans med Bela padelns explosiva tillv\u00e4xt v\u00e4rlden \u00f6ver. Sporten var tidigare koncentrerad till <strong>Argentina<\/strong> och <strong>Spanien<\/strong>, men har nu f\u00e5tt mycket st\u00f6rre spridning. Bela tillskriver \u00f6kningen <strong>sociala medier<\/strong> f\u00f6r att ha accelererat den globala medvetenheten, men p\u00e5pekar snabbt att padel fortfarande \u00e4r i sin linda i m\u00e5nga regioner.<\/p>\n<p>Med fokus p\u00e5 <strong>USA<\/strong> ser Bela enorm potential, s\u00e4rskilt i <strong>S\u00f6dra Florida<\/strong> d\u00e4r sporten vinner mark. Han liknar padelns nuvarande stadium vid en bebis som just b\u00f6rjat krypa, med en l\u00e5ng v\u00e4g kvar innan den kan &#8217;springa hundra meter&#8217;. Bela \u00e4r dock \u00f6vertygad om att padel kommer att bli en stor global sport inom det kommande decenniet.<\/p>\n<p>Intressant nog ser han \u00f6kningen av <strong>pickleball<\/strong> i USA som en positiv kraft och f\u00f6rutsp\u00e5r att m\u00e5nga pickleballspelare s\u00e5 sm\u00e5ningom kommer att g\u00e5 \u00f6ver till padel, vilket ytterligare p\u00e5skyndar tillv\u00e4xten. Han f\u00f6respr\u00e5kar hybridklubbar som erbjuder b\u00e5da sporterna och betonar deras kompletterande karakt\u00e4r snarare \u00e4n konkurrens.<\/p>\n<h2>Varum\u00e4rket Bela Padel och internationell klubbexpansion<\/h2>\n<p>Bela diskuterar sin vision f\u00f6r varum\u00e4rket <strong>Bela Padel Center<\/strong>, som b\u00f6rjade som ett koncept under pandemin och blev verklighet med \u00f6ppningen av en flaggskeppsklubb i Alicante. Projektet fungerar som ett &#8217;laboratorium&#8217; f\u00f6r hans metodik och filosofi, med planer p\u00e5 global expansion n\u00e4r ett st\u00f6rre center \u00f6ppnar i <strong>Barcelona<\/strong>.<\/p>\n<p>Han understryker vikten av att l\u00e4ra genom erfarenhet \u2013 att testa id\u00e9er, g\u00f6ra misstag och f\u00f6rfina modellen innan man skalar upp. Det slutgiltiga m\u00e5let \u00e4r att etablera Barcelona som huvudkontor och sedan ta konceptet Bela Padel Center till marknader som USA, alltid med fokus p\u00e5 vad som \u00e4r b\u00e4st f\u00f6r sportens h\u00e5llbara tillv\u00e4xt.<\/p>\n<h2>Uppvisningsevent, Premier Padel League och spelarstatus<\/h2>\n<p>N\u00e4r det g\u00e4ller den konkurrensutsatta scenen delar Bela sin syn p\u00e5 \u00f6kningen av nya format som <strong>Premier Padel League (PPL)<\/strong>, <strong>Hexagon Cup<\/strong> och andra uppvisningsevent. Han anser att dessa turneringar \u00e4r v\u00e4rdefulla f\u00f6r att marknadsf\u00f6ra padel och locka nya publikgrupper, s\u00e4rskilt p\u00e5 tillv\u00e4xtmarknader som USA och Indien.<\/p>\n<p>Bela skiljer dock p\u00e5 statusen hos rankingbaserade kretsar, som <strong>Premier Padel<\/strong>, och de ekonomiska incitamenten i uppvisningsevent. F\u00f6r honom kommer den verkliga prestigen av att vara nummer ett i officiella rankingar, inte av enskilda eventvinster. Han f\u00f6respr\u00e5kar en balanserad strategi d\u00e4r b\u00e5de uppvisnings- och rankingevent samexisterar f\u00f6r att maximera sportens synlighet och trov\u00e4rdighet.<\/p>\n<h2>Ekonomiska realiteter och det professionella padelsystemet<\/h2>\n<p>Kanalen g\u00e5r in p\u00e5 ekonomin inom professionell padel, och Bela ger en \u00f6ppen genomg\u00e5ng av spelarnas inkomster:<\/p>\n<ul>\n<li><strong>Rank 1:<\/strong> Upp till 4 miljoner dollar \u00e5rligen<\/li>\n<li><strong>Rank 10:<\/strong> Cirka 1,5 miljoner dollar<\/li>\n<li><strong>Rank 11\u201320:<\/strong> 1,5 miljoner till 800 000 dollar<\/li>\n<li><strong>L\u00e4gre rank (20+):<\/strong> Minskande belopp, d\u00e4r unga spelare ofta tj\u00e4nar betydligt mindre<\/li>\n<\/ul>\n<p>Han noterar att prispengarna har \u00f6kat exponentiellt de senaste tre \u00e5ren med Premier Padels int\u00e5g, men betonar behovet av fortsatt tillv\u00e4xt och r\u00e4ttvis f\u00f6rdelning mellan spelare och arrang\u00f6rer. Bela tar ocks\u00e5 upp sponsringars och sociala mediers roll och menar att \u00e4ven om n\u00e4rvaro online kan hj\u00e4lpa, ers\u00e4tter inget v\u00e4rdet av att vinna p\u00e5 banan. Han uppmanar blivande proffs att fokusera p\u00e5 tr\u00e4ning och resultat snarare \u00e4n antalet f\u00f6ljare.<\/p>\n<h2>Miamis Premier Padel-event och vikten av inomhusarenor<\/h2>\n<p>Bela uttrycker entusiasm \u00f6ver att arrangera den f\u00f6rsta <strong>Premier Padel-turneringen i Miami<\/strong> och ser det som ett avg\u00f6rande \u00f6gonblick f\u00f6r sportens expansion i Nordamerika. Evenemanget kommer att h\u00e5llas p\u00e5 <strong>Miami Beach Convention Center<\/strong>, med en kapacitet p\u00e5 cirka <strong>1 700 \u00e5sk\u00e5dare<\/strong> (1 300 p\u00e5 l\u00e4ktarna och 400 i loger). Han f\u00f6rklarar beslutet att h\u00e5lla turneringen &#8217;boutique&#8217; i skala de f\u00f6rsta \u00e5ren, med fokus p\u00e5 kvalitet och lokalt engagemang framf\u00f6r snabb expansion.<\/p>\n<p>Han lyfter ocks\u00e5 fram f\u00f6rdelarna med att h\u00e5lla evenemanget inomhus \u2013 vilket eliminerar problem med vind, regn och fukt som p\u00e5verkat tidigare utomhusturneringar i Miami. Denna kontrollerade milj\u00f6, menar han, ger en b\u00e4ttre upplevelse f\u00f6r b\u00e5de spelare och publik och s\u00e4tter standarden f\u00f6r framtida evenemang i regionen.<\/p>\n<h2>Samarbete med Wilson och padelutrustningens framtid<\/h2>\n<p>Intervjun avslutas med att Bela reflekterar \u00f6ver sitt samarbete med <strong>Wilson<\/strong>, ett varum\u00e4rke han beundrar f\u00f6r dess ledarskap inom racketsport. Han \u00e4r djupt involverad i utvecklingen av sin egen produktlinje inom Wilson och siktar p\u00e5 att g\u00f6ra den till v\u00e4rldens ledande padelm\u00e4rke. Med mer tid efter pensionen planerar Bela att arbeta n\u00e4ra ingenj\u00f6rer f\u00f6r att f\u00f6rfina och ut\u00f6ka sin produktkollektion, s\u00e5 att den m\u00f6ter spelarnas f\u00f6r\u00e4nderliga behov v\u00e4rlden \u00f6ver.<\/p>\n<h2>Viktiga l\u00e4rdomar fr\u00e5n Belas insikter om padelns framtid<\/h2>\n<ul>\n<li><strong>Anpassning \u00e4r avg\u00f6rande<\/strong>: Sporten och dess spelare m\u00e5ste st\u00e4ndigt utvecklas f\u00f6r att f\u00f6rbli konkurrenskraftiga.<\/li>\n<li><strong>Global tillv\u00e4xt accelererar<\/strong>, men padel \u00e4r fortfarande i ett tidigt skede p\u00e5 m\u00e5nga marknader, s\u00e4rskilt i USA.<\/li>\n<li><strong>Hybridklubbar och kompletterande sporter<\/strong> som pickleball kan \u00f6ka deltagandet och medvetenheten.<\/li>\n<li><strong>Prestige kommer fr\u00e5n ranking<\/strong>, inte bara eventvinster eller n\u00e4rvaro p\u00e5 sociala medier.<\/li>\n<li><strong>Investering i infrastruktur och kvalitativa evenemang<\/strong> blir avg\u00f6rande f\u00f6r padelns h\u00e5llbara expansion.<\/li>\n<\/ul>\n<p>Belas vision, erfarenhet och fortsatta engagemang f\u00f6r sporten g\u00f6r honom till b\u00e5de en legendarisk spelare och en drivande kraft bakom padelns globala framtid.<\/p>\n","protected":false},"excerpt":{"rendered":"<p>Fernando &#8217;Bela&#8217; Belastegu\u00edn delar med sig av sitt unika perspektiv p\u00e5 padelns utveckling, baserat p\u00e5 decennier i sportens toppskikt. Han diskuterar vikten av anpassning, sportens snabba globala expansion och sin vision f\u00f6r padelns framtid. L\u00e4s vidare f\u00f6r att uppt\u00e4cka Belas insikter om vad som kr\u00e4vs f\u00f6r att f\u00f6rbli relevant och driva tillv\u00e4xt inom padelv\u00e4rlden.<\/p>\n","protected":false},"author":1,"featured_media":226460,"comment_status":"closed","ping_status":"closed","sticky":false,"template":"","format":"standard","meta":{"_acf_changed":false,"footnotes":""},"categories":[540],"tags":[],"youtube-channel":[285],"class_list":["post-226277","post","type-post","status-publish","format-standard","has-post-thumbnail","hentry","category-intervjuer-med-proffsspelare","generate-columns","tablet-grid-50","mobile-grid-100","grid-parent","grid-33"],"acf":[],"yoast_head":"<!-- This site is optimized with the Yoast SEO Premium plugin v27.4 (Yoast SEO v27.4) - https:\/\/yoast.com\/product\/yoast-seo-premium-wordpress\/ -->\n<title>Fernando Belasteguin om padelns utveckling globala tillv\u00e4xt och framtid<\/title>\n<meta name=\"description\" content=\"Uppt\u00e4ck Fernando Belastegu\u00edns unika insikter om att anpassa sig till padelns utveckling, global tillv\u00e4xt och vad som v\u00e4ntar sporten i USA och v\u00e4rlden.\" \/>\n<meta name=\"robots\" content=\"index, follow, max-snippet:-1, max-image-preview:large, max-video-preview:-1\" \/>\n<link rel=\"canonical\" href=\"https:\/\/practicapadel.com\/sv\/intervjuer-med-proffsspelare\/fernando-belasteguin-anpassa-forma-padelns-globala-framtid\/\" \/>\n<meta property=\"og:locale\" content=\"sv_SE\" \/>\n<meta property=\"og:type\" content=\"article\" \/>\n<meta property=\"og:title\" content=\"Fernando Belastegu\u00edn om att anpassa sig och forma padelns globala framtid\" \/>\n<meta property=\"og:description\" content=\"Uppt\u00e4ck Fernando Belastegu\u00edns unika insikter om att anpassa sig till padelns utveckling, global tillv\u00e4xt och vad som v\u00e4ntar sporten i USA och v\u00e4rlden.\" \/>\n<meta property=\"og:url\" content=\"https:\/\/practicapadel.com\/sv\/intervjuer-med-proffsspelare\/fernando-belasteguin-anpassa-forma-padelns-globala-framtid\/\" \/>\n<meta property=\"og:site_name\" content=\"Practica Padel\" \/>\n<meta property=\"article:published_time\" content=\"2026-01-27T19:26:26+00:00\" \/>\n<meta property=\"article:modified_time\" content=\"2026-01-27T19:52:04+00:00\" \/>\n<meta property=\"og:image\" content=\"https:\/\/practicapadel.com\/wp-content\/uploads\/2026\/01\/fernando-belasteguin-padel-legendar.png\" \/>\n\t<meta property=\"og:image:width\" content=\"1200\" \/>\n\t<meta property=\"og:image:height\" content=\"900\" \/>\n\t<meta property=\"og:image:type\" content=\"image\/png\" \/>\n<meta name=\"author\" content=\"Practica Padel Team\" \/>\n<meta name=\"twitter:card\" content=\"summary_large_image\" \/>\n<meta name=\"twitter:label1\" content=\"Skriven av\" \/>\n\t<meta name=\"twitter:data1\" content=\"Practica Padel Team\" \/>\n\t<meta name=\"twitter:label2\" content=\"Ber\u00e4knad l\u00e4stid\" \/>\n\t<meta name=\"twitter:data2\" content=\"6 minuter\" \/>\n<script type=\"application\/ld+json\" class=\"yoast-schema-graph\">{\"@context\":\"https:\\\/\\\/schema.org\",\"@graph\":[{\"@type\":\"Article\",\"@id\":\"https:\\\/\\\/practicapadel.com\\\/sv\\\/intervjuer-med-proffsspelare\\\/fernando-belasteguin-anpassa-forma-padelns-globala-framtid\\\/#article\",\"isPartOf\":{\"@id\":\"https:\\\/\\\/practicapadel.com\\\/sv\\\/intervjuer-med-proffsspelare\\\/fernando-belasteguin-anpassa-forma-padelns-globala-framtid\\\/\"},\"author\":{\"name\":\"Practica Padel Team\",\"@id\":\"https:\\\/\\\/practicapadel.com\\\/sv\\\/#\\\/schema\\\/person\\\/af64f7b6f369d9f8143409566a9a8666\"},\"headline\":\"Fernando Belastegu\u00edn om att anpassa sig och forma padelns globala framtid\",\"datePublished\":\"2026-01-27T19:26:26+00:00\",\"dateModified\":\"2026-01-27T19:52:04+00:00\",\"mainEntityOfPage\":{\"@id\":\"https:\\\/\\\/practicapadel.com\\\/sv\\\/intervjuer-med-proffsspelare\\\/fernando-belasteguin-anpassa-forma-padelns-globala-framtid\\\/\"},\"wordCount\":1239,\"publisher\":{\"@id\":\"https:\\\/\\\/practicapadel.com\\\/sv\\\/#organization\"},\"image\":{\"@id\":\"https:\\\/\\\/practicapadel.com\\\/sv\\\/intervjuer-med-proffsspelare\\\/fernando-belasteguin-anpassa-forma-padelns-globala-framtid\\\/#primaryimage\"},\"thumbnailUrl\":\"https:\\\/\\\/practicapadel.com\\\/wp-content\\\/uploads\\\/2026\\\/01\\\/fernando-belasteguin-padel-legendar.png\",\"articleSection\":[\"Intervjuer med proffsspelare\"],\"inLanguage\":\"sv-SE\"},{\"@type\":\"WebPage\",\"@id\":\"https:\\\/\\\/practicapadel.com\\\/sv\\\/intervjuer-med-proffsspelare\\\/fernando-belasteguin-anpassa-forma-padelns-globala-framtid\\\/\",\"url\":\"https:\\\/\\\/practicapadel.com\\\/sv\\\/intervjuer-med-proffsspelare\\\/fernando-belasteguin-anpassa-forma-padelns-globala-framtid\\\/\",\"name\":\"Fernando Belasteguin om padelns utveckling globala tillv\u00e4xt och framtid\",\"isPartOf\":{\"@id\":\"https:\\\/\\\/practicapadel.com\\\/sv\\\/#website\"},\"primaryImageOfPage\":{\"@id\":\"https:\\\/\\\/practicapadel.com\\\/sv\\\/intervjuer-med-proffsspelare\\\/fernando-belasteguin-anpassa-forma-padelns-globala-framtid\\\/#primaryimage\"},\"image\":{\"@id\":\"https:\\\/\\\/practicapadel.com\\\/sv\\\/intervjuer-med-proffsspelare\\\/fernando-belasteguin-anpassa-forma-padelns-globala-framtid\\\/#primaryimage\"},\"thumbnailUrl\":\"https:\\\/\\\/practicapadel.com\\\/wp-content\\\/uploads\\\/2026\\\/01\\\/fernando-belasteguin-padel-legendar.png\",\"datePublished\":\"2026-01-27T19:26:26+00:00\",\"dateModified\":\"2026-01-27T19:52:04+00:00\",\"description\":\"Uppt\u00e4ck Fernando Belastegu\u00edns unika insikter om att anpassa sig till padelns utveckling, global tillv\u00e4xt och vad som v\u00e4ntar sporten i USA och v\u00e4rlden.\",\"breadcrumb\":{\"@id\":\"https:\\\/\\\/practicapadel.com\\\/sv\\\/intervjuer-med-proffsspelare\\\/fernando-belasteguin-anpassa-forma-padelns-globala-framtid\\\/#breadcrumb\"},\"inLanguage\":\"sv-SE\",\"potentialAction\":[{\"@type\":\"ReadAction\",\"target\":[\"https:\\\/\\\/practicapadel.com\\\/sv\\\/intervjuer-med-proffsspelare\\\/fernando-belasteguin-anpassa-forma-padelns-globala-framtid\\\/\"]}]},{\"@type\":\"ImageObject\",\"inLanguage\":\"sv-SE\",\"@id\":\"https:\\\/\\\/practicapadel.com\\\/sv\\\/intervjuer-med-proffsspelare\\\/fernando-belasteguin-anpassa-forma-padelns-globala-framtid\\\/#primaryimage\",\"url\":\"https:\\\/\\\/practicapadel.com\\\/wp-content\\\/uploads\\\/2026\\\/01\\\/fernando-belasteguin-padel-legendar.png\",\"contentUrl\":\"https:\\\/\\\/practicapadel.com\\\/wp-content\\\/uploads\\\/2026\\\/01\\\/fernando-belasteguin-padel-legendar.png\",\"width\":1200,\"height\":900,\"caption\":\"fernando belasteguin padel legendar\"},{\"@type\":\"BreadcrumbList\",\"@id\":\"https:\\\/\\\/practicapadel.com\\\/sv\\\/intervjuer-med-proffsspelare\\\/fernando-belasteguin-anpassa-forma-padelns-globala-framtid\\\/#breadcrumb\",\"itemListElement\":[{\"@type\":\"ListItem\",\"position\":1,\"name\":\"Hem\",\"item\":\"https:\\\/\\\/practicapadel.com\\\/sv\\\/\"},{\"@type\":\"ListItem\",\"position\":2,\"name\":\"Intervjuer med proffsspelare\",\"item\":\"https:\\\/\\\/practicapadel.com\\\/sv\\\/kategori\\\/intervjuer-med-proffsspelare\\\/\"},{\"@type\":\"ListItem\",\"position\":3,\"name\":\"Fernando Belastegu\u00edn om att anpassa sig och forma padelns globala framtid\"}]},{\"@type\":\"WebSite\",\"@id\":\"https:\\\/\\\/practicapadel.com\\\/sv\\\/#website\",\"url\":\"https:\\\/\\\/practicapadel.com\\\/sv\\\/\",\"name\":\"Practica Padel\",\"description\":\"Din kompletta k\u00e4lla f\u00f6r padelutrustning, tr\u00e4ning och spelarinsikterDin kompletta k\u00e4lla f\u00f6r padelutrustning, tr\u00e4ning och spelarinsikter\",\"publisher\":{\"@id\":\"https:\\\/\\\/practicapadel.com\\\/sv\\\/#organization\"},\"potentialAction\":[{\"@type\":\"SearchAction\",\"target\":{\"@type\":\"EntryPoint\",\"urlTemplate\":\"https:\\\/\\\/practicapadel.com\\\/sv\\\/?s={search_term_string}\"},\"query-input\":{\"@type\":\"PropertyValueSpecification\",\"valueRequired\":true,\"valueName\":\"search_term_string\"}}],\"inLanguage\":\"sv-SE\"},{\"@type\":\"Organization\",\"@id\":\"https:\\\/\\\/practicapadel.com\\\/sv\\\/#organization\",\"name\":\"Practica Padel\",\"url\":\"https:\\\/\\\/practicapadel.com\\\/sv\\\/\",\"logo\":{\"@type\":\"ImageObject\",\"inLanguage\":\"sv-SE\",\"@id\":\"https:\\\/\\\/practicapadel.com\\\/sv\\\/#\\\/schema\\\/logo\\\/image\\\/\",\"url\":\"https:\\\/\\\/practicapadel.com\\\/wp-content\\\/uploads\\\/2025\\\/08\\\/practica-padel-695x695-1.png\",\"contentUrl\":\"https:\\\/\\\/practicapadel.com\\\/wp-content\\\/uploads\\\/2025\\\/08\\\/practica-padel-695x695-1.png\",\"width\":695,\"height\":695,\"caption\":\"Practica Padel\"},\"image\":{\"@id\":\"https:\\\/\\\/practicapadel.com\\\/sv\\\/#\\\/schema\\\/logo\\\/image\\\/\"},\"description\":\"Practica Padel \u00e4r en expertbaserad digital tidning dedikerad till padel. Vi erbjuder p\u00e5litliga racketrecensioner, tr\u00e4ning och taktik, slagguider, fitnessinsikter, turneringsbevakning, livsstilsartiklar och spelarhistorier f\u00f6r padelentusiaster v\u00e4rlden \u00f6ver.\",\"email\":\"thepracticapadel@gmail.com\",\"foundingDate\":\"2025-05-30\",\"numberOfEmployees\":{\"@type\":\"QuantitativeValue\",\"minValue\":\"1\",\"maxValue\":\"10\"}},{\"@type\":\"Person\",\"@id\":\"https:\\\/\\\/practicapadel.com\\\/sv\\\/#\\\/schema\\\/person\\\/af64f7b6f369d9f8143409566a9a8666\",\"name\":\"Practica Padel Team\",\"image\":{\"@type\":\"ImageObject\",\"inLanguage\":\"sv-SE\",\"@id\":\"https:\\\/\\\/secure.gravatar.com\\\/avatar\\\/5b00b8a0294a5ffc79b628cac1f1bedf7802f97bc10a75d3c2065bfb3e5d55d7?s=96&d=mm&r=g\",\"url\":\"https:\\\/\\\/secure.gravatar.com\\\/avatar\\\/5b00b8a0294a5ffc79b628cac1f1bedf7802f97bc10a75d3c2065bfb3e5d55d7?s=96&d=mm&r=g\",\"contentUrl\":\"https:\\\/\\\/secure.gravatar.com\\\/avatar\\\/5b00b8a0294a5ffc79b628cac1f1bedf7802f97bc10a75d3c2065bfb3e5d55d7?s=96&d=mm&r=g\",\"caption\":\"Practica Padel Team\"},\"description\":\"Specialists in curating insights from padel coaches, professional players, and trusted reviewers. Our goal is to make expert knowledge easy to understand and accessible for every player.\",\"sameAs\":[\"http:\\\/\\\/practicapadel.com\"],\"knowsAbout\":[\"Padel racket reviews\",\"Padel training\",\"Sports journalism\",\"Equipment analysis\",\"Data structuring\",\"Knowledge curation\",\"PHP\",\"Javascript\",\"Webdesign\"],\"knowsLanguage\":[\"Danish\",\"English\",\"French\",\"German\",\"Italian\",\"Spanish\",\"Swedish\",\"Dutch\",\"Greek\",\"Norwegian (Bokm\u00e5l)\",\"Polish\",\"Portuguese\",\"Estonian\",\"Finnish\"],\"jobTitle\":\"Editorial Team\",\"worksFor\":\"Practica Padel\",\"url\":\"https:\\\/\\\/practicapadel.com\\\/sv\\\/author\\\/practica-padel-team\\\/\"}]}<\/script>\n<!-- \/ Yoast SEO Premium plugin. -->","yoast_head_json":{"title":"Fernando Belasteguin om padelns utveckling globala tillv\u00e4xt och framtid","description":"Uppt\u00e4ck Fernando Belastegu\u00edns unika insikter om att anpassa sig till padelns utveckling, global tillv\u00e4xt och vad som v\u00e4ntar sporten i USA och v\u00e4rlden.","robots":{"index":"index","follow":"follow","max-snippet":"max-snippet:-1","max-image-preview":"max-image-preview:large","max-video-preview":"max-video-preview:-1"},"canonical":"https:\/\/practicapadel.com\/sv\/intervjuer-med-proffsspelare\/fernando-belasteguin-anpassa-forma-padelns-globala-framtid\/","og_locale":"sv_SE","og_type":"article","og_title":"Fernando Belastegu\u00edn om att anpassa sig och forma padelns globala framtid","og_description":"Uppt\u00e4ck Fernando Belastegu\u00edns unika insikter om att anpassa sig till padelns utveckling, global tillv\u00e4xt och vad som v\u00e4ntar sporten i USA och v\u00e4rlden.","og_url":"https:\/\/practicapadel.com\/sv\/intervjuer-med-proffsspelare\/fernando-belasteguin-anpassa-forma-padelns-globala-framtid\/","og_site_name":"Practica Padel","article_published_time":"2026-01-27T19:26:26+00:00","article_modified_time":"2026-01-27T19:52:04+00:00","og_image":[{"width":1200,"height":900,"url":"https:\/\/practicapadel.com\/wp-content\/uploads\/2026\/01\/fernando-belasteguin-padel-legendar.png","type":"image\/png"}],"author":"Practica Padel Team","twitter_card":"summary_large_image","twitter_misc":{"Skriven av":"Practica Padel Team","Ber\u00e4knad l\u00e4stid":"6 minuter"},"schema":{"@context":"https:\/\/schema.org","@graph":[{"@type":"Article","@id":"https:\/\/practicapadel.com\/sv\/intervjuer-med-proffsspelare\/fernando-belasteguin-anpassa-forma-padelns-globala-framtid\/#article","isPartOf":{"@id":"https:\/\/practicapadel.com\/sv\/intervjuer-med-proffsspelare\/fernando-belasteguin-anpassa-forma-padelns-globala-framtid\/"},"author":{"name":"Practica Padel Team","@id":"https:\/\/practicapadel.com\/sv\/#\/schema\/person\/af64f7b6f369d9f8143409566a9a8666"},"headline":"Fernando Belastegu\u00edn om att anpassa sig och forma padelns globala framtid","datePublished":"2026-01-27T19:26:26+00:00","dateModified":"2026-01-27T19:52:04+00:00","mainEntityOfPage":{"@id":"https:\/\/practicapadel.com\/sv\/intervjuer-med-proffsspelare\/fernando-belasteguin-anpassa-forma-padelns-globala-framtid\/"},"wordCount":1239,"publisher":{"@id":"https:\/\/practicapadel.com\/sv\/#organization"},"image":{"@id":"https:\/\/practicapadel.com\/sv\/intervjuer-med-proffsspelare\/fernando-belasteguin-anpassa-forma-padelns-globala-framtid\/#primaryimage"},"thumbnailUrl":"https:\/\/practicapadel.com\/wp-content\/uploads\/2026\/01\/fernando-belasteguin-padel-legendar.png","articleSection":["Intervjuer med proffsspelare"],"inLanguage":"sv-SE"},{"@type":"WebPage","@id":"https:\/\/practicapadel.com\/sv\/intervjuer-med-proffsspelare\/fernando-belasteguin-anpassa-forma-padelns-globala-framtid\/","url":"https:\/\/practicapadel.com\/sv\/intervjuer-med-proffsspelare\/fernando-belasteguin-anpassa-forma-padelns-globala-framtid\/","name":"Fernando Belasteguin om padelns utveckling globala tillv\u00e4xt och framtid","isPartOf":{"@id":"https:\/\/practicapadel.com\/sv\/#website"},"primaryImageOfPage":{"@id":"https:\/\/practicapadel.com\/sv\/intervjuer-med-proffsspelare\/fernando-belasteguin-anpassa-forma-padelns-globala-framtid\/#primaryimage"},"image":{"@id":"https:\/\/practicapadel.com\/sv\/intervjuer-med-proffsspelare\/fernando-belasteguin-anpassa-forma-padelns-globala-framtid\/#primaryimage"},"thumbnailUrl":"https:\/\/practicapadel.com\/wp-content\/uploads\/2026\/01\/fernando-belasteguin-padel-legendar.png","datePublished":"2026-01-27T19:26:26+00:00","dateModified":"2026-01-27T19:52:04+00:00","description":"Uppt\u00e4ck Fernando Belastegu\u00edns unika insikter om att anpassa sig till padelns utveckling, global tillv\u00e4xt och vad som v\u00e4ntar sporten i USA och v\u00e4rlden.","breadcrumb":{"@id":"https:\/\/practicapadel.com\/sv\/intervjuer-med-proffsspelare\/fernando-belasteguin-anpassa-forma-padelns-globala-framtid\/#breadcrumb"},"inLanguage":"sv-SE","potentialAction":[{"@type":"ReadAction","target":["https:\/\/practicapadel.com\/sv\/intervjuer-med-proffsspelare\/fernando-belasteguin-anpassa-forma-padelns-globala-framtid\/"]}]},{"@type":"ImageObject","inLanguage":"sv-SE","@id":"https:\/\/practicapadel.com\/sv\/intervjuer-med-proffsspelare\/fernando-belasteguin-anpassa-forma-padelns-globala-framtid\/#primaryimage","url":"https:\/\/practicapadel.com\/wp-content\/uploads\/2026\/01\/fernando-belasteguin-padel-legendar.png","contentUrl":"https:\/\/practicapadel.com\/wp-content\/uploads\/2026\/01\/fernando-belasteguin-padel-legendar.png","width":1200,"height":900,"caption":"fernando belasteguin padel legendar"},{"@type":"BreadcrumbList","@id":"https:\/\/practicapadel.com\/sv\/intervjuer-med-proffsspelare\/fernando-belasteguin-anpassa-forma-padelns-globala-framtid\/#breadcrumb","itemListElement":[{"@type":"ListItem","position":1,"name":"Hem","item":"https:\/\/practicapadel.com\/sv\/"},{"@type":"ListItem","position":2,"name":"Intervjuer med proffsspelare","item":"https:\/\/practicapadel.com\/sv\/kategori\/intervjuer-med-proffsspelare\/"},{"@type":"ListItem","position":3,"name":"Fernando Belastegu\u00edn om att anpassa sig och forma padelns globala framtid"}]},{"@type":"WebSite","@id":"https:\/\/practicapadel.com\/sv\/#website","url":"https:\/\/practicapadel.com\/sv\/","name":"Practica Padel","description":"Din kompletta k\u00e4lla f\u00f6r padelutrustning, tr\u00e4ning och spelarinsikterDin kompletta k\u00e4lla f\u00f6r padelutrustning, tr\u00e4ning och spelarinsikter","publisher":{"@id":"https:\/\/practicapadel.com\/sv\/#organization"},"potentialAction":[{"@type":"SearchAction","target":{"@type":"EntryPoint","urlTemplate":"https:\/\/practicapadel.com\/sv\/?s={search_term_string}"},"query-input":{"@type":"PropertyValueSpecification","valueRequired":true,"valueName":"search_term_string"}}],"inLanguage":"sv-SE"},{"@type":"Organization","@id":"https:\/\/practicapadel.com\/sv\/#organization","name":"Practica Padel","url":"https:\/\/practicapadel.com\/sv\/","logo":{"@type":"ImageObject","inLanguage":"sv-SE","@id":"https:\/\/practicapadel.com\/sv\/#\/schema\/logo\/image\/","url":"https:\/\/practicapadel.com\/wp-content\/uploads\/2025\/08\/practica-padel-695x695-1.png","contentUrl":"https:\/\/practicapadel.com\/wp-content\/uploads\/2025\/08\/practica-padel-695x695-1.png","width":695,"height":695,"caption":"Practica Padel"},"image":{"@id":"https:\/\/practicapadel.com\/sv\/#\/schema\/logo\/image\/"},"description":"Practica Padel \u00e4r en expertbaserad digital tidning dedikerad till padel. Vi erbjuder p\u00e5litliga racketrecensioner, tr\u00e4ning och taktik, slagguider, fitnessinsikter, turneringsbevakning, livsstilsartiklar och spelarhistorier f\u00f6r padelentusiaster v\u00e4rlden \u00f6ver.","email":"thepracticapadel@gmail.com","foundingDate":"2025-05-30","numberOfEmployees":{"@type":"QuantitativeValue","minValue":"1","maxValue":"10"}},{"@type":"Person","@id":"https:\/\/practicapadel.com\/sv\/#\/schema\/person\/af64f7b6f369d9f8143409566a9a8666","name":"Practica Padel Team","image":{"@type":"ImageObject","inLanguage":"sv-SE","@id":"https:\/\/secure.gravatar.com\/avatar\/5b00b8a0294a5ffc79b628cac1f1bedf7802f97bc10a75d3c2065bfb3e5d55d7?s=96&d=mm&r=g","url":"https:\/\/secure.gravatar.com\/avatar\/5b00b8a0294a5ffc79b628cac1f1bedf7802f97bc10a75d3c2065bfb3e5d55d7?s=96&d=mm&r=g","contentUrl":"https:\/\/secure.gravatar.com\/avatar\/5b00b8a0294a5ffc79b628cac1f1bedf7802f97bc10a75d3c2065bfb3e5d55d7?s=96&d=mm&r=g","caption":"Practica Padel Team"},"description":"Specialists in curating insights from padel coaches, professional players, and trusted reviewers. Our goal is to make expert knowledge easy to understand and accessible for every player.","sameAs":["http:\/\/practicapadel.com"],"knowsAbout":["Padel racket reviews","Padel training","Sports journalism","Equipment analysis","Data structuring","Knowledge curation","PHP","Javascript","Webdesign"],"knowsLanguage":["Danish","English","French","German","Italian","Spanish","Swedish","Dutch","Greek","Norwegian (Bokm\u00e5l)","Polish","Portuguese","Estonian","Finnish"],"jobTitle":"Editorial Team","worksFor":"Practica Padel","url":"https:\/\/practicapadel.com\/sv\/author\/practica-padel-team\/"}]}},"_links":{"self":[{"href":"https:\/\/practicapadel.com\/sv\/wp-json\/wp\/v2\/posts\/226277","targetHints":{"allow":["GET"]}}],"collection":[{"href":"https:\/\/practicapadel.com\/sv\/wp-json\/wp\/v2\/posts"}],"about":[{"href":"https:\/\/practicapadel.com\/sv\/wp-json\/wp\/v2\/types\/post"}],"author":[{"embeddable":true,"href":"https:\/\/practicapadel.com\/sv\/wp-json\/wp\/v2\/users\/1"}],"replies":[{"embeddable":true,"href":"https:\/\/practicapadel.com\/sv\/wp-json\/wp\/v2\/comments?post=226277"}],"version-history":[{"count":2,"href":"https:\/\/practicapadel.com\/sv\/wp-json\/wp\/v2\/posts\/226277\/revisions"}],"predecessor-version":[{"id":226459,"href":"https:\/\/practicapadel.com\/sv\/wp-json\/wp\/v2\/posts\/226277\/revisions\/226459"}],"wp:featuredmedia":[{"embeddable":true,"href":"https:\/\/practicapadel.com\/sv\/wp-json\/wp\/v2\/media\/226460"}],"wp:attachment":[{"href":"https:\/\/practicapadel.com\/sv\/wp-json\/wp\/v2\/media?parent=226277"}],"wp:term":[{"taxonomy":"category","embeddable":true,"href":"https:\/\/practicapadel.com\/sv\/wp-json\/wp\/v2\/categories?post=226277"},{"taxonomy":"post_tag","embeddable":true,"href":"https:\/\/practicapadel.com\/sv\/wp-json\/wp\/v2\/tags?post=226277"},{"taxonomy":"youtube-channel","embeddable":true,"href":"https:\/\/practicapadel.com\/sv\/wp-json\/wp\/v2\/youtube-channel?post=226277"}],"curies":[{"name":"wp","href":"https:\/\/api.w.org\/{rel}","templated":true}]}}